{"id":65781,"date":"2023-06-07T11:36:03","date_gmt":"2023-06-07T14:36:03","guid":{"rendered":"https:\/\/corrientesdetarde.com\/?p=65781"},"modified":"2023-06-07T11:36:26","modified_gmt":"2023-06-07T14:36:26","slug":"karina-jelinek-se-separo-de-flor-parise-mejor-sola-que-mal-acompanada","status":"publish","type":"post","link":"https:\/\/corrientesdetarde.com\/index.php\/espectaculos\/karina-jelinek-se-separo-de-flor-parise-mejor-sola-que-mal-acompanada\/","title":{"rendered":"Karina Jelinek se separ\u00f3 de Flor Parise: \u201cMejor sola que mal acompa\u00f1ada\u201d"},"content":{"rendered":"\n<p>Luego de muchas especulaciones la modelo hab\u00eda confirmado su noviazgo durante el verano, sin embargo anunci\u00f3 que lleg\u00f3 a su fin.<\/p>\n\n\n\n<p><strong>Karina Jelinek<\/strong>&nbsp;anunci\u00f3 que se separ\u00f3 de su novia,&nbsp;<strong>Flor Parise<\/strong>. La modelo llevaba varios a\u00f1os en pareja, sin embargo hab\u00eda blanqueado su relaci\u00f3n en febrero de este a\u00f1o.<\/p>\n\n\n\n<p>La modelo reapareci\u00f3 en sus redes sociales tras mucho tiempo de ausencia y se dirigi\u00f3 a sus seguidores.&nbsp;<strong>\u201cAparec\u00ed, perd\u00f3n, amores. Me pasaron cosas, como a todo el mundo\u201d<\/strong>, expres\u00f3 Karina.&nbsp;<\/p>\n\n\n\n<p>Para ponerse al d\u00eda con sus seguidores, Karina decidi\u00f3 responder las preguntas que ellos le hac\u00edan y le consultaron si estaba soltera.&nbsp;<strong>\u201cS\u00ed, hace rato\u201d<\/strong>, confirm\u00f3 la modelo y fue contundente:&nbsp;<strong>\u201cSoltera y tranquila\u201d<\/strong>.<\/p>\n\n\n\n<p>Adem\u00e1s, le consultaron sobre si saldr\u00eda esa noche y Karina aprovech\u00f3 para atacar a su ex:&nbsp;<strong>\u201cMe quedo en casa con mi perrita, Coco. Mejor sola que mal acompa\u00f1ada\u201d<\/strong>. Adem\u00e1s, la actriz elimin\u00f3 todas las fotos que ten\u00eda con Flor en su cuenta de Instagram.&nbsp;<\/p>\n\n\n\n<figure class=\"wp-block-image\"><img decoding=\"async\" src=\"https:\/\/noticiasargentinas.com\/images\/NA\/Contenidos\/karinajelinek.webp\" alt=\"karinajelinek\"\/><\/figure>\n\n\n\n<h2 class=\"wp-block-heading\">Los posibles motivos de la separaci\u00f3n de Karina Jelinek y Flor Parise<\/h2>\n\n\n\n<p>Luego de que Karina confirmara su separaci\u00f3n, comenzaron las especulaciones sobre los motivos. La ruptura entre las modelos tom\u00f3 por sorpresa a los seguidores de Karina ya que hace poco se hab\u00edan mostrado juntas en fotograf\u00edas.&nbsp;<\/p>\n\n\n\n<p><strong>\u201cHace poco ella hab\u00eda blanqueado su relaci\u00f3n con Florencia mostr\u00e1ndose a los besos en el cumplea\u00f1os de Bel\u00e9n Francese\u201d<\/strong>, explic\u00f3&nbsp;<strong>Pampito<\/strong>&nbsp;en&nbsp;<em>\u2018Ma\u00f1anisima\u2019<\/em>.&nbsp;<strong>\u201cHace muy poquitos d\u00edas esta relaci\u00f3n aparentemente termin\u00f3 y se supo porque ella contest\u00f3 preguntas y respuestas de sus seguidores\u201d<\/strong>, a\u00f1adi\u00f3 el periodista.&nbsp;<\/p>\n\n\n\n<p>Sin embargo, aseguran que los motivos de la ruptura entre Karina y Flor fueron los celos.&nbsp;<strong>\u201cA m\u00ed lo que me dijeron es que se celan mucho\u201d<\/strong>, asegur\u00f3&nbsp;<strong>Estefi Berardi<\/strong>&nbsp;y Pampito precis\u00f3:&nbsp;<strong>\u201cS\u00ed, sobre todo Flor\u201d<\/strong>.&nbsp;<\/p>\n\n\n\n<p>La periodista aclar\u00f3 que Karina y Flor ten\u00edan reglas dentro de su relaci\u00f3n, pero aun as\u00ed exist\u00edan los celos.&nbsp;<strong>\u201cEllas ten\u00edan un acuerdo en la pareja como que hab\u00edan cosas que estaban permitidas y cosas que no. Dentro de esa libertad que estaba hablada, igual se celaban\u201d<\/strong>, explic\u00f3.<\/p>\n","protected":false},"excerpt":{"rendered":"<p>Luego de muchas especulaciones la modelo hab\u00eda confirmado su noviazgo durante el verano, sin embargo anunci\u00f3 que lleg\u00f3 a su fin. Karina Jelinek&nbsp;anunci\u00f3 que se separ\u00f3 de su novia,&nbsp;Flor Parise.&hellip; <\/p>\n","protected":false},"author":4,"featured_media":65786,"comment_status":"closed","ping_status":"open","sticky":false,"template":"","format":"standard","meta":{"footnotes":""},"categories":[19],"tags":[],"class_list":["post-65781","post","type-post","status-publish","format-standard","has-post-thumbnail","hentry","category-espectaculos"],"_links":{"self":[{"href":"https:\/\/corrientesdetarde.com\/index.php\/wp-json\/wp\/v2\/posts\/65781","targetHints":{"allow":["GET"]}}],"collection":[{"href":"https:\/\/corrientesdetarde.com\/index.php\/wp-json\/wp\/v2\/posts"}],"about":[{"href":"https:\/\/corrientesdetarde.com\/index.php\/wp-json\/wp\/v2\/types\/post"}],"author":[{"embeddable":true,"href":"https:\/\/corrientesdetarde.com\/index.php\/wp-json\/wp\/v2\/users\/4"}],"replies":[{"embeddable":true,"href":"https:\/\/corrientesdetarde.com\/index.php\/wp-json\/wp\/v2\/comments?post=65781"}],"version-history":[{"count":1,"href":"https:\/\/corrientesdetarde.com\/index.php\/wp-json\/wp\/v2\/posts\/65781\/revisions"}],"predecessor-version":[{"id":65787,"href":"https:\/\/corrientesdetarde.com\/index.php\/wp-json\/wp\/v2\/posts\/65781\/revisions\/65787"}],"wp:featuredmedia":[{"embeddable":true,"href":"https:\/\/corrientesdetarde.com\/index.php\/wp-json\/wp\/v2\/media\/65786"}],"wp:attachment":[{"href":"https:\/\/corrientesdetarde.com\/index.php\/wp-json\/wp\/v2\/media?parent=65781"}],"wp:term":[{"taxonomy":"category","embeddable":true,"href":"https:\/\/corrientesdetarde.com\/index.php\/wp-json\/wp\/v2\/categories?post=65781"},{"taxonomy":"post_tag","embeddable":true,"href":"https:\/\/corrientesdetarde.com\/index.php\/wp-json\/wp\/v2\/tags?post=65781"}],"curies":[{"name":"wp","href":"https:\/\/api.w.org\/{rel}","templated":true}]}}