{"id":65783,"date":"2023-06-07T11:59:10","date_gmt":"2023-06-07T14:59:10","guid":{"rendered":"https:\/\/corrientesdetarde.com\/?p=65783"},"modified":"2023-06-07T11:59:13","modified_gmt":"2023-06-07T14:59:13","slug":"jardineros-del-colegio-informatico-homenajearon-a-los-periodistas-en-su-dia","status":"publish","type":"post","link":"https:\/\/corrientesdetarde.com\/index.php\/locales\/jardineros-del-colegio-informatico-homenajearon-a-los-periodistas-en-su-dia\/","title":{"rendered":"Jardineros del Colegio Inform\u00e1tico homenajearon a los periodistas en su d\u00eda"},"content":{"rendered":"\n<p>En el marco del D\u00eda del Periodista, alumnos del Nivel Inicial del Colegio Inform\u00e1tico visitaron la Direcci\u00f3n de Informaci\u00f3n P\u00fablica, ubicada en Casa de Gobierno, donde en Redacci\u00f3n se realiza diariamente la difusi\u00f3n sobre los actos del Ejecutivo Provincial.<\/p>\n\n\n\n<p>En la ocasi\u00f3n, visitaron la Redacci\u00f3n los jardineros de Sala de 5 a\u00f1os \u201cA\u201d y \u201cB\u201d, que estuvieron acompa\u00f1ados de docentes, y directivos.<\/p>\n\n\n\n<figure class=\"wp-block-image size-large\"><img loading=\"lazy\" decoding=\"async\" width=\"1024\" height=\"569\" src=\"https:\/\/corrientesdetarde.com\/wp-content\/uploads\/2023\/06\/Captura-de-pantalla-2023-06-07-115225-1024x569.png\" alt=\"\" class=\"wp-image-65794\" srcset=\"https:\/\/corrientesdetarde.com\/wp-content\/uploads\/2023\/06\/Captura-de-pantalla-2023-06-07-115225-1024x569.png 1024w, https:\/\/corrientesdetarde.com\/wp-content\/uploads\/2023\/06\/Captura-de-pantalla-2023-06-07-115225-300x167.png 300w, https:\/\/corrientesdetarde.com\/wp-content\/uploads\/2023\/06\/Captura-de-pantalla-2023-06-07-115225-768x427.png 768w, https:\/\/corrientesdetarde.com\/wp-content\/uploads\/2023\/06\/Captura-de-pantalla-2023-06-07-115225-1536x854.png 1536w, https:\/\/corrientesdetarde.com\/wp-content\/uploads\/2023\/06\/Captura-de-pantalla-2023-06-07-115225.png 1544w\" sizes=\"auto, (max-width: 1024px) 100vw, 1024px\" \/><\/figure>\n\n\n\n<p>A modo de homenaje los peque\u00f1os alumnos les obsequiaron a los periodistas carteles donde dibujaron a trabajadores de prensa realizando distintas funciones de la profesi\u00f3n; y por \u00faltimo los peque\u00f1os relataron una poes\u00eda.<\/p>\n\n\n\n<p>Adem\u00e1s, la Instituci\u00f3n les brind\u00f3 a los periodistas un certificado de reconocimiento para aquellos que \u201cconstruyen gratamente su vocaci\u00f3n y servicio\u201d.<\/p>\n","protected":false},"excerpt":{"rendered":"<p>En el marco del D\u00eda del Periodista, alumnos del Nivel Inicial del Colegio Inform\u00e1tico visitaron la Direcci\u00f3n de Informaci\u00f3n P\u00fablica, ubicada en Casa de Gobierno, donde en Redacci\u00f3n se realiza&hellip; <\/p>\n","protected":false},"author":4,"featured_media":65793,"comment_status":"closed","ping_status":"open","sticky":false,"template":"","format":"standard","meta":{"footnotes":""},"categories":[8],"tags":[],"class_list":["post-65783","post","type-post","status-publish","format-standard","has-post-thumbnail","hentry","category-locales"],"_links":{"self":[{"href":"https:\/\/corrientesdetarde.com\/index.php\/wp-json\/wp\/v2\/posts\/65783","targetHints":{"allow":["GET"]}}],"collection":[{"href":"https:\/\/corrientesdetarde.com\/index.php\/wp-json\/wp\/v2\/posts"}],"about":[{"href":"https:\/\/corrientesdetarde.com\/index.php\/wp-json\/wp\/v2\/types\/post"}],"author":[{"embeddable":true,"href":"https:\/\/corrientesdetarde.com\/index.php\/wp-json\/wp\/v2\/users\/4"}],"replies":[{"embeddable":true,"href":"https:\/\/corrientesdetarde.com\/index.php\/wp-json\/wp\/v2\/comments?post=65783"}],"version-history":[{"count":1,"href":"https:\/\/corrientesdetarde.com\/index.php\/wp-json\/wp\/v2\/posts\/65783\/revisions"}],"predecessor-version":[{"id":65795,"href":"https:\/\/corrientesdetarde.com\/index.php\/wp-json\/wp\/v2\/posts\/65783\/revisions\/65795"}],"wp:featuredmedia":[{"embeddable":true,"href":"https:\/\/corrientesdetarde.com\/index.php\/wp-json\/wp\/v2\/media\/65793"}],"wp:attachment":[{"href":"https:\/\/corrientesdetarde.com\/index.php\/wp-json\/wp\/v2\/media?parent=65783"}],"wp:term":[{"taxonomy":"category","embeddable":true,"href":"https:\/\/corrientesdetarde.com\/index.php\/wp-json\/wp\/v2\/categories?post=65783"},{"taxonomy":"post_tag","embeddable":true,"href":"https:\/\/corrientesdetarde.com\/index.php\/wp-json\/wp\/v2\/tags?post=65783"}],"curies":[{"name":"wp","href":"https:\/\/api.w.org\/{rel}","templated":true}]}}