{"id":65811,"date":"2023-06-07T12:46:20","date_gmt":"2023-06-07T15:46:20","guid":{"rendered":"https:\/\/corrientesdetarde.com\/?p=65811"},"modified":"2023-06-07T12:46:24","modified_gmt":"2023-06-07T15:46:24","slug":"perucho-cassani-este-domingo-elegimos-el-modelo-del-desarrollo-y-crecimiento","status":"publish","type":"post","link":"https:\/\/corrientesdetarde.com\/index.php\/politica\/perucho-cassani-este-domingo-elegimos-el-modelo-del-desarrollo-y-crecimiento\/","title":{"rendered":"\u201cPerucho\u201d Cassani: \u201ceste domingo elegimos el modelo del desarrollo y crecimiento\u201d"},"content":{"rendered":"\n<p><strong>El candidato en primer t\u00e9rmino de ECO + Vamos Corrientes \u201cPerucho\u201d Cassani destac\u00f3 desde la costa del r\u00edo Uruguay la importancia de ser \u201cprotagonistas activos\u201d de las transformaciones que a\u00fan faltan concretar. &#8220;Es en paz, libertad y esperanza&#8221;, afirm\u00f3.\u00a0<\/strong><\/p>\n\n\n\n<p>\u201cEl domingo a la noche, conocidos los resultados de la elecci\u00f3n, estaremos diciendo a toda la Argentina que en Corrientes, en la tierra de San Mart\u00edn, del Sargento Cabral, con el manto\u00a0\u00a0de la Virgen de Itat\u00ed y los Ex Combatientes de Malvinas le estaremos diciendo a toda la Argentina que vamos tambi\u00e9n por el Gobierno Nacional\u201d, dijo \u201cPerucho\u201d Cassani desde el gran acto desarrollado en Santo Tom\u00e9, con la presencia del gobernador Gustavo Vald\u00e9s, en la noche del martes.<\/p>\n\n\n\n<figure class=\"wp-block-image size-full\"><img loading=\"lazy\" decoding=\"async\" width=\"843\" height=\"768\" src=\"https:\/\/corrientesdetarde.com\/wp-content\/uploads\/2023\/06\/SANTO-TOME-MARTITA.jpg\" alt=\"\" class=\"wp-image-65813\" srcset=\"https:\/\/corrientesdetarde.com\/wp-content\/uploads\/2023\/06\/SANTO-TOME-MARTITA.jpg 843w, https:\/\/corrientesdetarde.com\/wp-content\/uploads\/2023\/06\/SANTO-TOME-MARTITA-300x273.jpg 300w, https:\/\/corrientesdetarde.com\/wp-content\/uploads\/2023\/06\/SANTO-TOME-MARTITA-768x700.jpg 768w\" sizes=\"auto, (max-width: 843px) 100vw, 843px\" \/><\/figure>\n\n\n\n<p>Desde ah\u00ed habl\u00f3 nuevamente del populismo \u2013representado en la actual gesti\u00f3n del gobierno nacional-, y traz\u00f3 comparaciones con \u201cel modelo de crecimiento y desarrollo de Corrientes; una provincia en paz, que es ejemplo para toda la Naci\u00f3n, de c\u00f3mo gobernar\u201d, dijo para citar que ECO + Vamos Corrientes posicion\u00f3 a Corrientes en los primeros lugares de producci\u00f3n, industrializaci\u00f3n y modernizaci\u00f3n.<\/p>\n\n\n\n<p>Previo al acto junto a los dem\u00e1s candidatos a legisladores provinciales y municipales, el l\u00edder de Eli se reuni\u00f3 con los dirigentes de Santo Tom\u00e9 encabezados por Marta Soto, candidata a concejal, donde solicit\u00f3 reforzar el di\u00e1logo con los vecinos para contarle los logros de la alianza gobernante, tambi\u00e9n esta ciudad.<\/p>\n\n\n\n<p>En la ma\u00f1ana de este mi\u00e9rcoles 7, en tanto, el encuentro fue con la dirigencia de Virasoro, donde reiter\u00f3 el concepto de la \u201cpaz social\u201d alcanzada en la provincia \u2013luego de \u00e9pocas tormentosas-&nbsp;&nbsp;y la defensa irrestricta de las ideas de la libertad. \u201cHablar de industrializaci\u00f3n en Corrientes hace una d\u00e9cada era como un sue\u00f1o, casi inalcanzable. Hoy es realidad\u201d, manifest\u00f3 ante los virasore\u00f1os.<\/p>\n\n\n\n<p>En coincidencia con el d\u00eda del Periodista, el presidente de la c\u00e1mara de Diputados renov\u00f3 su compromiso ante la prensa de defender la libertad de expresi\u00f3n y en di\u00e1logo con diferentes medios, sostuvo que \u201cel periodismo es el puente m\u00e1s directo que tienen los ciudadanos con quienes los representan\u201d.<\/p>\n\n\n\n<p>Ante distintos espacios radiales de todo el territorio provincial, remarc\u00f3 que tiene las mejores expectativas para el domingo. \u201cYo creo que vamos a hacer una muy buena elecci\u00f3n. Creo que gran parte de los correntinos&nbsp;&nbsp;vamos terminar ratificando de manera entusiasta&nbsp;&nbsp;este modelo que hoy lo&nbsp;&nbsp;presenta claramente el gobernador Gustavo Vald\u00e9s. Lo sentimos y as\u00ed nos hacen saber, los ciudadanos en cada encuentro\u2026\u201d, cit\u00f3 para referirse a la recorrida que est\u00e1 realizando, la cual finaliza con el acto de cierre en capital, este jueves.<\/p>\n","protected":false},"excerpt":{"rendered":"<p>El candidato en primer t\u00e9rmino de ECO + Vamos Corrientes \u201cPerucho\u201d Cassani destac\u00f3 desde la costa del r\u00edo Uruguay la importancia de ser \u201cprotagonistas activos\u201d de las transformaciones que a\u00fan&hellip; <\/p>\n","protected":false},"author":4,"featured_media":65812,"comment_status":"closed","ping_status":"open","sticky":false,"template":"","format":"standard","meta":{"footnotes":""},"categories":[3],"tags":[],"class_list":["post-65811","post","type-post","status-publish","format-standard","has-post-thumbnail","hentry","category-politica"],"_links":{"self":[{"href":"https:\/\/corrientesdetarde.com\/index.php\/wp-json\/wp\/v2\/posts\/65811","targetHints":{"allow":["GET"]}}],"collection":[{"href":"https:\/\/corrientesdetarde.com\/index.php\/wp-json\/wp\/v2\/posts"}],"about":[{"href":"https:\/\/corrientesdetarde.com\/index.php\/wp-json\/wp\/v2\/types\/post"}],"author":[{"embeddable":true,"href":"https:\/\/corrientesdetarde.com\/index.php\/wp-json\/wp\/v2\/users\/4"}],"replies":[{"embeddable":true,"href":"https:\/\/corrientesdetarde.com\/index.php\/wp-json\/wp\/v2\/comments?post=65811"}],"version-history":[{"count":1,"href":"https:\/\/corrientesdetarde.com\/index.php\/wp-json\/wp\/v2\/posts\/65811\/revisions"}],"predecessor-version":[{"id":65814,"href":"https:\/\/corrientesdetarde.com\/index.php\/wp-json\/wp\/v2\/posts\/65811\/revisions\/65814"}],"wp:featuredmedia":[{"embeddable":true,"href":"https:\/\/corrientesdetarde.com\/index.php\/wp-json\/wp\/v2\/media\/65812"}],"wp:attachment":[{"href":"https:\/\/corrientesdetarde.com\/index.php\/wp-json\/wp\/v2\/media?parent=65811"}],"wp:term":[{"taxonomy":"category","embeddable":true,"href":"https:\/\/corrientesdetarde.com\/index.php\/wp-json\/wp\/v2\/categories?post=65811"},{"taxonomy":"post_tag","embeddable":true,"href":"https:\/\/corrientesdetarde.com\/index.php\/wp-json\/wp\/v2\/tags?post=65811"}],"curies":[{"name":"wp","href":"https:\/\/api.w.org\/{rel}","templated":true}]}}