{"id":65862,"date":"2023-06-07T14:38:11","date_gmt":"2023-06-07T17:38:11","guid":{"rendered":"https:\/\/corrientesdetarde.com\/?p=65862"},"modified":"2023-06-07T14:38:15","modified_gmt":"2023-06-07T17:38:15","slug":"en-la-semana-del-ambiente-tassano-inauguro-el-14o-punto-verde-en-la-delegacion-madariaga","status":"publish","type":"post","link":"https:\/\/corrientesdetarde.com\/index.php\/medio-ambiente\/en-la-semana-del-ambiente-tassano-inauguro-el-14o-punto-verde-en-la-delegacion-madariaga\/","title":{"rendered":"En la Semana del Ambiente, Tassano inaugur\u00f3 el 14\u00ba Punto Verde en la delegaci\u00f3n Madariaga"},"content":{"rendered":"\n<p><em>\u201cSiempre estamos dando un paso m\u00e1s en nuestra lucha por el cambio clim\u00e1tico y por una ciudad m\u00e1s limpia\u201d, indic\u00f3 el intendente al habilitar este mi\u00e9rcoles el nuevo contenedor para que los vecinos puedan hacer la diferenciaci\u00f3n de residuos domiciliarios. De esta manera, se ampl\u00eda a los barrios el radio de influencia para una actividad en pos de la protecci\u00f3n ambiental, el impulso a la econom\u00eda circular y la lucha contra el cambio clim\u00e1tico.<\/em><\/p>\n\n\n\n<p>El intendente Eduardo Tassano inaugur\u00f3 este mi\u00e9rcoles el 14\u00ba Punto Verde de la ciudad, que desde ahora funciona en el predio de la delegaci\u00f3n municipal Madariaga, ubicado en la zona del exhip\u00f3dromo de la ciudad.<br>La habilitaci\u00f3n de este nuevo espacio para la diferenciaci\u00f3n de residuos domiciliarios fue parte de las actividades programadas en la denominada Semana del Ambiente, organizadas de manera conjunta por la Municipalidad de Corrientes y el Gobierno provincial. El programa de eventos se inici\u00f3 el lunes pasado, en el D\u00eda Mundial del Medio Ambiente.<br>De esta manera, a partir de ahora se sum\u00f3 en la ciudad otro contenedor en el marco de una de las principales acciones b\u00e1sicas que impulsa el municipio en cuanto al cuidado del medioambiente y la lucha contra el cambio clim\u00e1tico.<br>En estos puntos verdes se puede colocar de manera separada pl\u00e1stico, vidrio y cart\u00f3n, para que luego sean recolectados por camiones especiales ya como elementos acopiados para el reciclaje y, de esa manera, continuar el circuito de la denominada econom\u00eda circular.<br>En este sentido, se destac\u00f3 que el programa municipal registra un crecimiento constante en la participaci\u00f3n de los vecinos, clave para la concientizaci\u00f3n ciudadana en materia ambiental y como base s\u00f3lida para transformar a Corrientes en una ciudad sustentable, uno de los ejes puntales de la gesti\u00f3n liderada por Tassano.<br>El anterior Punto Verde habilitado en la ciudad -el n\u00famero 13- se inaugur\u00f3 en la plaza del barrio San Jos\u00e9 Obrero (en el Pasaje Manuel Acevedo y la calle Gasc\u00f3n) durante un acto desarrollado el pasado 17 de mayo, en el marco del D\u00eda Mundial del Reciclaje.<br>Para esta inauguraci\u00f3n del Punto Verde 14, tambi\u00e9n asistieron el secretario de Ambiente y Desarrollo Sustentable municipal, Ignacio Maldonado Yonna; dem\u00e1s funcionarios municipales, concejales, representantes de las fundaciones \u201cManos Verdes\u201d y \u201cEmbajadores Verdes\u201d, de la cooperativa Santa Rita y \u201cCorrientes recicla\u201d, adem\u00e1s de promotores ambientales y vecinos en general.<br><br>TASSANO: \u201cLA ESTRATEGIA ES DAR PEQUE\u00d1OS PASOS\u201d<br>\u201cEstamos dando siempre un paso m\u00e1s en nuestra lucha por el cambio clim\u00e1tico y por una ciudad m\u00e1s limpia\u201d, resumi\u00f3 el intendente durante la inauguraci\u00f3n.<br>En este sentido, indic\u00f3 que \u201cvamos ampliando en la ciudad el trabajo con los puntos verdes y la eliminaci\u00f3n de minibasurales (para reemplazarlos por espacios verdes y entronizaci\u00f3n de im\u00e1genes religiosas), en lo que ya llegamos al caso n\u00famero 112\u201d, record\u00f3.<br>\u201cAspiramos a una recolecci\u00f3n diferencia de residuos en toda la ciudad, lo cual llevar\u00e1 un tiempo y hoy continuamos haci\u00e9ndolos con muy buenos resultados en el centro. Pero tambi\u00e9n, con estos puntos verdes concientizamos, separamos el vidrio, cart\u00f3n y pl\u00e1stico, lo cual va generando tambi\u00e9n el inter\u00e9s de algunas empresas para trabajar en el reciclado. En ese sentido, vamos por el buen camino\u201d, subray\u00f3.<br>Tassano resalt\u00f3 tambi\u00e9n que estas acciones municipales \u201cno solo derivan en un impulso a la econom\u00eda circular, sino que se articulan con nuestro lugar de disposici\u00f3n final, en Laguna Brava, con la posibilidad de depositar residuos domiciliarios, pero ya sin pl\u00e1stico, cart\u00f3n, vidrio, madera ni electr\u00f3nicos, lo cual genera una mayor durabilidad del predio\u201d, advirti\u00f3.<br>Asimismo, Tassano adelant\u00f3 que \u201ctambi\u00e9n estamos avanzando en un programa para el funcionamiento de una planta separadora de residuos en esa zona, sistema que nos permitir\u00e1 separar en origen, como lo estamos haciendo en una primera etapa, y luego podremos separarlos en el destino final, mientras vamos avanzando en la recolecci\u00f3n diferenciada en toda la ciudad\u201d.<br>\u201cEn la Semana del Ambiente, este es un paso m\u00e1s\u201d, remarc\u00f3 el intendente.<br>Al respecto, adelant\u00f3 que este jueves \u201cvamos a inaugurar el primer edificio p\u00fablico con paneles solares, que estar\u00e1 en la Caja Municipal de Pr\u00e9stamos, lo cual es tambi\u00e9n otro peque\u00f1o paso m\u00e1s\u201d.<br>En esta l\u00ednea, se\u00f1al\u00f3 a continuaci\u00f3n que \u201cen la lucha contra el cambio clim\u00e1tico, la estrategia en el mundo es dar peque\u00f1os pasos en todas las \u00e1reas en que un pueda; no hay estrategia \u00fanica, sino acciones en donde uno pueda y como pueda, para dar su aporte y seguir concientizando\u201d.<br>Luego, Tassano valor\u00f3 el hecho de que \u201clos j\u00f3venes entienden muy bien todas estas acciones ambientales y tienen toda la expectativa depositada en el mundo mejor\u201d, marco en el que consider\u00f3 que \u201cnosotros debemos trabajar para dejarles el planeta en las mejores condiciones\u201d.<br>Finalmente, felicit\u00f3 al equipo municipal ambiental y anticip\u00f3 que \u201cya estamos pensando en el pr\u00f3ximo Punto Verde que habilitaremos y seguimos firmes con la eliminaci\u00f3n de minibasurales\u201d.<br><br>\u201cESTO NO SER\u00cdA POSIBLE SIN EL APOYO DE LOS VECINOS\u201d<br>\u201cEstamos en este nuevo Punto Verde, instalado junto a la Delegaci\u00f3n Madariaga, para poder brindar este servicio a los vecinos de los barrios Ex Hip\u00f3dromo, Ant\u00e1rtida Argentina y Ni\u00f1o Jes\u00fas y, a la vez, consolidando el corredor Avenida Ra\u00fal Alfons\u00edn con este Punto Verde, que trabaja en conjunto con el del barrio San Jos\u00e9, que inauguramos anteriormente a \u00e9ste, y con el del Mercado Zona Norte\u201d, describi\u00f3 por su parte el secretario de Ambiente y Desarrollo Sustentable municipal.<br>En el marco de la inauguraci\u00f3n, Maldonado Yonna hizo especial hincapi\u00e9 en la importancia de continuar generando acciones que deriven en un mayor grado de consciencia ambiental en la poblaci\u00f3n. \u201cEstamos en la Semana del Ambiente y, desde la Secretar\u00eda, nos propusimos generar diversas actividades para seguir fortaleciendo y concientizando, aprovechando justamente esta fecha de reflexi\u00f3n, para tratar de que cada vez m\u00e1s gente se sume al esquema de reciclaje, que se difunda m\u00e1s y as\u00ed seguir mejorando el ambiente\u201d, adujo.<br>Finalmente, el funcionario agradeci\u00f3 a la gente por sumarse a esta iniciativa: \u201cEsto no ser\u00eda posible sin el apoyo de los vecinos. Siempre acompa\u00f1amos, con los promotores ambientales, haciendo timbreos, trabajando con charlas educativas en las escuelas que est\u00e1n cercanas a los puntos verdes, para as\u00ed concientizar a los chicos y j\u00f3venes, como as\u00ed tambi\u00e9n a todos los vecinos de estas zonas, aprovechando al m\u00e1ximo esta herramienta\u201d, manifest\u00f3.<br><br>MAYOR COBERTURA BARRIAL<br>Con el funcionamiento del Punto Verde n\u00famero 14, se expande en la ciudad el radio de alcance de esta iniciativa municipal en materia ambiental. Como en los otros trece, el nuevo contenedor est\u00e1 perfectamente identificado y ofrece el dep\u00f3sito diferenciado de materiales reciclables como papeles, pl\u00e1sticos, metales o vidrios.<br>As\u00ed, el Punto Verde en la delegaci\u00f3n Madariaga se suma a los otros ya operativos en los parques Mitre (Alvear y Pil\u00fa G\u00f3mez) y Camb\u00e1 Cu\u00e1 (9 de Julio al 400); las plazas Torrent (Belgrano y Catamarca), Libertad (Yrigoyen y Per\u00fa), Vera (pasaje Agust\u00edn Gonz\u00e1lez); la plazoleta Evita (avenidas Sarmiento y Maip\u00fa); los barrios Mil Viviendas (Pedro Crespo y Cosqu\u00edn), Pirayu\u00ed (avenida Cuba entre Ojeda y Barrios), Laguna Seca (Larrea entre Las Piedras y Resoagli), San Mart\u00edn (P\u00edo XII y Dr. Carrillo), San Ger\u00f3nimo (avenida Laprida y Caracas), en la plazoleta Belgrano (avenida 3 de Abril entre Pago Largo y Lavalle) y en la plaza del barrio San Jos\u00e9 (Pasaje Manuel Acevedo y Gasc\u00f3n).<\/p>\n\n\n\n<figure class=\"wp-block-embed is-type-video is-provider-youtube wp-block-embed-youtube wp-embed-aspect-16-9 wp-has-aspect-ratio\"><div class=\"wp-block-embed__wrapper\">\n<iframe loading=\"lazy\" title=\"En la Semana del Ambiente, Tassano inaugur\u00f3 el 14\u00ba Punto Verde en la delegaci\u00f3n Madariaga\" width=\"1110\" height=\"624\" src=\"https:\/\/www.youtube.com\/embed\/-5I-B3l-zcg?feature=oembed\" frameborder=\"0\" allow=\"accelerometer; autoplay; clipboard-write; encrypted-media; gyroscope; picture-in-picture; web-share\" allowfullscreen><\/iframe>\n<\/div><\/figure>\n\n\n\n<figure class=\"wp-block-image size-large\"><img loading=\"lazy\" decoding=\"async\" width=\"1024\" height=\"684\" src=\"https:\/\/corrientesdetarde.com\/wp-content\/uploads\/2023\/06\/image-220-1024x684.png\" alt=\"\" class=\"wp-image-65864\" srcset=\"https:\/\/corrientesdetarde.com\/wp-content\/uploads\/2023\/06\/image-220-1024x684.png 1024w, https:\/\/corrientesdetarde.com\/wp-content\/uploads\/2023\/06\/image-220-300x200.png 300w, https:\/\/corrientesdetarde.com\/wp-content\/uploads\/2023\/06\/image-220-768x513.png 768w, https:\/\/corrientesdetarde.com\/wp-content\/uploads\/2023\/06\/image-220-1536x1025.png 1536w, https:\/\/corrientesdetarde.com\/wp-content\/uploads\/2023\/06\/image-220-2048x1367.png 2048w, https:\/\/corrientesdetarde.com\/wp-content\/uploads\/2023\/06\/image-220-272x182.png 272w\" sizes=\"auto, (max-width: 1024px) 100vw, 1024px\" \/><\/figure>\n\n\n\n<figure class=\"wp-block-image size-large\"><img loading=\"lazy\" decoding=\"async\" width=\"1024\" height=\"684\" src=\"https:\/\/corrientesdetarde.com\/wp-content\/uploads\/2023\/06\/image-219-1024x684.png\" alt=\"\" class=\"wp-image-65863\" srcset=\"https:\/\/corrientesdetarde.com\/wp-content\/uploads\/2023\/06\/image-219-1024x684.png 1024w, https:\/\/corrientesdetarde.com\/wp-content\/uploads\/2023\/06\/image-219-300x200.png 300w, https:\/\/corrientesdetarde.com\/wp-content\/uploads\/2023\/06\/image-219-768x513.png 768w, https:\/\/corrientesdetarde.com\/wp-content\/uploads\/2023\/06\/image-219-1536x1025.png 1536w, https:\/\/corrientesdetarde.com\/wp-content\/uploads\/2023\/06\/image-219-2048x1367.png 2048w, https:\/\/corrientesdetarde.com\/wp-content\/uploads\/2023\/06\/image-219-272x182.png 272w\" sizes=\"auto, (max-width: 1024px) 100vw, 1024px\" \/><\/figure>\n\n\n\n<figure class=\"wp-block-image size-large\"><img loading=\"lazy\" decoding=\"async\" width=\"1024\" height=\"684\" src=\"https:\/\/corrientesdetarde.com\/wp-content\/uploads\/2023\/06\/image-221-1024x684.png\" alt=\"\" class=\"wp-image-65865\" srcset=\"https:\/\/corrientesdetarde.com\/wp-content\/uploads\/2023\/06\/image-221-1024x684.png 1024w, https:\/\/corrientesdetarde.com\/wp-content\/uploads\/2023\/06\/image-221-300x200.png 300w, https:\/\/corrientesdetarde.com\/wp-content\/uploads\/2023\/06\/image-221-768x513.png 768w, https:\/\/corrientesdetarde.com\/wp-content\/uploads\/2023\/06\/image-221-1536x1025.png 1536w, https:\/\/corrientesdetarde.com\/wp-content\/uploads\/2023\/06\/image-221-2048x1367.png 2048w, https:\/\/corrientesdetarde.com\/wp-content\/uploads\/2023\/06\/image-221-272x182.png 272w\" sizes=\"auto, (max-width: 1024px) 100vw, 1024px\" \/><\/figure>\n","protected":false},"excerpt":{"rendered":"<p>\u201cSiempre estamos dando un paso m\u00e1s en nuestra lucha por el cambio clim\u00e1tico y por una ciudad m\u00e1s limpia\u201d, indic\u00f3 el intendente al habilitar este mi\u00e9rcoles el nuevo contenedor para&hellip; <\/p>\n","protected":false},"author":8,"featured_media":65866,"comment_status":"closed","ping_status":"open","sticky":false,"template":"","format":"standard","meta":{"footnotes":""},"categories":[6],"tags":[],"class_list":["post-65862","post","type-post","status-publish","format-standard","has-post-thumbnail","hentry","category-medio-ambiente"],"_links":{"self":[{"href":"https:\/\/corrientesdetarde.com\/index.php\/wp-json\/wp\/v2\/posts\/65862","targetHints":{"allow":["GET"]}}],"collection":[{"href":"https:\/\/corrientesdetarde.com\/index.php\/wp-json\/wp\/v2\/posts"}],"about":[{"href":"https:\/\/corrientesdetarde.com\/index.php\/wp-json\/wp\/v2\/types\/post"}],"author":[{"embeddable":true,"href":"https:\/\/corrientesdetarde.com\/index.php\/wp-json\/wp\/v2\/users\/8"}],"replies":[{"embeddable":true,"href":"https:\/\/corrientesdetarde.com\/index.php\/wp-json\/wp\/v2\/comments?post=65862"}],"version-history":[{"count":1,"href":"https:\/\/corrientesdetarde.com\/index.php\/wp-json\/wp\/v2\/posts\/65862\/revisions"}],"predecessor-version":[{"id":65867,"href":"https:\/\/corrientesdetarde.com\/index.php\/wp-json\/wp\/v2\/posts\/65862\/revisions\/65867"}],"wp:featuredmedia":[{"embeddable":true,"href":"https:\/\/corrientesdetarde.com\/index.php\/wp-json\/wp\/v2\/media\/65866"}],"wp:attachment":[{"href":"https:\/\/corrientesdetarde.com\/index.php\/wp-json\/wp\/v2\/media?parent=65862"}],"wp:term":[{"taxonomy":"category","embeddable":true,"href":"https:\/\/corrientesdetarde.com\/index.php\/wp-json\/wp\/v2\/categories?post=65862"},{"taxonomy":"post_tag","embeddable":true,"href":"https:\/\/corrientesdetarde.com\/index.php\/wp-json\/wp\/v2\/tags?post=65862"}],"curies":[{"name":"wp","href":"https:\/\/api.w.org\/{rel}","templated":true}]}}