{"id":65868,"date":"2023-06-07T14:46:16","date_gmt":"2023-06-07T17:46:16","guid":{"rendered":"https:\/\/corrientesdetarde.com\/?p=65868"},"modified":"2023-06-07T14:46:18","modified_gmt":"2023-06-07T17:46:18","slug":"efectivos-policiales-resultaron-con-lesiones-tras-demorar-a-dos-personas-por-merodeo","status":"publish","type":"post","link":"https:\/\/corrientesdetarde.com\/index.php\/crimen-y-justicia\/efectivos-policiales-resultaron-con-lesiones-tras-demorar-a-dos-personas-por-merodeo\/","title":{"rendered":"Efectivos Policiales, resultaron con lesiones , tras demorar a dos personas por merodeo"},"content":{"rendered":"\n<p>En horas de la madrugada de hoy 07-06-23, Efectivos Policiales del Comando de Patrulla, en circunstancias en que se hallaban efectuando sus labores espec\u00edficas de prevenci\u00f3n, en inmediaciones de las calles Gdor. Contte y Necochea, habr\u00edan visualizado a dos personas que estar\u00edan merodeando por la zona y quienes, seg\u00fan los vecinos, momentos antes habr\u00edan intentado abrir los veh\u00edculos estacionados.<br>Por tal motivo y a modo de prevenci\u00f3n, los Polic\u00edas se acercaron a los mismos y al intentar ser identificados, se habr\u00edan resistido e intentaron darse a la fuga, agrediendo al personal policial, los que sufrieron lesiones (escoriaciones) leves, a la vez que, en el lugar se reun\u00edan otras personas de la zona y quienes, hab\u00edan comenzado arrojar piedras a los Funcionarios y m\u00f3vil policial.<br>Ante tal situaci\u00f3n, se solicit\u00f3 la colaboraci\u00f3n de otros m\u00f3viles en circulaci\u00f3n, haci\u00e9ndose presente Personal del Destacamento San Marcos y de las Comisaria 3ra y 19na., logrando gracias a un trabajo realizado en forma conjunta y pese a la hostilidad, demorar a estas dos personas, trat\u00e1ndose de dos j\u00f3venes, de 24 y 25 a\u00f1os de edad. Posteriormente y efectuadas las primeras averiguaciones, arroj\u00f3 que ambos pose\u00edan antecedentes policiales por delitos contra la propiedad y adem\u00e1s, el de 25 a\u00f1os, registraba un pedido de detenci\u00f3n.<br>Los demorados, fueron puestos a disposici\u00f3n de la justicia y trasladados a la citada Comisara jurisdiccional 19\u00b0,<br>donde se lleva a cabo las diligencias y tramites del caso.<\/p>\n","protected":false},"excerpt":{"rendered":"<p>En horas de la madrugada de hoy 07-06-23, Efectivos Policiales del Comando de Patrulla, en circunstancias en que se hallaban efectuando sus labores espec\u00edficas de prevenci\u00f3n, en inmediaciones de las&hellip; <\/p>\n","protected":false},"author":8,"featured_media":65869,"comment_status":"closed","ping_status":"open","sticky":false,"template":"","format":"standard","meta":{"footnotes":""},"categories":[5],"tags":[],"class_list":["post-65868","post","type-post","status-publish","format-standard","has-post-thumbnail","hentry","category-crimen-y-justicia"],"_links":{"self":[{"href":"https:\/\/corrientesdetarde.com\/index.php\/wp-json\/wp\/v2\/posts\/65868","targetHints":{"allow":["GET"]}}],"collection":[{"href":"https:\/\/corrientesdetarde.com\/index.php\/wp-json\/wp\/v2\/posts"}],"about":[{"href":"https:\/\/corrientesdetarde.com\/index.php\/wp-json\/wp\/v2\/types\/post"}],"author":[{"embeddable":true,"href":"https:\/\/corrientesdetarde.com\/index.php\/wp-json\/wp\/v2\/users\/8"}],"replies":[{"embeddable":true,"href":"https:\/\/corrientesdetarde.com\/index.php\/wp-json\/wp\/v2\/comments?post=65868"}],"version-history":[{"count":1,"href":"https:\/\/corrientesdetarde.com\/index.php\/wp-json\/wp\/v2\/posts\/65868\/revisions"}],"predecessor-version":[{"id":65870,"href":"https:\/\/corrientesdetarde.com\/index.php\/wp-json\/wp\/v2\/posts\/65868\/revisions\/65870"}],"wp:featuredmedia":[{"embeddable":true,"href":"https:\/\/corrientesdetarde.com\/index.php\/wp-json\/wp\/v2\/media\/65869"}],"wp:attachment":[{"href":"https:\/\/corrientesdetarde.com\/index.php\/wp-json\/wp\/v2\/media?parent=65868"}],"wp:term":[{"taxonomy":"category","embeddable":true,"href":"https:\/\/corrientesdetarde.com\/index.php\/wp-json\/wp\/v2\/categories?post=65868"},{"taxonomy":"post_tag","embeddable":true,"href":"https:\/\/corrientesdetarde.com\/index.php\/wp-json\/wp\/v2\/tags?post=65868"}],"curies":[{"name":"wp","href":"https:\/\/api.w.org\/{rel}","templated":true}]}}