{"id":65892,"date":"2023-06-07T16:09:40","date_gmt":"2023-06-07T19:09:40","guid":{"rendered":"https:\/\/corrientesdetarde.com\/?p=65892"},"modified":"2023-06-07T16:09:43","modified_gmt":"2023-06-07T19:09:43","slug":"la-dpec-realizara-trabajos-de-mejoras-en-esquina","status":"publish","type":"post","link":"https:\/\/corrientesdetarde.com\/index.php\/informacion-general\/la-dpec-realizara-trabajos-de-mejoras-en-esquina\/","title":{"rendered":"La DPEC realizar\u00e1 trabajos de mejoras en Esquina"},"content":{"rendered":"\n<p>La Direcci\u00f3n Provincial de Energ\u00eda de Corrientes (DPEC) informa que con motivo de realizar mejoras en el servicio, se ejecutar\u00e1n tareas de poda sobre la traza de L\u00edneas de Media Tensi\u00f3n (LMT), por lo cual se interrumpir\u00e1 el suministro de energ\u00eda el\u00e9ctrica en la localidad de&nbsp;<strong>ESQUINA<\/strong>, este Jueves 08\/06\/23 de 14:00 a 17:30 Hs. en las zonas: Zona Centro por calle Moreno, Hospital, B\u00b0 90 Viviendas, B\u00b0 128 Viviendas, B\u00b0 Mancini, B\u00b0 45 Viviendas, Caba\u00f1as Norta, YPF (Quinta 4), Camino del Medio, Santa Librada, Tranquera Cadena, Tercera Secci\u00f3n.<\/p>\n","protected":false},"excerpt":{"rendered":"<p>La Direcci\u00f3n Provincial de Energ\u00eda de Corrientes (DPEC) informa que con motivo de realizar mejoras en el servicio, se ejecutar\u00e1n tareas de poda sobre la traza de L\u00edneas de Media&hellip; <\/p>\n","protected":false},"author":8,"featured_media":65893,"comment_status":"closed","ping_status":"open","sticky":false,"template":"","format":"standard","meta":{"footnotes":""},"categories":[1],"tags":[],"class_list":["post-65892","post","type-post","status-publish","format-standard","has-post-thumbnail","hentry","category-informacion-general"],"_links":{"self":[{"href":"https:\/\/corrientesdetarde.com\/index.php\/wp-json\/wp\/v2\/posts\/65892","targetHints":{"allow":["GET"]}}],"collection":[{"href":"https:\/\/corrientesdetarde.com\/index.php\/wp-json\/wp\/v2\/posts"}],"about":[{"href":"https:\/\/corrientesdetarde.com\/index.php\/wp-json\/wp\/v2\/types\/post"}],"author":[{"embeddable":true,"href":"https:\/\/corrientesdetarde.com\/index.php\/wp-json\/wp\/v2\/users\/8"}],"replies":[{"embeddable":true,"href":"https:\/\/corrientesdetarde.com\/index.php\/wp-json\/wp\/v2\/comments?post=65892"}],"version-history":[{"count":1,"href":"https:\/\/corrientesdetarde.com\/index.php\/wp-json\/wp\/v2\/posts\/65892\/revisions"}],"predecessor-version":[{"id":65894,"href":"https:\/\/corrientesdetarde.com\/index.php\/wp-json\/wp\/v2\/posts\/65892\/revisions\/65894"}],"wp:featuredmedia":[{"embeddable":true,"href":"https:\/\/corrientesdetarde.com\/index.php\/wp-json\/wp\/v2\/media\/65893"}],"wp:attachment":[{"href":"https:\/\/corrientesdetarde.com\/index.php\/wp-json\/wp\/v2\/media?parent=65892"}],"wp:term":[{"taxonomy":"category","embeddable":true,"href":"https:\/\/corrientesdetarde.com\/index.php\/wp-json\/wp\/v2\/categories?post=65892"},{"taxonomy":"post_tag","embeddable":true,"href":"https:\/\/corrientesdetarde.com\/index.php\/wp-json\/wp\/v2\/tags?post=65892"}],"curies":[{"name":"wp","href":"https:\/\/api.w.org\/{rel}","templated":true}]}}