{"id":65904,"date":"2023-06-07T16:42:46","date_gmt":"2023-06-07T19:42:46","guid":{"rendered":"https:\/\/corrientesdetarde.com\/?p=65904"},"modified":"2023-06-07T16:42:48","modified_gmt":"2023-06-07T19:42:48","slug":"programa-hogar-anses-cuando-cobro-la-tarifa-social-de-gas-en-junio-2023-y-quienes-pueden-solicitarlo","status":"publish","type":"post","link":"https:\/\/corrientesdetarde.com\/index.php\/economia\/programa-hogar-anses-cuando-cobro-la-tarifa-social-de-gas-en-junio-2023-y-quienes-pueden-solicitarlo\/","title":{"rendered":"Programa Hogar ANSES: cu\u00e1ndo cobro la tarifa social de gas en junio 2023 y qui\u00e9nes pueden solicitarlo"},"content":{"rendered":"\n<p>El organismo previsional inform\u00f3 el calendario de pagos del programa destinado a hogares de menores ingresos que no acceden a la red de gas natural. De cu\u00e1nto es el subsidio para acceder a una garrafa.<\/p>\n\n\n\n<p>La\u00a0Administraci\u00f3n Nacional de Seguridad Social ANSES, confirm\u00f3 el\u00a0<strong>calendario de pagos<\/strong>\u00a0del\u00a0Programa Hogar, la tarifa social de gas impulsado por la Secretar\u00eda de Energ\u00eda de la Naci\u00f3n destinado a los hogares de menores ingresos que\u00a0<strong>no acceden a la red de gas natural\u00a0<\/strong>y subsidia el 80% del precio de la garrafa de 10 kg.<\/p>\n\n\n\n<p>D\u00edas atr\u00e1s, el Gobierno aument\u00f3 m\u00e1s del 76% el subsidio a la garrafa de gas y la suma liquidada por ANSES de<strong>&nbsp;$1581<\/strong>&nbsp;<strong>impactar\u00e1 en el desembolso del subsidio de abril y mayo<\/strong>.<\/p>\n\n\n\n<h2 class=\"wp-block-heading\">Programa Hogar ANSES: de cu\u00e1nto es el subsidio para acceder a una garrafa<\/h2>\n\n\n\n<p>El<strong>&nbsp;monto del subsidio por garrafa&nbsp;<\/strong>del Programa Hogar es de&nbsp;<strong>$1581.&nbsp;<\/strong>Por su parte, los&nbsp;<strong>precios de referencia de venta al p\u00fablico<\/strong>&nbsp;para el segmento fraccionador y distribuidor aumentaron este mes 3,97%.<\/p>\n\n\n\n<p>As\u00ed,<strong>&nbsp;los valores para la garrafa de 10 kilos se fijaron:<\/strong><\/p>\n\n\n\n<ul class=\"wp-block-list\"><li><strong>Mayo&nbsp;<\/strong>2023:<strong>&nbsp;$1387;<\/strong><\/li><li><strong>Junio<\/strong>&nbsp;2023:<strong>&nbsp;$1443;<\/strong><\/li><li><strong>Julio&nbsp;<\/strong>2013:&nbsp;<strong>$1501;<\/strong><\/li><li><strong>Agosto<\/strong>&nbsp;2023:&nbsp;<strong>$1561.<\/strong><\/li><\/ul>\n\n\n\n<figure class=\"wp-block-image\"><img decoding=\"async\" src=\"https:\/\/tn.com.ar\/resizer\/aJ10hZ7q5bkDoCDCrJVibK6zZPE=\/767x0\/smart\/filters:format(webp)\/cloudfront-us-east-1.images.arcpublishing.com\/artear\/ROCBBRMBQ5B3XOKDFOCROYZI5I.jpg\" alt=\"El Programa Hogar est\u00e1 destinado a los hogares de menores ingresos que no acceden a la red de gas natural y subsidia el 80 por ciento del precio de la garrafa de 10 kg. (Foto: ANSES)\"\/><\/figure>\n\n\n\n<p>En el caso de las unidades de 12 kilos, los precios m\u00e1ximos son de mayo a agosto: $1665, $1731, $1801 y $1873 para la venta al p\u00fablico.<\/p>\n\n\n\n<p>Mientras que en las de 15 kilos ser\u00e1n $2081 (mayo), $2164 (junio), $2251 (julio) y $2341 (agosto).<\/p>\n\n\n\n<h2 class=\"wp-block-heading\">Programa Hogar ANSES: cu\u00e1ndo cobro la tarifa social de gas en junio 2023<\/h2>\n\n\n\n<ul class=\"wp-block-list\"><li>DNI terminados en&nbsp;<strong>0<\/strong>: jueves&nbsp;<strong>8 de<\/strong>&nbsp;<strong>junio<\/strong><\/li><li>DNI terminados en&nbsp;<strong>1<\/strong>: viernes&nbsp;<strong>9 de junio<\/strong><\/li><li>DNI terminados en&nbsp;<strong>2<\/strong>:lunes&nbsp;<strong>12 de junio<\/strong><\/li><li>DNI terminados en&nbsp;<strong>3<\/strong>:martes&nbsp;<strong>13 de junio<\/strong><\/li><li>DNI terminados en&nbsp;<strong>4<\/strong>:mi\u00e9rcoles&nbsp;<strong>14 de junio<\/strong><\/li><li>DNI terminados en<strong>&nbsp;5<\/strong>: jueves&nbsp;<strong>15 de junio<\/strong><\/li><li>DNI terminados en<strong>&nbsp;6:&nbsp;<\/strong>viernes&nbsp;<strong>16 de junio<\/strong><\/li><li>DNI terminados en&nbsp;<strong>7<\/strong>: mi\u00e9rcoles<strong>&nbsp;21 de junio<\/strong><\/li><li>DNI terminados en&nbsp;<strong>8<\/strong>: jueves<strong>&nbsp;22 de junio<\/strong><\/li><li>DNI terminados en&nbsp;<strong>9<\/strong>: viernes<strong>&nbsp;23 de junio<\/strong><\/li><\/ul>\n\n\n\n<h2 class=\"wp-block-heading\">Programa Hogar ANSES: qui\u00e9nes pueden solicitarlo<\/h2>\n\n\n\n<p><strong>Todos los hogares sin conexi\u00f3n a la red de gas natural&nbsp;<\/strong>pueden solicitarlo&nbsp;<strong>siempre y cuando sus ingresos sean inferiores&nbsp;<\/strong>a:<\/p>\n\n\n\n<ul class=\"wp-block-list\"><li>Dos Salarios M\u00ednimos, Vitales y M\u00f3viles (SMVM).<\/li><li>Tres salarios m\u00ednimos si alguno de sus integrantes posee Certificado de Discapacidad.<\/li><li>2,8 salarios m\u00ednimos si residen en las zonas m\u00e1s fr\u00edas del pa\u00eds.<\/li><li>4,2 salarios m\u00ednimos si residen en las zonas m\u00e1s fr\u00edas del pa\u00eds y alguno de sus integrantes posee Certificado de Discapacidad.<\/li><\/ul>\n","protected":false},"excerpt":{"rendered":"<p>El organismo previsional inform\u00f3 el calendario de pagos del programa destinado a hogares de menores ingresos que no acceden a la red de gas natural. De cu\u00e1nto es el subsidio&hellip; <\/p>\n","protected":false},"author":8,"featured_media":65905,"comment_status":"closed","ping_status":"open","sticky":false,"template":"","format":"standard","meta":{"footnotes":""},"categories":[20],"tags":[],"class_list":["post-65904","post","type-post","status-publish","format-standard","has-post-thumbnail","hentry","category-economia"],"_links":{"self":[{"href":"https:\/\/corrientesdetarde.com\/index.php\/wp-json\/wp\/v2\/posts\/65904","targetHints":{"allow":["GET"]}}],"collection":[{"href":"https:\/\/corrientesdetarde.com\/index.php\/wp-json\/wp\/v2\/posts"}],"about":[{"href":"https:\/\/corrientesdetarde.com\/index.php\/wp-json\/wp\/v2\/types\/post"}],"author":[{"embeddable":true,"href":"https:\/\/corrientesdetarde.com\/index.php\/wp-json\/wp\/v2\/users\/8"}],"replies":[{"embeddable":true,"href":"https:\/\/corrientesdetarde.com\/index.php\/wp-json\/wp\/v2\/comments?post=65904"}],"version-history":[{"count":1,"href":"https:\/\/corrientesdetarde.com\/index.php\/wp-json\/wp\/v2\/posts\/65904\/revisions"}],"predecessor-version":[{"id":65906,"href":"https:\/\/corrientesdetarde.com\/index.php\/wp-json\/wp\/v2\/posts\/65904\/revisions\/65906"}],"wp:featuredmedia":[{"embeddable":true,"href":"https:\/\/corrientesdetarde.com\/index.php\/wp-json\/wp\/v2\/media\/65905"}],"wp:attachment":[{"href":"https:\/\/corrientesdetarde.com\/index.php\/wp-json\/wp\/v2\/media?parent=65904"}],"wp:term":[{"taxonomy":"category","embeddable":true,"href":"https:\/\/corrientesdetarde.com\/index.php\/wp-json\/wp\/v2\/categories?post=65904"},{"taxonomy":"post_tag","embeddable":true,"href":"https:\/\/corrientesdetarde.com\/index.php\/wp-json\/wp\/v2\/tags?post=65904"}],"curies":[{"name":"wp","href":"https:\/\/api.w.org\/{rel}","templated":true}]}}