{"id":65929,"date":"2023-06-07T19:43:04","date_gmt":"2023-06-07T22:43:04","guid":{"rendered":"https:\/\/corrientesdetarde.com\/?p=65929"},"modified":"2023-06-07T19:43:10","modified_gmt":"2023-06-07T22:43:10","slug":"la-municipalidad-planto-80-arboles-en-el-parterre-central-de-la-avenida-ibera","status":"publish","type":"post","link":"https:\/\/corrientesdetarde.com\/index.php\/sociales\/la-municipalidad-planto-80-arboles-en-el-parterre-central-de-la-avenida-ibera\/","title":{"rendered":"La Municipalidad plant\u00f3 80 \u00e1rboles en el parterre central de la avenida Iber\u00e1"},"content":{"rendered":"\n<p><em>Las tareas est\u00e1n a cargo de la secretaria a de Ambiente y Desarrollo Sustentable. Esta semana, las especies fueron ubicadas sobre Iber\u00e1, desde Paysand\u00fa hasta Arequipa; que se suman a las 87 que se plantaron por Arequipa; y las 64 por avenida Paysand\u00fa. De esta manera, se avanza para cumplir con la meta de los 3 mil \u00e1rboles para fin de a\u00f1o.<\/em><\/p>\n\n\n\n<p>En el marco de la Semana del Ambiente, la Municipalidad de Corrientes llev\u00f3 a cabo la plantaci\u00f3n de \u00e1rboles en los parterres de diferentes avenidas, calles y en veredas de la ciudad. Este martes, las tareas se realizaron sobre avenida Iber\u00e1, desde Paysand\u00fa hasta Arequipa.<br><br>El secretario de Ambiente y Desarrollo Sustentable, Ignacio Maldonado Yonna, coordin\u00f3 la actividad y detall\u00f3 que se ubicaron 80 especies sobre el parterre central de avenida Iber\u00e1, desde Paysand\u00fa hasta Arequipa; que se suman a las 87 plantadas por Arequipa, desde avenida Iber\u00e1 hasta avenida Teniente Ib\u00e1\u00f1ez; y 64 por avenida Paysand\u00fa, entre Iber\u00e1 y Alta Gracia.<br><br>\u201cEn esta oportunidad estamos plantando Pata de Buey por el tama\u00f1o del parterre de esta avenida, para que en un futuro den una sombra buena y grande\u201d, explic\u00f3 el funcionario, quien detall\u00f3 que tambi\u00e9n se est\u00e1n usando Thevetia y Para\u00edso Venzolano que, por su tama\u00f1o, no perjudican la infraestructura de la ciudad.<br><br>El funcionario remarc\u00f3 que \u201ctodos los \u00e1rboles que plantamos provienen del vivero municipal, que es nuestra gran f\u00e1brica verde en la ciudad\u201d y agreg\u00f3 que es un lugar \u201cdonde producimos todo lo que son las ornamentaciones y las especies destinadas a los espacios p\u00fablicos\u201d.<br><br>Entre tanto, el secretario de Ambiente y Desarrollo Sustentable solicit\u00f3 a los vecinos \u201ccolaborar para cuidar el arbolado urbano que se est\u00e1n plantando y el ya existente\u201d.<br><br>Por su parte, el subsecretario de Espacios P\u00fablicos, Manuel G\u00f3mez Sierra, precis\u00f3 que estas acciones son parte de uno de los ejes de gesti\u00f3n encabezada por el intendente, Eduardo Tassano, que es la de continuar con la lucha contra el cambio clim\u00e1tico en la ciudad.<br><br>A su vez, resalt\u00f3 que la plantaci\u00f3n de \u00e1rboles \u201ces muy importante porque los vecinos se suman\u201d, y de esta manera, \u201ctrabajamos en la concientizaci\u00f3n para que sepan lo importante que es tener distintas especies en los espacios p\u00fablicos\u201d.<br><br>Por otra parte, el funcionario record\u00f3 que sigue vigente el programa \u201cUn \u00e1rbol, un vecino\u201d. \u201cEl vecino nos hace un pedido a trav\u00e9s de la aplicaci\u00f3n de la Municipalidad o por el 0800-5555-6864, nosotros nos comunicamos con ellos y le plantamos un \u00e1rbol en la puerta de su domicilio, con una capacitaci\u00f3n previa y un compromiso de cuidado\u201d.<br><a href=\"https:\/\/ciudaddecorrientes.us12.list-manage.com\/track\/click?u=253e4bcff71216c6af771c3c9&amp;id=6dee17eafc&amp;e=17643edfa8\" target=\"_blank\" rel=\"noreferrer noopener\">NOTA TV.<\/a><br>Ignacio Maldonado Yonna, secretario de Ambiente y Desarrollo Sustentable; Manuel G\u00f3mez Sierra, subsecretario de Espacios P\u00fablicos.<\/p>\n\n\n\n<figure class=\"wp-block-image size-large\"><img loading=\"lazy\" decoding=\"async\" width=\"1024\" height=\"682\" src=\"https:\/\/corrientesdetarde.com\/wp-content\/uploads\/2023\/06\/image-234-1024x682.png\" alt=\"\" class=\"wp-image-65930\" srcset=\"https:\/\/corrientesdetarde.com\/wp-content\/uploads\/2023\/06\/image-234-1024x682.png 1024w, https:\/\/corrientesdetarde.com\/wp-content\/uploads\/2023\/06\/image-234-300x200.png 300w, https:\/\/corrientesdetarde.com\/wp-content\/uploads\/2023\/06\/image-234-768x512.png 768w, https:\/\/corrientesdetarde.com\/wp-content\/uploads\/2023\/06\/image-234-272x182.png 272w, https:\/\/corrientesdetarde.com\/wp-content\/uploads\/2023\/06\/image-234.png 1280w\" sizes=\"auto, (max-width: 1024px) 100vw, 1024px\" \/><\/figure>\n\n\n\n<figure class=\"wp-block-image size-large\"><img loading=\"lazy\" decoding=\"async\" width=\"1024\" height=\"682\" src=\"https:\/\/corrientesdetarde.com\/wp-content\/uploads\/2023\/06\/image-235-1024x682.png\" alt=\"\" class=\"wp-image-65931\" srcset=\"https:\/\/corrientesdetarde.com\/wp-content\/uploads\/2023\/06\/image-235-1024x682.png 1024w, https:\/\/corrientesdetarde.com\/wp-content\/uploads\/2023\/06\/image-235-300x200.png 300w, https:\/\/corrientesdetarde.com\/wp-content\/uploads\/2023\/06\/image-235-768x512.png 768w, https:\/\/corrientesdetarde.com\/wp-content\/uploads\/2023\/06\/image-235-272x182.png 272w, https:\/\/corrientesdetarde.com\/wp-content\/uploads\/2023\/06\/image-235.png 1280w\" sizes=\"auto, (max-width: 1024px) 100vw, 1024px\" \/><\/figure>\n\n\n\n<figure class=\"wp-block-image size-large\"><img loading=\"lazy\" decoding=\"async\" width=\"1024\" height=\"682\" src=\"https:\/\/corrientesdetarde.com\/wp-content\/uploads\/2023\/06\/image-236-1024x682.png\" alt=\"\" class=\"wp-image-65932\" srcset=\"https:\/\/corrientesdetarde.com\/wp-content\/uploads\/2023\/06\/image-236-1024x682.png 1024w, https:\/\/corrientesdetarde.com\/wp-content\/uploads\/2023\/06\/image-236-300x200.png 300w, https:\/\/corrientesdetarde.com\/wp-content\/uploads\/2023\/06\/image-236-768x512.png 768w, https:\/\/corrientesdetarde.com\/wp-content\/uploads\/2023\/06\/image-236-272x182.png 272w, https:\/\/corrientesdetarde.com\/wp-content\/uploads\/2023\/06\/image-236.png 1280w\" sizes=\"auto, (max-width: 1024px) 100vw, 1024px\" \/><\/figure>\n\n\n\n<figure class=\"wp-block-image size-large\"><img loading=\"lazy\" decoding=\"async\" width=\"1024\" height=\"682\" src=\"https:\/\/corrientesdetarde.com\/wp-content\/uploads\/2023\/06\/image-237-1024x682.png\" alt=\"\" class=\"wp-image-65933\" srcset=\"https:\/\/corrientesdetarde.com\/wp-content\/uploads\/2023\/06\/image-237-1024x682.png 1024w, https:\/\/corrientesdetarde.com\/wp-content\/uploads\/2023\/06\/image-237-300x200.png 300w, https:\/\/corrientesdetarde.com\/wp-content\/uploads\/2023\/06\/image-237-768x512.png 768w, https:\/\/corrientesdetarde.com\/wp-content\/uploads\/2023\/06\/image-237-272x182.png 272w, https:\/\/corrientesdetarde.com\/wp-content\/uploads\/2023\/06\/image-237.png 1280w\" sizes=\"auto, (max-width: 1024px) 100vw, 1024px\" \/><\/figure>\n","protected":false},"excerpt":{"rendered":"<p>Las tareas est\u00e1n a cargo de la secretaria a de Ambiente y Desarrollo Sustentable. Esta semana, las especies fueron ubicadas sobre Iber\u00e1, desde Paysand\u00fa hasta Arequipa; que se suman a&hellip; <\/p>\n","protected":false},"author":8,"featured_media":65933,"comment_status":"closed","ping_status":"open","sticky":false,"template":"","format":"standard","meta":{"footnotes":""},"categories":[17],"tags":[],"class_list":["post-65929","post","type-post","status-publish","format-standard","has-post-thumbnail","hentry","category-sociales"],"_links":{"self":[{"href":"https:\/\/corrientesdetarde.com\/index.php\/wp-json\/wp\/v2\/posts\/65929","targetHints":{"allow":["GET"]}}],"collection":[{"href":"https:\/\/corrientesdetarde.com\/index.php\/wp-json\/wp\/v2\/posts"}],"about":[{"href":"https:\/\/corrientesdetarde.com\/index.php\/wp-json\/wp\/v2\/types\/post"}],"author":[{"embeddable":true,"href":"https:\/\/corrientesdetarde.com\/index.php\/wp-json\/wp\/v2\/users\/8"}],"replies":[{"embeddable":true,"href":"https:\/\/corrientesdetarde.com\/index.php\/wp-json\/wp\/v2\/comments?post=65929"}],"version-history":[{"count":1,"href":"https:\/\/corrientesdetarde.com\/index.php\/wp-json\/wp\/v2\/posts\/65929\/revisions"}],"predecessor-version":[{"id":65934,"href":"https:\/\/corrientesdetarde.com\/index.php\/wp-json\/wp\/v2\/posts\/65929\/revisions\/65934"}],"wp:featuredmedia":[{"embeddable":true,"href":"https:\/\/corrientesdetarde.com\/index.php\/wp-json\/wp\/v2\/media\/65933"}],"wp:attachment":[{"href":"https:\/\/corrientesdetarde.com\/index.php\/wp-json\/wp\/v2\/media?parent=65929"}],"wp:term":[{"taxonomy":"category","embeddable":true,"href":"https:\/\/corrientesdetarde.com\/index.php\/wp-json\/wp\/v2\/categories?post=65929"},{"taxonomy":"post_tag","embeddable":true,"href":"https:\/\/corrientesdetarde.com\/index.php\/wp-json\/wp\/v2\/tags?post=65929"}],"curies":[{"name":"wp","href":"https:\/\/api.w.org\/{rel}","templated":true}]}}