{"id":65935,"date":"2023-06-07T19:45:03","date_gmt":"2023-06-07T22:45:03","guid":{"rendered":"https:\/\/corrientesdetarde.com\/?p=65935"},"modified":"2023-06-07T19:45:07","modified_gmt":"2023-06-07T22:45:07","slug":"valdes-inauguro-la-avenida-santa-fe-una-arteria-emblematica-de-ituzaingo","status":"publish","type":"post","link":"https:\/\/corrientesdetarde.com\/index.php\/locales\/valdes-inauguro-la-avenida-santa-fe-una-arteria-emblematica-de-ituzaingo\/","title":{"rendered":"Vald\u00e9s inaugur\u00f3 la Avenida Santa Fe una arteria emblem\u00e1tica de Ituzaing\u00f3"},"content":{"rendered":"\n<p>En su visita a la ciudad de Ituzaing\u00f3, el gobernador Gustavo Vald\u00e9s inaugur\u00f3 el primer tramo de la obra de pavimentaci\u00f3n urbana y desag\u00fces pluviales de la Avenida Santa Fe y anunci\u00f3 la inversi\u00f3n para la segunda etapa de esta &nbsp;avenida emblem\u00e1tica de la localidad, con la idea de conectar con otras zonas y seguir construyendo viviendas.<\/p>\n\n\n\n<p>Resalt\u00f3 el Mandatario que \u201cesta es una obra una obra central, es una obra emblem\u00e1tica, una obra largamente esperada por todos los vecinos, porque es una de las avenidas principales que tiene Ituzaing\u00f3, no solamente nos da acceso al cementerio, sino que nos da conectividad, como la &nbsp;avenida que est\u00e1 sobre sobre el r\u00edo Paran\u00e1\u201d.<\/p>\n\n\n\n<p>Detall\u00f3 que \u201cesta es la primera parte, hay una inversi\u00f3n de 169 millones de pesos, que es inicial. Ahora vamos a firmar la segunda etapa para seguir acerc\u00e1ndonos hacia la escuela N\u00ba 243\u201d.<\/p>\n\n\n\n<p>Asimismo valor\u00f3 que \u201cesta obra h\u00eddrica tuvo &nbsp;una inversi\u00f3n muy grande del gobierno de la provincia de Corrientes\u201d y luego vamos a estar ensamblando toda esta avenida, va a estar absolutamente iluminada, y por supuesto que tenemos el proyecto unir y trazar las paralelas de Ituzaing\u00f3, para no ir sobre la ruta\u201d.<\/p>\n\n\n\n<p>Vald\u00e9s asegur\u00f3 a los vecinos que se tiene proyectada la Posada y seguir construyendo viviendas y para ello es necesario es tipo de infraestructura y que \u201ccomo gobierno provincial estamos trabajando con el gobierno local y que vamos por m\u00e1s obra p\u00fablica para el turismo\u201d.<\/p>\n\n\n\n<p><strong>Intendente<\/strong><\/p>\n\n\n\n<p>El intendente de Ituzaing\u00f3, Juan Pablo Vald\u00e9s &nbsp;agradeci\u00f3 al gobernador por&nbsp;\u201cesta decisi\u00f3n estrat\u00e9gica del gobierno de la provincia\u201d y resalt\u00f3 que \u201cla obra incluye entubamiento y desag\u00fce, solucionando problemas viales y mejorando la movilidad del barrio\u201d.<\/p>\n\n\n\n<p>Detall\u00f3 el intendente que \u201clas obras de la avenida Santa Fe de &nbsp;doble mano incluye el paterre y &nbsp;tambi\u00e9n una gran obra de entubamiento que se realiz\u00f3 desde la calle Paraguay hasta la calle Bolivia, por la calle Santa Fe, en esta etapa, y obviamente la otra etapa que se viene realizando con desag\u00fce\u201d.<\/p>\n\n\n\n<p>Al finalizar su alocuci\u00f3n afirm\u00f3 que \u201ces una obra muy importante para los vecinos. La verdad que nos invita a so\u00f1ar, nos da esperanza, nos da transformaci\u00f3n y, obviamente, soluciona este problema vial\u201d.<\/p>\n\n\n\n<p>El gobernador y el intendente acompa\u00f1ado de las autoridades presentes y los vecinos efectuaron el tradicional corte de cintas dejando inaugurada la Avenida Santa Fe.<\/p>\n\n\n\n<figure class=\"wp-block-image size-large\"><img loading=\"lazy\" decoding=\"async\" width=\"1024\" height=\"682\" src=\"https:\/\/corrientesdetarde.com\/wp-content\/uploads\/2023\/06\/image-238-1024x682.png\" alt=\"\" class=\"wp-image-65936\" srcset=\"https:\/\/corrientesdetarde.com\/wp-content\/uploads\/2023\/06\/image-238-1024x682.png 1024w, https:\/\/corrientesdetarde.com\/wp-content\/uploads\/2023\/06\/image-238-300x200.png 300w, https:\/\/corrientesdetarde.com\/wp-content\/uploads\/2023\/06\/image-238-768x512.png 768w, https:\/\/corrientesdetarde.com\/wp-content\/uploads\/2023\/06\/image-238-272x182.png 272w, https:\/\/corrientesdetarde.com\/wp-content\/uploads\/2023\/06\/image-238.png 1280w\" sizes=\"auto, (max-width: 1024px) 100vw, 1024px\" \/><\/figure>\n\n\n\n<figure class=\"wp-block-image size-large\"><img loading=\"lazy\" decoding=\"async\" width=\"1024\" height=\"682\" src=\"https:\/\/corrientesdetarde.com\/wp-content\/uploads\/2023\/06\/image-239-1024x682.png\" alt=\"\" class=\"wp-image-65937\" srcset=\"https:\/\/corrientesdetarde.com\/wp-content\/uploads\/2023\/06\/image-239-1024x682.png 1024w, https:\/\/corrientesdetarde.com\/wp-content\/uploads\/2023\/06\/image-239-300x200.png 300w, https:\/\/corrientesdetarde.com\/wp-content\/uploads\/2023\/06\/image-239-768x512.png 768w, https:\/\/corrientesdetarde.com\/wp-content\/uploads\/2023\/06\/image-239-272x182.png 272w, https:\/\/corrientesdetarde.com\/wp-content\/uploads\/2023\/06\/image-239.png 1280w\" sizes=\"auto, (max-width: 1024px) 100vw, 1024px\" \/><\/figure>\n\n\n\n<figure class=\"wp-block-image size-large\"><img loading=\"lazy\" decoding=\"async\" width=\"1024\" height=\"682\" src=\"https:\/\/corrientesdetarde.com\/wp-content\/uploads\/2023\/06\/image-240-1024x682.png\" alt=\"\" class=\"wp-image-65938\" srcset=\"https:\/\/corrientesdetarde.com\/wp-content\/uploads\/2023\/06\/image-240-1024x682.png 1024w, https:\/\/corrientesdetarde.com\/wp-content\/uploads\/2023\/06\/image-240-300x200.png 300w, https:\/\/corrientesdetarde.com\/wp-content\/uploads\/2023\/06\/image-240-768x512.png 768w, https:\/\/corrientesdetarde.com\/wp-content\/uploads\/2023\/06\/image-240-272x182.png 272w, https:\/\/corrientesdetarde.com\/wp-content\/uploads\/2023\/06\/image-240.png 1280w\" sizes=\"auto, (max-width: 1024px) 100vw, 1024px\" \/><\/figure>\n","protected":false},"excerpt":{"rendered":"<p>En su visita a la ciudad de Ituzaing\u00f3, el gobernador Gustavo Vald\u00e9s inaugur\u00f3 el primer tramo de la obra de pavimentaci\u00f3n urbana y desag\u00fces pluviales de la Avenida Santa Fe&hellip; <\/p>\n","protected":false},"author":8,"featured_media":65939,"comment_status":"closed","ping_status":"open","sticky":false,"template":"","format":"standard","meta":{"footnotes":""},"categories":[8],"tags":[],"class_list":["post-65935","post","type-post","status-publish","format-standard","has-post-thumbnail","hentry","category-locales"],"_links":{"self":[{"href":"https:\/\/corrientesdetarde.com\/index.php\/wp-json\/wp\/v2\/posts\/65935","targetHints":{"allow":["GET"]}}],"collection":[{"href":"https:\/\/corrientesdetarde.com\/index.php\/wp-json\/wp\/v2\/posts"}],"about":[{"href":"https:\/\/corrientesdetarde.com\/index.php\/wp-json\/wp\/v2\/types\/post"}],"author":[{"embeddable":true,"href":"https:\/\/corrientesdetarde.com\/index.php\/wp-json\/wp\/v2\/users\/8"}],"replies":[{"embeddable":true,"href":"https:\/\/corrientesdetarde.com\/index.php\/wp-json\/wp\/v2\/comments?post=65935"}],"version-history":[{"count":1,"href":"https:\/\/corrientesdetarde.com\/index.php\/wp-json\/wp\/v2\/posts\/65935\/revisions"}],"predecessor-version":[{"id":65940,"href":"https:\/\/corrientesdetarde.com\/index.php\/wp-json\/wp\/v2\/posts\/65935\/revisions\/65940"}],"wp:featuredmedia":[{"embeddable":true,"href":"https:\/\/corrientesdetarde.com\/index.php\/wp-json\/wp\/v2\/media\/65939"}],"wp:attachment":[{"href":"https:\/\/corrientesdetarde.com\/index.php\/wp-json\/wp\/v2\/media?parent=65935"}],"wp:term":[{"taxonomy":"category","embeddable":true,"href":"https:\/\/corrientesdetarde.com\/index.php\/wp-json\/wp\/v2\/categories?post=65935"},{"taxonomy":"post_tag","embeddable":true,"href":"https:\/\/corrientesdetarde.com\/index.php\/wp-json\/wp\/v2\/tags?post=65935"}],"curies":[{"name":"wp","href":"https:\/\/api.w.org\/{rel}","templated":true}]}}