{"id":65941,"date":"2023-06-07T19:49:42","date_gmt":"2023-06-07T22:49:42","guid":{"rendered":"https:\/\/corrientesdetarde.com\/?p=65941"},"modified":"2023-06-07T19:50:10","modified_gmt":"2023-06-07T22:50:10","slug":"juan-manuel-urtubey-se-bajo-de-la-carrera-presidencial","status":"publish","type":"post","link":"https:\/\/corrientesdetarde.com\/index.php\/politica\/juan-manuel-urtubey-se-bajo-de-la-carrera-presidencial\/","title":{"rendered":"Juan Manuel Urtubey se baj\u00f3 de la carrera presidencial"},"content":{"rendered":"\n<p>Tras romper su alianza con Juan Schiaretti, Juan Manuel Urtubey anunci\u00f3 que no va a &#8220;participar como candidato en las pr\u00f3ximas elecciones&#8221;.<\/p>\n\n\n\n<p><strong>Juan Manuel Urtubey anunci\u00f3 este mi\u00e9rcoles que se baja de la carrera presidencial hacia las PASO y luego a las elecciones generales<\/strong>\u00a0de octubre de este a\u00f1o. Apenas un d\u00eda despu\u00e9s de dar por terminada su alianza con el gobernador de C\u00f3rdoba Juan Schiaretti , el otrora mandatario salte\u00f1o afirm\u00f3: &#8220;Nunca cre\u00ed en juntarse en contra de alguien, creo que tenemos que unirnos a favor de algo bueno&#8221;.<\/p>\n\n\n\n<p>&#8220;<strong>No voy a participar como candidato en las pr\u00f3ximas elecciones. No voy a tomar caminos que me alejen del pa\u00eds que necesitan los argentinos, ni de lo que fui, soy y ser\u00e9: un militante peronista<\/strong>. No reniego de mis convicciones, las afirmo. Nunca cre\u00ed en juntarse en contra de alguien, creo que tenemos que unirnos a favor de algo bueno&#8221;, expres\u00f3 Urtubey en un mensaje publicado en su perfil de&nbsp;<em>Twitter.<\/em><\/p>\n\n\n\n<figure class=\"wp-block-embed is-type-rich is-provider-twitter wp-block-embed-twitter\"><div class=\"wp-block-embed__wrapper\">\n<blockquote class=\"twitter-tweet\" data-width=\"550\" data-dnt=\"true\"><p lang=\"es\" dir=\"ltr\">No voy a participar como candidato en las pr\u00f3ximas   elecciones. <a href=\"https:\/\/t.co\/883FKmFlIu\">pic.twitter.com\/883FKmFlIu<\/a><\/p>&mdash; Juan Manuel Urtubey (@UrtubeyJM) <a href=\"https:\/\/twitter.com\/UrtubeyJM\/status\/1666520760867856384?ref_src=twsrc%5Etfw\">June 7, 2023<\/a><\/blockquote><script async src=\"https:\/\/platform.twitter.com\/widgets.js\" charset=\"utf-8\"><\/script>\n<\/div><\/figure>\n\n\n\n<p>&#8220;Hoy la pol\u00edtica no entiende a la gente. Y yo no entiendo a esa pol\u00edtica. Los argentinos vivimos en un pa\u00eds destruido y lo \u00fanico que recibimos son peleas de poder, intrigas, egos e internas. Voy a trabajar m\u00e1s que nunca, no necesito un cargo para eso. Tenemos que hacer que la pol\u00edtica vuelva a representar al pueblo&#8221;, sentenci\u00f3.<\/p>\n","protected":false},"excerpt":{"rendered":"<p>Tras romper su alianza con Juan Schiaretti, Juan Manuel Urtubey anunci\u00f3 que no va a &#8220;participar como candidato en las pr\u00f3ximas elecciones&#8221;. Juan Manuel Urtubey anunci\u00f3 este mi\u00e9rcoles que se&hellip; <\/p>\n","protected":false},"author":8,"featured_media":65942,"comment_status":"closed","ping_status":"open","sticky":false,"template":"","format":"standard","meta":{"footnotes":""},"categories":[3],"tags":[],"class_list":["post-65941","post","type-post","status-publish","format-standard","has-post-thumbnail","hentry","category-politica"],"_links":{"self":[{"href":"https:\/\/corrientesdetarde.com\/index.php\/wp-json\/wp\/v2\/posts\/65941","targetHints":{"allow":["GET"]}}],"collection":[{"href":"https:\/\/corrientesdetarde.com\/index.php\/wp-json\/wp\/v2\/posts"}],"about":[{"href":"https:\/\/corrientesdetarde.com\/index.php\/wp-json\/wp\/v2\/types\/post"}],"author":[{"embeddable":true,"href":"https:\/\/corrientesdetarde.com\/index.php\/wp-json\/wp\/v2\/users\/8"}],"replies":[{"embeddable":true,"href":"https:\/\/corrientesdetarde.com\/index.php\/wp-json\/wp\/v2\/comments?post=65941"}],"version-history":[{"count":1,"href":"https:\/\/corrientesdetarde.com\/index.php\/wp-json\/wp\/v2\/posts\/65941\/revisions"}],"predecessor-version":[{"id":65943,"href":"https:\/\/corrientesdetarde.com\/index.php\/wp-json\/wp\/v2\/posts\/65941\/revisions\/65943"}],"wp:featuredmedia":[{"embeddable":true,"href":"https:\/\/corrientesdetarde.com\/index.php\/wp-json\/wp\/v2\/media\/65942"}],"wp:attachment":[{"href":"https:\/\/corrientesdetarde.com\/index.php\/wp-json\/wp\/v2\/media?parent=65941"}],"wp:term":[{"taxonomy":"category","embeddable":true,"href":"https:\/\/corrientesdetarde.com\/index.php\/wp-json\/wp\/v2\/categories?post=65941"},{"taxonomy":"post_tag","embeddable":true,"href":"https:\/\/corrientesdetarde.com\/index.php\/wp-json\/wp\/v2\/tags?post=65941"}],"curies":[{"name":"wp","href":"https:\/\/api.w.org\/{rel}","templated":true}]}}