{"id":66014,"date":"2023-06-08T09:43:58","date_gmt":"2023-06-08T12:43:58","guid":{"rendered":"https:\/\/corrientesdetarde.com\/?p=66014"},"modified":"2023-06-08T09:44:14","modified_gmt":"2023-06-08T12:44:14","slug":"el-look-de-los-famosos-en-el-estreno-de-plagio","status":"publish","type":"post","link":"https:\/\/corrientesdetarde.com\/index.php\/espectaculos\/el-look-de-los-famosos-en-el-estreno-de-plagio\/","title":{"rendered":"El look de los famosos en el estreno de \u201cPlagio\u201d"},"content":{"rendered":"\n<p>Jos\u00e9 Mar\u00eda Muscari present\u00f3 su nuevo espect\u00e1culo, con la novedad de que cuenta cuatro historias distintas con diferentes actores en cada una.<\/p>\n\n\n\n<p>La \u00faltima creaci\u00f3n del director\u00a0<strong>Jos\u00e9 Mar\u00eda Muscari<\/strong>\u00a0tuvo su funci\u00f3n de estreno en la noche porte\u00f1a y varios famosos dieron el presente.\u00a0<strong>Ernestina Pais, Chino Leunis, Patricia Palmer, Agust\u00edn \u201cCachete\u201d Sierra, Gerardo Romano, Edda Bustamante, Andrea Polliti, Noelia Marzol y su marido Ramiro Arias, Mica Riera, Mercedes Carreras, Daniela Cardone, Iliana Calabr\u00f3, Mirtha Wons, Dan Breitman, Adabel Guerrero, Vivian El Jaber, Katja Alemann, Celeste Muriega, Roly Serrano, Anita Pauls, Tamara Garz\u00f3n y Mariana Genesio Pe\u00f1a\u00a0<\/strong>estuvieron disfrutando en el Teatro Regina.\u00a0<\/p>\n\n\n\n<figure class=\"wp-block-image size-full\"><img loading=\"lazy\" decoding=\"async\" width=\"322\" height=\"457\" src=\"https:\/\/corrientesdetarde.com\/wp-content\/uploads\/2023\/06\/Captura-de-pantalla-2023-06-08-093354.png\" alt=\"\" class=\"wp-image-66017\" srcset=\"https:\/\/corrientesdetarde.com\/wp-content\/uploads\/2023\/06\/Captura-de-pantalla-2023-06-08-093354.png 322w, https:\/\/corrientesdetarde.com\/wp-content\/uploads\/2023\/06\/Captura-de-pantalla-2023-06-08-093354-211x300.png 211w\" sizes=\"auto, (max-width: 322px) 100vw, 322px\" \/><\/figure>\n\n\n\n<p><em>Agust\u00edn &#8220;Cachete&#8221; Sierra<\/em><\/p>\n\n\n\n<figure class=\"wp-block-image size-full\"><img loading=\"lazy\" decoding=\"async\" width=\"342\" height=\"461\" src=\"https:\/\/corrientesdetarde.com\/wp-content\/uploads\/2023\/06\/Captura-de-pantalla-2023-06-08-093412.png\" alt=\"\" class=\"wp-image-66018\" srcset=\"https:\/\/corrientesdetarde.com\/wp-content\/uploads\/2023\/06\/Captura-de-pantalla-2023-06-08-093412.png 342w, https:\/\/corrientesdetarde.com\/wp-content\/uploads\/2023\/06\/Captura-de-pantalla-2023-06-08-093412-223x300.png 223w\" sizes=\"auto, (max-width: 342px) 100vw, 342px\" \/><\/figure>\n\n\n\n<p><em>Adabel Guerrero y su marido<\/em><\/p>\n\n\n\n<figure class=\"wp-block-image size-full\"><img loading=\"lazy\" decoding=\"async\" width=\"540\" height=\"462\" src=\"https:\/\/corrientesdetarde.com\/wp-content\/uploads\/2023\/06\/Captura-de-pantalla-2023-06-08-093424.png\" alt=\"\" class=\"wp-image-66019\" srcset=\"https:\/\/corrientesdetarde.com\/wp-content\/uploads\/2023\/06\/Captura-de-pantalla-2023-06-08-093424.png 540w, https:\/\/corrientesdetarde.com\/wp-content\/uploads\/2023\/06\/Captura-de-pantalla-2023-06-08-093424-300x257.png 300w\" sizes=\"auto, (max-width: 540px) 100vw, 540px\" \/><\/figure>\n\n\n\n<p><em>Alexis y Coti de Gran Hermano<\/em><\/p>\n\n\n\n<p>Adem\u00e1s fueron:\u00a0<strong>Esteban Prol y su novia Flor Marcasoli, Juampi Gonzalez junto a Sofi Macaggi, Facu Mazzei, Milita Bora, Alexis y Coti de Gran Hermano, Mica Lapegue, Pato Galvan, Pablo Alarc\u00f3n, Susana Roccasalvo, Alejandra Majluf, Bautista Araneo, Gabo Usandivaras, Anabel Cherubito, Willy Lemos, Bernie Catoira y Ana Acosta.<\/strong><\/p>\n\n\n\n<figure class=\"wp-block-image size-full\"><img loading=\"lazy\" decoding=\"async\" width=\"390\" height=\"463\" src=\"https:\/\/corrientesdetarde.com\/wp-content\/uploads\/2023\/06\/Captura-de-pantalla-2023-06-08-093436.png\" alt=\"\" class=\"wp-image-66020\" srcset=\"https:\/\/corrientesdetarde.com\/wp-content\/uploads\/2023\/06\/Captura-de-pantalla-2023-06-08-093436.png 390w, https:\/\/corrientesdetarde.com\/wp-content\/uploads\/2023\/06\/Captura-de-pantalla-2023-06-08-093436-253x300.png 253w\" sizes=\"auto, (max-width: 390px) 100vw, 390px\" \/><\/figure>\n\n\n\n<p><em>Anabel Cherubito<\/em><\/p>\n\n\n\n<figure class=\"wp-block-image size-full\"><img loading=\"lazy\" decoding=\"async\" width=\"368\" height=\"466\" src=\"https:\/\/corrientesdetarde.com\/wp-content\/uploads\/2023\/06\/Captura-de-pantalla-2023-06-08-093458.png\" alt=\"\" class=\"wp-image-66021\" srcset=\"https:\/\/corrientesdetarde.com\/wp-content\/uploads\/2023\/06\/Captura-de-pantalla-2023-06-08-093458.png 368w, https:\/\/corrientesdetarde.com\/wp-content\/uploads\/2023\/06\/Captura-de-pantalla-2023-06-08-093458-237x300.png 237w\" sizes=\"auto, (max-width: 368px) 100vw, 368px\" \/><\/figure>\n\n\n\n<p><em>Celeste Muriega<\/em><\/p>\n\n\n\n<figure class=\"wp-block-image size-full\"><img loading=\"lazy\" decoding=\"async\" width=\"332\" height=\"465\" src=\"https:\/\/corrientesdetarde.com\/wp-content\/uploads\/2023\/06\/Captura-de-pantalla-2023-06-08-093508.png\" alt=\"\" class=\"wp-image-66022\" srcset=\"https:\/\/corrientesdetarde.com\/wp-content\/uploads\/2023\/06\/Captura-de-pantalla-2023-06-08-093508.png 332w, https:\/\/corrientesdetarde.com\/wp-content\/uploads\/2023\/06\/Captura-de-pantalla-2023-06-08-093508-214x300.png 214w\" sizes=\"auto, (max-width: 332px) 100vw, 332px\" \/><\/figure>\n\n\n\n<p><em>Ernestina Pais<\/em><\/p>\n\n\n\n<figure class=\"wp-block-image size-full\"><img loading=\"lazy\" decoding=\"async\" width=\"342\" height=\"464\" src=\"https:\/\/corrientesdetarde.com\/wp-content\/uploads\/2023\/06\/Captura-de-pantalla-2023-06-08-093519.png\" alt=\"\" class=\"wp-image-66023\" srcset=\"https:\/\/corrientesdetarde.com\/wp-content\/uploads\/2023\/06\/Captura-de-pantalla-2023-06-08-093519.png 342w, https:\/\/corrientesdetarde.com\/wp-content\/uploads\/2023\/06\/Captura-de-pantalla-2023-06-08-093519-221x300.png 221w\" sizes=\"auto, (max-width: 342px) 100vw, 342px\" \/><\/figure>\n\n\n\n<p><em>Esteban Prol y su novia Florencia Marcasoli<\/em><\/p>\n\n\n\n<p>Tambi\u00e9n aplaudieron a las duplas en funciones previas&nbsp;<strong>Betiana Blum, Georgina Barbarossa, Facundo Arana, Celina Font, Laura Azcurra, Betina O&#8217;Connell, Miguel Angel Rodriguez y Mirta Busnelli.&nbsp;<\/strong><\/p>\n\n\n\n<p>\u201cPlagio\u201d tiene 4 versiones y todas ya estrenaron, pero por \u00fanica vez su director propuso que los 8 int\u00e9rpretes act\u00faen en un mismo escenario, una misma noche para sus invitados especiales y la funci\u00f3n fue una verdadera fiesta.<\/p>\n\n\n\n<p>Cabe recordar que\u00a0<strong>In\u00e9s Estevez, Malena Solda, Esther Goris, Nicol\u00e1s Riera, C\u00e9sar Bord\u00f3n, Thelma Fard\u00edn, Diego Ramos y Nicol\u00e1s Pauls<\/strong>\u00a0son quienes le dan vida a los personajes creados por Mariela Asensio y Muscari en \u201cPlagio, cuatro versiones del mismo amor\u201d, que se puede ver en el Teatro Regina.\u00a0<\/p>\n\n\n\n<figure class=\"wp-block-image size-full\"><img loading=\"lazy\" decoding=\"async\" width=\"340\" height=\"466\" src=\"https:\/\/corrientesdetarde.com\/wp-content\/uploads\/2023\/06\/Captura-de-pantalla-2023-06-08-093530.png\" alt=\"\" class=\"wp-image-66024\" srcset=\"https:\/\/corrientesdetarde.com\/wp-content\/uploads\/2023\/06\/Captura-de-pantalla-2023-06-08-093530.png 340w, https:\/\/corrientesdetarde.com\/wp-content\/uploads\/2023\/06\/Captura-de-pantalla-2023-06-08-093530-219x300.png 219w\" sizes=\"auto, (max-width: 340px) 100vw, 340px\" \/><\/figure>\n\n\n\n<p><em>Iliana Calabr\u00f3 y su nuevo novio<\/em><\/p>\n\n\n\n<figure class=\"wp-block-image size-full\"><img loading=\"lazy\" decoding=\"async\" width=\"334\" height=\"462\" src=\"https:\/\/corrientesdetarde.com\/wp-content\/uploads\/2023\/06\/Captura-de-pantalla-2023-06-08-093541.png\" alt=\"\" class=\"wp-image-66025\" srcset=\"https:\/\/corrientesdetarde.com\/wp-content\/uploads\/2023\/06\/Captura-de-pantalla-2023-06-08-093541.png 334w, https:\/\/corrientesdetarde.com\/wp-content\/uploads\/2023\/06\/Captura-de-pantalla-2023-06-08-093541-217x300.png 217w\" sizes=\"auto, (max-width: 334px) 100vw, 334px\" \/><\/figure>\n\n\n\n<p><em>Mariana Genesio Pe\u00f1a<\/em><\/p>\n\n\n\n<figure class=\"wp-block-image size-full\"><img loading=\"lazy\" decoding=\"async\" width=\"345\" height=\"462\" src=\"https:\/\/corrientesdetarde.com\/wp-content\/uploads\/2023\/06\/Captura-de-pantalla-2023-06-08-093556.png\" alt=\"\" class=\"wp-image-66026\" srcset=\"https:\/\/corrientesdetarde.com\/wp-content\/uploads\/2023\/06\/Captura-de-pantalla-2023-06-08-093556.png 345w, https:\/\/corrientesdetarde.com\/wp-content\/uploads\/2023\/06\/Captura-de-pantalla-2023-06-08-093556-224x300.png 224w\" sizes=\"auto, (max-width: 345px) 100vw, 345px\" \/><\/figure>\n\n\n\n<p><em>Noelia Marzol y su marido<\/em><\/p>\n\n\n\n<figure class=\"wp-block-image size-full\"><img loading=\"lazy\" decoding=\"async\" width=\"309\" height=\"465\" src=\"https:\/\/corrientesdetarde.com\/wp-content\/uploads\/2023\/06\/Captura-de-pantalla-2023-06-08-093608.png\" alt=\"\" class=\"wp-image-66027\" srcset=\"https:\/\/corrientesdetarde.com\/wp-content\/uploads\/2023\/06\/Captura-de-pantalla-2023-06-08-093608.png 309w, https:\/\/corrientesdetarde.com\/wp-content\/uploads\/2023\/06\/Captura-de-pantalla-2023-06-08-093608-199x300.png 199w\" sizes=\"auto, (max-width: 309px) 100vw, 309px\" \/><\/figure>\n\n\n\n<p><em>Susana Roccasalvo y Thelma Fard\u00edn<\/em><\/p>\n\n\n\n<p>La historia es la misma en las cuatro versiones: un candidato a presidente\/a (Est\u00e9vez, Goris, Bord\u00f3n, Ramos) con familia tradicional, que tiene a su asesor\/a (Pauls, Fard\u00edn, Riera, Solda) como amante, quienes transitan la obra por diferentes sensaciones, emociones y situaciones. La diferencia se da en que hay amor entre mujeres, amor entre hombres y amor con diferencia de edad seg\u00fan la versi\u00f3n. Hay pasi\u00f3n, sexo, escenas jugadas, romanticismo y tambi\u00e9n mucho humor.&nbsp;<\/p>\n\n\n\n<p>Lo interesante de la propuesta es que los espectadores pueden elegir qu\u00e9 versi\u00f3n ver: el amor entre mujeres llega con In\u00e9s Est\u00e9vez y Malena Solda, quienes le dan vida a Rebeca y Sof\u00eda los viernes, s\u00e1bados y domingos; mientras que la pareja de hombres la componen Diego Ramos (Martiniano) y Nicol\u00e1s Pauls (Tom\u00e1s) suben a escena los martes y mi\u00e9rcoles.&nbsp;<\/p>\n\n\n\n<p>Esther Goris y Nicol\u00e1s Riera son Lucrecia y Joaqu\u00edn los viernes, s\u00e1bados y domingos; y C\u00e9sar Bord\u00f3n y Thelma Fard\u00edn, son los actores que le dan vida a Guido y M\u00eda, due\u00f1os un v\u00ednculo de amor y traiciones en una relacion heterosexual donde la diferencia de edad est\u00e1 presente, los domingos 21.30h.<\/p>\n\n\n\n<p>Muscari apuesta a una propuesta diferente una vez m\u00e1s, para incomodar, motivar y hacer pensar \u201c\u00bfQu\u00e9 amamos cu\u00e1ndo amamos? \u00bfUno ama m\u00e1s que el otro?\u201d.<\/p>\n","protected":false},"excerpt":{"rendered":"<p>Jos\u00e9 Mar\u00eda Muscari present\u00f3 su nuevo espect\u00e1culo, con la novedad de que cuenta cuatro historias distintas con diferentes actores en cada una. La \u00faltima creaci\u00f3n del director\u00a0Jos\u00e9 Mar\u00eda Muscari\u00a0tuvo su&hellip; <\/p>\n","protected":false},"author":4,"featured_media":66016,"comment_status":"closed","ping_status":"open","sticky":false,"template":"","format":"standard","meta":{"footnotes":""},"categories":[19],"tags":[],"class_list":["post-66014","post","type-post","status-publish","format-standard","has-post-thumbnail","hentry","category-espectaculos"],"_links":{"self":[{"href":"https:\/\/corrientesdetarde.com\/index.php\/wp-json\/wp\/v2\/posts\/66014","targetHints":{"allow":["GET"]}}],"collection":[{"href":"https:\/\/corrientesdetarde.com\/index.php\/wp-json\/wp\/v2\/posts"}],"about":[{"href":"https:\/\/corrientesdetarde.com\/index.php\/wp-json\/wp\/v2\/types\/post"}],"author":[{"embeddable":true,"href":"https:\/\/corrientesdetarde.com\/index.php\/wp-json\/wp\/v2\/users\/4"}],"replies":[{"embeddable":true,"href":"https:\/\/corrientesdetarde.com\/index.php\/wp-json\/wp\/v2\/comments?post=66014"}],"version-history":[{"count":1,"href":"https:\/\/corrientesdetarde.com\/index.php\/wp-json\/wp\/v2\/posts\/66014\/revisions"}],"predecessor-version":[{"id":66029,"href":"https:\/\/corrientesdetarde.com\/index.php\/wp-json\/wp\/v2\/posts\/66014\/revisions\/66029"}],"wp:featuredmedia":[{"embeddable":true,"href":"https:\/\/corrientesdetarde.com\/index.php\/wp-json\/wp\/v2\/media\/66016"}],"wp:attachment":[{"href":"https:\/\/corrientesdetarde.com\/index.php\/wp-json\/wp\/v2\/media?parent=66014"}],"wp:term":[{"taxonomy":"category","embeddable":true,"href":"https:\/\/corrientesdetarde.com\/index.php\/wp-json\/wp\/v2\/categories?post=66014"},{"taxonomy":"post_tag","embeddable":true,"href":"https:\/\/corrientesdetarde.com\/index.php\/wp-json\/wp\/v2\/tags?post=66014"}],"curies":[{"name":"wp","href":"https:\/\/api.w.org\/{rel}","templated":true}]}}