{"id":66046,"date":"2023-06-08T11:39:34","date_gmt":"2023-06-08T14:39:34","guid":{"rendered":"https:\/\/corrientesdetarde.com\/?p=66046"},"modified":"2023-06-08T11:39:37","modified_gmt":"2023-06-08T14:39:37","slug":"acuerdo-para-fomentar-las-energias-renovables","status":"publish","type":"post","link":"https:\/\/corrientesdetarde.com\/index.php\/locales\/acuerdo-para-fomentar-las-energias-renovables\/","title":{"rendered":"Acuerdo para fomentar las energ\u00edas renovables"},"content":{"rendered":"\n<p>Braillard Poccard: \u201cEs un desaf\u00edo generar energ\u00eda amigable con el medio ambiente\u201d<\/p>\n\n\n\n<figure class=\"wp-block-image size-large\"><img loading=\"lazy\" decoding=\"async\" width=\"1024\" height=\"682\" src=\"https:\/\/corrientesdetarde.com\/wp-content\/uploads\/2023\/06\/4-1024x682.jpeg\" alt=\"\" class=\"wp-image-66070\" srcset=\"https:\/\/corrientesdetarde.com\/wp-content\/uploads\/2023\/06\/4-1024x682.jpeg 1024w, https:\/\/corrientesdetarde.com\/wp-content\/uploads\/2023\/06\/4-300x200.jpeg 300w, https:\/\/corrientesdetarde.com\/wp-content\/uploads\/2023\/06\/4-768x512.jpeg 768w, https:\/\/corrientesdetarde.com\/wp-content\/uploads\/2023\/06\/4-272x182.jpeg 272w, https:\/\/corrientesdetarde.com\/wp-content\/uploads\/2023\/06\/4.jpeg 1280w\" sizes=\"auto, (max-width: 1024px) 100vw, 1024px\" \/><\/figure>\n\n\n\n<p>El Vicegobernador, Pedro Braillard Poccard, encabez\u00f3 junto al intendente, Eduardo Tassano, la firma de convenio de cooperaci\u00f3n y asistencia para la promoci\u00f3n de energ\u00edas renovables. De esta manera, la provincia y la ciudad de Corrientes dan un paso m\u00e1s en la lucha contra el cambio clim\u00e1tico.<br>La r\u00fabrica tuvo lugar en la Sociedad Espa\u00f1ola en el marco de la semana del Medio Ambiente, con el fin de impulsar las energ\u00edas renovables y la eficiencia energ\u00e9tica de manera mancomunada.<br>Participaron, adem\u00e1s, el secretario de Energ\u00eda de la provincia, Dr. Arturo Busso; y la Gerente General de la Caja Municipal de Pr\u00e9stamos, Mar\u00eda Paula Prosman.<\/p>\n\n\n\n<figure class=\"wp-block-image size-large\"><img loading=\"lazy\" decoding=\"async\" width=\"1024\" height=\"682\" src=\"https:\/\/corrientesdetarde.com\/wp-content\/uploads\/2023\/06\/3-1024x682.jpeg\" alt=\"\" class=\"wp-image-66069\" srcset=\"https:\/\/corrientesdetarde.com\/wp-content\/uploads\/2023\/06\/3-1024x682.jpeg 1024w, https:\/\/corrientesdetarde.com\/wp-content\/uploads\/2023\/06\/3-300x200.jpeg 300w, https:\/\/corrientesdetarde.com\/wp-content\/uploads\/2023\/06\/3-768x512.jpeg 768w, https:\/\/corrientesdetarde.com\/wp-content\/uploads\/2023\/06\/3-272x182.jpeg 272w, https:\/\/corrientesdetarde.com\/wp-content\/uploads\/2023\/06\/3.jpeg 1280w\" sizes=\"auto, (max-width: 1024px) 100vw, 1024px\" \/><\/figure>\n\n\n\n<p><br>El intendente Tassano se refiri\u00f3 a la importancia de \u201cconcientizar sobre la utilizaci\u00f3n de energ\u00edas renovables\u201d. \u201cCorrientes es una ciudad que lucha contra el cambio clim\u00e1tico, con la gesti\u00f3n de recolecci\u00f3n de residuos, con la creaci\u00f3n de puntos verdes en distintos lugares de la ciudad\u201d se\u00f1al\u00f3 y remarc\u00f3 \u201ces un largo camino que la ciudad viene llevando adelante a trav\u00e9s de su participaci\u00f3n en la Red de Municipios frente al Cambio Clim\u00e1tico\u201d.<br>Por su parte, el Vicegobernador destac\u00f3: \u201cEsta firma es un paso trascendental del Municipio, porque plantea el desaf\u00edo de buscar formas de producci\u00f3n de energ\u00eda que sean cada vez m\u00e1s amigables con el medio ambiente, y menos da\u00f1inas\u201d. Felicit\u00f3 a Tassano y concluy\u00f3: \u201cEn Europa las energ\u00edas alternativas se vienen desarrollando hace tiempo, con una importante pol\u00edtica de producci\u00f3n, y \u00e9ste es el camino en el que est\u00e1 orientado el mundo y hacia donde apunta el Municipio de Corrientes\u201d.<\/p>\n\n\n\n<figure class=\"wp-block-image size-large\"><img loading=\"lazy\" decoding=\"async\" width=\"1024\" height=\"682\" src=\"https:\/\/corrientesdetarde.com\/wp-content\/uploads\/2023\/06\/1-1024x682.jpeg\" alt=\"\" class=\"wp-image-66068\" srcset=\"https:\/\/corrientesdetarde.com\/wp-content\/uploads\/2023\/06\/1-1024x682.jpeg 1024w, https:\/\/corrientesdetarde.com\/wp-content\/uploads\/2023\/06\/1-300x200.jpeg 300w, https:\/\/corrientesdetarde.com\/wp-content\/uploads\/2023\/06\/1-768x512.jpeg 768w, https:\/\/corrientesdetarde.com\/wp-content\/uploads\/2023\/06\/1-272x182.jpeg 272w, https:\/\/corrientesdetarde.com\/wp-content\/uploads\/2023\/06\/1.jpeg 1280w\" sizes=\"auto, (max-width: 1024px) 100vw, 1024px\" \/><\/figure>\n\n\n\n<p><br>Con este acuerdo, la Secretar\u00eda de Energ\u00eda de la provincia y la Municipalidad, formalizan el trabajo que ya vienen llevando a cabo a trav\u00e9s del programa \u201cEdificios p\u00fablicos energ\u00e9ticamente eficientes\u201d.<br>El primer edificio en adherirse fue la Caja Municipal de Pr\u00e9stamos, que a trav\u00e9s de un ambicioso Plan de Ahorro Energ\u00e9tico y la instalaci\u00f3n de paneles solares, reducir\u00e1 al menos un 40% la huella de carbono y ser\u00e1 pionera en la contribuci\u00f3n en la lucha contra el cambio clim\u00e1tico.<\/p>\n","protected":false},"excerpt":{"rendered":"<p>Braillard Poccard: \u201cEs un desaf\u00edo generar energ\u00eda amigable con el medio ambiente\u201d El Vicegobernador, Pedro Braillard Poccard, encabez\u00f3 junto al intendente, Eduardo Tassano, la firma de convenio de cooperaci\u00f3n y&hellip; <\/p>\n","protected":false},"author":4,"featured_media":66067,"comment_status":"closed","ping_status":"open","sticky":false,"template":"","format":"standard","meta":{"footnotes":""},"categories":[8],"tags":[],"class_list":["post-66046","post","type-post","status-publish","format-standard","has-post-thumbnail","hentry","category-locales"],"_links":{"self":[{"href":"https:\/\/corrientesdetarde.com\/index.php\/wp-json\/wp\/v2\/posts\/66046","targetHints":{"allow":["GET"]}}],"collection":[{"href":"https:\/\/corrientesdetarde.com\/index.php\/wp-json\/wp\/v2\/posts"}],"about":[{"href":"https:\/\/corrientesdetarde.com\/index.php\/wp-json\/wp\/v2\/types\/post"}],"author":[{"embeddable":true,"href":"https:\/\/corrientesdetarde.com\/index.php\/wp-json\/wp\/v2\/users\/4"}],"replies":[{"embeddable":true,"href":"https:\/\/corrientesdetarde.com\/index.php\/wp-json\/wp\/v2\/comments?post=66046"}],"version-history":[{"count":1,"href":"https:\/\/corrientesdetarde.com\/index.php\/wp-json\/wp\/v2\/posts\/66046\/revisions"}],"predecessor-version":[{"id":66071,"href":"https:\/\/corrientesdetarde.com\/index.php\/wp-json\/wp\/v2\/posts\/66046\/revisions\/66071"}],"wp:featuredmedia":[{"embeddable":true,"href":"https:\/\/corrientesdetarde.com\/index.php\/wp-json\/wp\/v2\/media\/66067"}],"wp:attachment":[{"href":"https:\/\/corrientesdetarde.com\/index.php\/wp-json\/wp\/v2\/media?parent=66046"}],"wp:term":[{"taxonomy":"category","embeddable":true,"href":"https:\/\/corrientesdetarde.com\/index.php\/wp-json\/wp\/v2\/categories?post=66046"},{"taxonomy":"post_tag","embeddable":true,"href":"https:\/\/corrientesdetarde.com\/index.php\/wp-json\/wp\/v2\/tags?post=66046"}],"curies":[{"name":"wp","href":"https:\/\/api.w.org\/{rel}","templated":true}]}}