{"id":66072,"date":"2023-06-08T11:54:28","date_gmt":"2023-06-08T14:54:28","guid":{"rendered":"https:\/\/corrientesdetarde.com\/?p=66072"},"modified":"2023-06-08T11:54:33","modified_gmt":"2023-06-08T14:54:33","slug":"los-rios-parana-y-uruguay-registran-fase-de-descenso","status":"publish","type":"post","link":"https:\/\/corrientesdetarde.com\/index.php\/informacion-general\/los-rios-parana-y-uruguay-registran-fase-de-descenso\/","title":{"rendered":"Los r\u00edos Paran\u00e1 y Uruguay registran fase de descenso"},"content":{"rendered":"\n<p>El r\u00edo Paran\u00e1 y el r\u00edo Uruguay en territorio argentino registran descenso, se\u00f1al\u00f3 el informe semanal del Instituto Nacional del Agua (INA), publicado por el Instituto Correntino del Agua y del Ambiente (ICAA) en su sitio web\u00a0www.icaa.gov.ar<\/p>\n\n\n\n<p>En las secciones superiores del r\u00edo Paran\u00e1, en el tramo Corrientes-Goya, se observ\u00f3 un leve incremento sobre los valores medios hasta el 5 de junio. Para la pr\u00f3xima semana no se prev\u00e9n precipitaciones significativas.<\/p>\n\n\n\n<figure class=\"wp-block-image size-full\"><img loading=\"lazy\" decoding=\"async\" width=\"453\" height=\"327\" src=\"https:\/\/corrientesdetarde.com\/wp-content\/uploads\/2023\/06\/11.png\" alt=\"\" class=\"wp-image-66076\" srcset=\"https:\/\/corrientesdetarde.com\/wp-content\/uploads\/2023\/06\/11.png 453w, https:\/\/corrientesdetarde.com\/wp-content\/uploads\/2023\/06\/11-300x217.png 300w\" sizes=\"auto, (max-width: 453px) 100vw, 453px\" \/><\/figure>\n\n\n\n<p>Desde entonces se registra tendencia descendente sobre los valores de base y de pico de las oscilaciones intra-semanales, asociadas a los pulsos de operaci\u00f3n de Yacyret\u00e1. Actualmente se sostiene el descenso, en rango de aguas bajas, ajust\u00e1ndose al patr\u00f3n de descenso estacional, aun por encima de las marcas cr\u00edticas de los a\u00f1os cr\u00edticos precedentes. Se espera que persista en descenso. Asimismo, los valores medios semanales se observan 1,00 metros por debajo de los promedios de los \u00faltimos 25 a\u00f1os para la misma \u00e9poca del a\u00f1o.<\/p>\n\n\n\n<figure class=\"wp-block-image size-full\"><img loading=\"lazy\" decoding=\"async\" width=\"709\" height=\"243\" src=\"https:\/\/corrientesdetarde.com\/wp-content\/uploads\/2023\/06\/12.png\" alt=\"\" class=\"wp-image-66077\" srcset=\"https:\/\/corrientesdetarde.com\/wp-content\/uploads\/2023\/06\/12.png 709w, https:\/\/corrientesdetarde.com\/wp-content\/uploads\/2023\/06\/12-300x103.png 300w\" sizes=\"auto, (max-width: 709px) 100vw, 709px\" \/><\/figure>\n\n\n\n<p>En el r\u00edo Uruguay, tramo Santo Tom\u00e9 &#8211; Paso de los Libres el nivel hidrom\u00e9trico diario se observ\u00f3 en fase descenso, luego de la culminaci\u00f3n del \u00faltimo ascenso, con oscilaciones acotadas y recuperaci\u00f3n del nivel de base, en rango de aguas medias bajas. Seg\u00fan la situaci\u00f3n observada actualmente y de acuerdo al escenario previsto aguas arriba, lo m\u00e1s probable es que se mantenga con oscilaciones acotadas sin tendencia definida o presente un leve descenso sobre los valores de base, en aguas medias bajas.<\/p>\n","protected":false},"excerpt":{"rendered":"<p>El r\u00edo Paran\u00e1 y el r\u00edo Uruguay en territorio argentino registran descenso, se\u00f1al\u00f3 el informe semanal del Instituto Nacional del Agua (INA), publicado por el Instituto Correntino del Agua y&hellip; <\/p>\n","protected":false},"author":4,"featured_media":66075,"comment_status":"closed","ping_status":"open","sticky":false,"template":"","format":"standard","meta":{"footnotes":""},"categories":[1],"tags":[],"class_list":["post-66072","post","type-post","status-publish","format-standard","has-post-thumbnail","hentry","category-informacion-general"],"_links":{"self":[{"href":"https:\/\/corrientesdetarde.com\/index.php\/wp-json\/wp\/v2\/posts\/66072","targetHints":{"allow":["GET"]}}],"collection":[{"href":"https:\/\/corrientesdetarde.com\/index.php\/wp-json\/wp\/v2\/posts"}],"about":[{"href":"https:\/\/corrientesdetarde.com\/index.php\/wp-json\/wp\/v2\/types\/post"}],"author":[{"embeddable":true,"href":"https:\/\/corrientesdetarde.com\/index.php\/wp-json\/wp\/v2\/users\/4"}],"replies":[{"embeddable":true,"href":"https:\/\/corrientesdetarde.com\/index.php\/wp-json\/wp\/v2\/comments?post=66072"}],"version-history":[{"count":1,"href":"https:\/\/corrientesdetarde.com\/index.php\/wp-json\/wp\/v2\/posts\/66072\/revisions"}],"predecessor-version":[{"id":66078,"href":"https:\/\/corrientesdetarde.com\/index.php\/wp-json\/wp\/v2\/posts\/66072\/revisions\/66078"}],"wp:featuredmedia":[{"embeddable":true,"href":"https:\/\/corrientesdetarde.com\/index.php\/wp-json\/wp\/v2\/media\/66075"}],"wp:attachment":[{"href":"https:\/\/corrientesdetarde.com\/index.php\/wp-json\/wp\/v2\/media?parent=66072"}],"wp:term":[{"taxonomy":"category","embeddable":true,"href":"https:\/\/corrientesdetarde.com\/index.php\/wp-json\/wp\/v2\/categories?post=66072"},{"taxonomy":"post_tag","embeddable":true,"href":"https:\/\/corrientesdetarde.com\/index.php\/wp-json\/wp\/v2\/tags?post=66072"}],"curies":[{"name":"wp","href":"https:\/\/api.w.org\/{rel}","templated":true}]}}