{"id":66073,"date":"2023-06-08T11:58:36","date_gmt":"2023-06-08T14:58:36","guid":{"rendered":"https:\/\/corrientesdetarde.com\/?p=66073"},"modified":"2023-06-08T12:08:36","modified_gmt":"2023-06-08T15:08:36","slug":"elecciones-provinciales-el-domingo-loscolectivos-seran-gratuitos-para-ir-a-votar","status":"publish","type":"post","link":"https:\/\/corrientesdetarde.com\/index.php\/actualidad\/elecciones-provinciales-el-domingo-loscolectivos-seran-gratuitos-para-ir-a-votar\/","title":{"rendered":"Elecciones provinciales: el domingo los colectivos ser\u00e1n gratuitos para ir a votar"},"content":{"rendered":"\n<p><em>Ser\u00e1 en el horario de 7 a 19, en todas las l\u00edneas de las empresas prestatarias del transporte urbano de pasajeros que cumplen servicio en el \u00e1mbito de la ciudad de Corrientes. La decisi\u00f3n del Ejecutivo Municipal tiene por objetivo facilitar el traslado de los electores hasta el lugar de votaci\u00f3n.<\/em><\/p>\n\n\n\n<p>La Municipalidad de Corrientes informa que el domingo 11 de junio el boleto del transporte urbano de pasajeros en el \u00e1mbito de la ciudad ser\u00e1 gratuito, en el horario de 7 a 19.<br><br>La decisi\u00f3n tiene por objetivo facilitar el traslado de los electores a los diferentes lugares de votaci\u00f3n con motivo de las elecciones provinciales y municipales convocadas para dicha fecha.<br><br>Desde la Secretar\u00eda de Movilidad y Seguridad, indicaron que los colectivos estar\u00e1n disponibles de forma gratuita en el horario de votaci\u00f3n, en todas las empresas prestatarias del servicio en el \u00e1mbito de la ciudad de Corrientes, y abarca a sus diferentes ramales.<br><br>Cabe recordar que el 11 de junio se elegir\u00e1 senadores y diputados provinciales, as\u00ed como concejales.<\/p>\n","protected":false},"excerpt":{"rendered":"<p>Ser\u00e1 en el horario de 7 a 19, en todas las l\u00edneas de las empresas prestatarias del transporte urbano de pasajeros que cumplen servicio en el \u00e1mbito de la ciudad&hellip; <\/p>\n","protected":false},"author":4,"featured_media":66079,"comment_status":"closed","ping_status":"open","sticky":false,"template":"","format":"standard","meta":{"footnotes":""},"categories":[23],"tags":[],"class_list":["post-66073","post","type-post","status-publish","format-standard","has-post-thumbnail","hentry","category-actualidad"],"_links":{"self":[{"href":"https:\/\/corrientesdetarde.com\/index.php\/wp-json\/wp\/v2\/posts\/66073","targetHints":{"allow":["GET"]}}],"collection":[{"href":"https:\/\/corrientesdetarde.com\/index.php\/wp-json\/wp\/v2\/posts"}],"about":[{"href":"https:\/\/corrientesdetarde.com\/index.php\/wp-json\/wp\/v2\/types\/post"}],"author":[{"embeddable":true,"href":"https:\/\/corrientesdetarde.com\/index.php\/wp-json\/wp\/v2\/users\/4"}],"replies":[{"embeddable":true,"href":"https:\/\/corrientesdetarde.com\/index.php\/wp-json\/wp\/v2\/comments?post=66073"}],"version-history":[{"count":2,"href":"https:\/\/corrientesdetarde.com\/index.php\/wp-json\/wp\/v2\/posts\/66073\/revisions"}],"predecessor-version":[{"id":66081,"href":"https:\/\/corrientesdetarde.com\/index.php\/wp-json\/wp\/v2\/posts\/66073\/revisions\/66081"}],"wp:featuredmedia":[{"embeddable":true,"href":"https:\/\/corrientesdetarde.com\/index.php\/wp-json\/wp\/v2\/media\/66079"}],"wp:attachment":[{"href":"https:\/\/corrientesdetarde.com\/index.php\/wp-json\/wp\/v2\/media?parent=66073"}],"wp:term":[{"taxonomy":"category","embeddable":true,"href":"https:\/\/corrientesdetarde.com\/index.php\/wp-json\/wp\/v2\/categories?post=66073"},{"taxonomy":"post_tag","embeddable":true,"href":"https:\/\/corrientesdetarde.com\/index.php\/wp-json\/wp\/v2\/tags?post=66073"}],"curies":[{"name":"wp","href":"https:\/\/api.w.org\/{rel}","templated":true}]}}