{"id":66083,"date":"2023-06-08T12:29:54","date_gmt":"2023-06-08T15:29:54","guid":{"rendered":"https:\/\/corrientesdetarde.com\/?p=66083"},"modified":"2023-06-08T12:30:06","modified_gmt":"2023-06-08T15:30:06","slug":"en-ituzaingo-valdes-propuso-un-objetivo-ambicioso-ser-la-primera-provincia-digitalizada-en-su-contenido-educativo","status":"publish","type":"post","link":"https:\/\/corrientesdetarde.com\/index.php\/actualidad\/en-ituzaingo-valdes-propuso-un-objetivo-ambicioso-ser-la-primera-provincia-digitalizada-en-su-contenido-educativo\/","title":{"rendered":"En Ituzaing\u00f3, Vald\u00e9s propuso un objetivo ambicioso: \u201cSer la primera provincia digitalizada en su contenido educativo\u201d"},"content":{"rendered":"\n<p>En la continuidad de su agenda de actividades en la localidad de Ituzaing\u00f3, el gobernador Gustavo Vald\u00e9s, acompa\u00f1ado por el intendente Juan Pablo Vald\u00e9s, presidi\u00f3 este jueves el acto de entrega de 551 notebooks del programa \u201cIncluir Futuro\u201d a 10 establecimientos secundarios del medio, de Villa Olivari, Isla Apip\u00e9 y de parajes rurales. El mismo se concret\u00f3 en las instalaciones del Colegio \u201cJuan Bautista Alberdi\u201d.<\/p>\n\n\n\n<p>\u201cEn dos o tres a\u00f1os, con este programa que solamente se desenvuelve en Corrientes, buscamos ser la primera provincia digitalizada en todo su contenido educativo\u201d, afirm\u00f3 de manera elocuente el mandatario, destacando que su gesti\u00f3n ya lleva invertido m\u00e1s $1mil millones en los dispositivos digitales que generan una verdadera revoluci\u00f3n en el acceso al conocimiento para los j\u00f3venes<\/p>\n\n\n\n<figure class=\"wp-block-image size-large\"><img loading=\"lazy\" decoding=\"async\" width=\"1024\" height=\"673\" src=\"https:\/\/corrientesdetarde.com\/wp-content\/uploads\/2023\/06\/Captura-de-pantalla-2023-06-08-122614-1024x673.png\" alt=\"\" class=\"wp-image-66088\" srcset=\"https:\/\/corrientesdetarde.com\/wp-content\/uploads\/2023\/06\/Captura-de-pantalla-2023-06-08-122614-1024x673.png 1024w, https:\/\/corrientesdetarde.com\/wp-content\/uploads\/2023\/06\/Captura-de-pantalla-2023-06-08-122614-300x197.png 300w, https:\/\/corrientesdetarde.com\/wp-content\/uploads\/2023\/06\/Captura-de-pantalla-2023-06-08-122614-768x505.png 768w, https:\/\/corrientesdetarde.com\/wp-content\/uploads\/2023\/06\/Captura-de-pantalla-2023-06-08-122614.png 1276w\" sizes=\"auto, (max-width: 1024px) 100vw, 1024px\" \/><\/figure>\n\n\n\n<p>Esta entrega se sustenta en los ejes de modernizaci\u00f3n, desarrollo e inclusi\u00f3n para dotar de computadoras a los alumnos ingresantes del nivel secundario en toda la provincia, que se sustentan en dos pilares fundamentales, el de la equidad en el acceso a la tecnolog\u00eda y la del desarrollo de las competencias y capacidades educativas.<\/p>\n\n\n\n<p>Con estas nuevas computadoras los docentes y alumnos acceden a todos los contenidos de \u201cEduca Play\u201d, el programa de formaci\u00f3n digital disponible en la plataforma \u201cCorrientes Play\u201d que desarroll\u00f3 el Gobierno Provincial para complementar el proceso de ense\u00f1anza-aprendizaje de las aulas.<\/p>\n\n\n\n<p>\u201cEl futuro llega m\u00e1s r\u00e1pido de lo que nosotros creemos, por eso tenemos que comprender la necesidad de la educaci\u00f3n\u201d, se\u00f1al\u00f3 el mandatario, durante la entrega de los dispositivos, destacando, adem\u00e1s, \u201cla posibilidad de llegar al 100% de las escuelas con internet a todas las escuelas y llevar fibra \u00f3ptica a trav\u00e9s de una empresa del estado \u2013como es TELCO- para que tengamos soberan\u00eda digital\u201d.<\/p>\n\n\n\n<p>Vald\u00e9s continu\u00f3 considerando que \u201cuna persona que sabe programar puede hacerlo desde su casa y trabajar en la econom\u00eda del conocimiento\u201d, y en el futuro, \u201cen este mercado, puede ganar entre 6 mil y 8 mil d\u00f3lares\u201d.<\/p>\n\n\n\n<figure class=\"wp-block-image size-large\"><img loading=\"lazy\" decoding=\"async\" width=\"1024\" height=\"673\" src=\"https:\/\/corrientesdetarde.com\/wp-content\/uploads\/2023\/06\/Captura-de-pantalla-2023-06-08-122614-1024x673.png\" alt=\"\" class=\"wp-image-66088\" srcset=\"https:\/\/corrientesdetarde.com\/wp-content\/uploads\/2023\/06\/Captura-de-pantalla-2023-06-08-122614-1024x673.png 1024w, https:\/\/corrientesdetarde.com\/wp-content\/uploads\/2023\/06\/Captura-de-pantalla-2023-06-08-122614-300x197.png 300w, https:\/\/corrientesdetarde.com\/wp-content\/uploads\/2023\/06\/Captura-de-pantalla-2023-06-08-122614-768x505.png 768w, https:\/\/corrientesdetarde.com\/wp-content\/uploads\/2023\/06\/Captura-de-pantalla-2023-06-08-122614.png 1276w\" sizes=\"auto, (max-width: 1024px) 100vw, 1024px\" \/><\/figure>\n\n\n\n<p>El gobernador sostuvo que con la entrega de notebooks, \u201cle damos oportunidad a los alumnos para que tengan una visi\u00f3n de futuro, y poder acceder al 90% del conocimiento humano, que est\u00e1 en internet\u201d. En este aspecto, el mismo aclar\u00f3 que, igualmente, \u201cla tutela siempre la tiene el profesor, por m\u00e1s que la computadora sea central en la educaci\u00f3n del alumno y en el desarrollo curricular\u201d.<\/p>\n\n\n\n<p>Para concluir, Vald\u00e9s inst\u00f3 a la cartera educativa a fomentar cada vez m\u00e1s el desarrollo de los contenidos de \u201cEduca Play\u201d y \u201cCorrientes Play\u201d, garantizando a su vez que proseguir\u00e1 la inversi\u00f3n para adquirir nuevas computadoras que lleguen a manos de los estudiantes correntinos.<\/p>\n\n\n\n<p><strong>Pr\u00e1xedes L\u00f3pez<\/strong><\/p>\n\n\n\n<p>\u201cEstos actos que nos llenan de satisfacci\u00f3n y orgullo y con Incluir Futuro estamos recorriendo toda la Provincia, entregando las computadoras para que los alumnos puedan acceder a los contenidos audiovisuales y sigan aprendiendo\u201d, expres\u00f3 en primer lugar la ministra de Educaci\u00f3n, Pr\u00e1xedes L\u00f3pez, para qui\u00e9n estas acciones forman parte del proceso de modernizaci\u00f3n a trav\u00e9s de las nuevas tecnolog\u00edas y plataformas digitales, siendo una \u201cverdadera revoluci\u00f3n del conocimiento\u201d.<\/p>\n\n\n\n<p>La ministra destac\u00f3 que gracias a la creaci\u00f3n de la Subsecretar\u00eda de Contenidos audiovisuales, que justamente cumple un a\u00f1o, se logr\u00f3 \u201cla impronta necesaria apuntalar el uso de los dispositivos digitales en nuestros alumnos, siempre con los docentes acompa\u00f1\u00e1ndolos\u201d.<\/p>\n\n\n\n<p>La titular de la cartera educativa puso de relieve que es clave la permanente capacitaci\u00f3n de los docentes correntinos, quienes crean los contenidos que est\u00e1n disponibles a trav\u00e9s de Educa Play y subray\u00f3 que adem\u00e1s de la entrega de computadoras, la educaci\u00f3n p\u00fablica y gratuita, eje de gesti\u00f3n del gobernador Gustavo Vald\u00e9s, se fortalece con la inauguraci\u00f3n de escuelas y el desarrollo de obras de infraestructura en todo el territorio provincial.<\/p>\n\n\n\n<p>Otro tema importante que abord\u00f3 la ministra es la terminalidad y en ese sentido dijo que es fundamental \u201cdetectar a los alumnos que abandonan las escuelas y reinsentarlos en el sistema educativo\u201d, para que puedan culminar sus estudios tanto en el nivel secundario como en el primario.<\/p>\n\n\n\n<p><strong>Intendente Juan Pablo Vald\u00e9s<\/strong><\/p>\n\n\n\n<p>El jefe comunal remarc\u00f3 que Incluir Futuro permite a los alumnos estar conectados al mundo y reduce la brecha digital, por eso considera \u201cacertada\u201d la decisi\u00f3n del Estado de llevarlo adelante.<\/p>\n\n\n\n<p>\u201cEste gobierno se preocupa y mira hacia el futuro\u201d, agreg\u00f3 Vald\u00e9s y agradeci\u00f3 al gobernador \u201cporque no solo piensa en una localidad, sino en todos los destinos, ya sea que tengan pocos alumnos o est\u00e9n en parajes alejados, eso habla de igualdad de oportunidades\u201d.<\/p>\n\n\n\n<p>\u201cEn un pa\u00eds en donde la desesperanza crece, ac\u00e1 estamos generando oportunidades para nuestros j\u00f3venes a trav\u00e9s de estas herramientas\u201d, concluy\u00f3 el intendente Vald\u00e9s.<\/p>\n\n\n\n<p><strong>El acto<\/strong><\/p>\n\n\n\n<p>En el inicio del acto, se entonaron las estrofas del Himno Nacional Argentino en sus dos versiones, tanto en castellano como en guaran\u00ed.<\/p>\n\n\n\n<p>En el transcurso del mismo, el ministerio de Educaci\u00f3n de la Provincia hizo entrega de una heladera con freezer para el Colegio Secundario \u201cAdolfo Contte\u201d de Isla Apip\u00e9.<\/p>\n\n\n\n<p>A su turno, Gustavo Vergara rector del Colegio Secundario \u201cJuan Bautista Alberdi\u201d, manifest\u00f3 que se trata de un \u201cd\u00eda muy especial para la educaci\u00f3n\u201d y resalt\u00f3 el hecho de que el gobernador Gustavo Vald\u00e9s fue alumno de esta instituci\u00f3n y presidente del Centro de Estudiantse, como as\u00ed tambi\u00e9n, que la ministra Pr\u00e1xedes L\u00f3pez se desempe\u00f1\u00f3 como rectora, motivando el cerrado aplauso de los presentes.<\/p>\n\n\n\n<p>Tras agradecer la presencia y el acompa\u00f1amiento del mandatario y dem\u00e1s autoridades del gobierno provincial, Vergara se\u00f1al\u00f3 que \u201cIncluir Futuro\u201d representa nada menos que estar a un click de la revoluci\u00f3n tecnol\u00f3gica en materia educativa, contando con el soporte de la plataforma \u201cEduca Play\u201d como enriquecedora a trav\u00e9s de sus contenidos audiovisuales.<\/p>\n\n\n\n<p>Seguidamente fue el turno para materializar la entrega de los dispositivos digitales, de acuerdo al siguiente detalle: Colegios Secundarios de Ituzaing\u00f3: \u201cIslas Malvinas\u201d (83), \u201cJuan Bautista Alberdi\u201d (148), Secundario (48) y Escuela T\u00e9cnica \u201cIng. Roque Guillermo Carranza\u201d (87); Colegio \u201cDo\u00f1a Mar\u00eda Hayde\u00e9 Galarza\u201d &nbsp;de Villa Olivari (38); \u201cDr. Adolfo Contte\u201d de Isla Apip\u00e9 (32); Colegio del Paraje La Florida (68), Colegio del Paraje Monte Grande en Colonia General Uriburu (9), Colegio del Paraje Santa Tecla (10) y E.F.A.Itu Is 28 de Rinc\u00f3n Santa Mar\u00eda (28).<\/p>\n\n\n\n<p><strong>Presencias<\/strong><\/p>\n\n\n\n<p>Participaron del acto, ministros, secretarios y subsecretarios del gabinete provincial, legisladores nacionales y provinciales, el viceintendente de Ituzaing\u00f3, Emilio Nicol\u00e1s, el director de Educaci\u00f3n Secundaria, Sergio Guti\u00e9rrez, docentes, alumnos y dem\u00e1s autoridades.<\/p>\n","protected":false},"excerpt":{"rendered":"<p>En la continuidad de su agenda de actividades en la localidad de Ituzaing\u00f3, el gobernador Gustavo Vald\u00e9s, acompa\u00f1ado por el intendente Juan Pablo Vald\u00e9s, presidi\u00f3 este jueves el acto de&hellip; <\/p>\n","protected":false},"author":4,"featured_media":66089,"comment_status":"closed","ping_status":"open","sticky":false,"template":"","format":"standard","meta":{"footnotes":""},"categories":[23],"tags":[],"class_list":["post-66083","post","type-post","status-publish","format-standard","has-post-thumbnail","hentry","category-actualidad"],"_links":{"self":[{"href":"https:\/\/corrientesdetarde.com\/index.php\/wp-json\/wp\/v2\/posts\/66083","targetHints":{"allow":["GET"]}}],"collection":[{"href":"https:\/\/corrientesdetarde.com\/index.php\/wp-json\/wp\/v2\/posts"}],"about":[{"href":"https:\/\/corrientesdetarde.com\/index.php\/wp-json\/wp\/v2\/types\/post"}],"author":[{"embeddable":true,"href":"https:\/\/corrientesdetarde.com\/index.php\/wp-json\/wp\/v2\/users\/4"}],"replies":[{"embeddable":true,"href":"https:\/\/corrientesdetarde.com\/index.php\/wp-json\/wp\/v2\/comments?post=66083"}],"version-history":[{"count":1,"href":"https:\/\/corrientesdetarde.com\/index.php\/wp-json\/wp\/v2\/posts\/66083\/revisions"}],"predecessor-version":[{"id":66091,"href":"https:\/\/corrientesdetarde.com\/index.php\/wp-json\/wp\/v2\/posts\/66083\/revisions\/66091"}],"wp:featuredmedia":[{"embeddable":true,"href":"https:\/\/corrientesdetarde.com\/index.php\/wp-json\/wp\/v2\/media\/66089"}],"wp:attachment":[{"href":"https:\/\/corrientesdetarde.com\/index.php\/wp-json\/wp\/v2\/media?parent=66083"}],"wp:term":[{"taxonomy":"category","embeddable":true,"href":"https:\/\/corrientesdetarde.com\/index.php\/wp-json\/wp\/v2\/categories?post=66083"},{"taxonomy":"post_tag","embeddable":true,"href":"https:\/\/corrientesdetarde.com\/index.php\/wp-json\/wp\/v2\/tags?post=66083"}],"curies":[{"name":"wp","href":"https:\/\/api.w.org\/{rel}","templated":true}]}}