{"id":66099,"date":"2023-06-08T15:11:33","date_gmt":"2023-06-08T18:11:33","guid":{"rendered":"https:\/\/corrientesdetarde.com\/?p=66099"},"modified":"2023-06-08T15:11:36","modified_gmt":"2023-06-08T18:11:36","slug":"energias-renovables-la-caja-sera-el-primer-edificio-municipal-con-paneles-solares","status":"publish","type":"post","link":"https:\/\/corrientesdetarde.com\/index.php\/locales\/energias-renovables-la-caja-sera-el-primer-edificio-municipal-con-paneles-solares\/","title":{"rendered":"Energ\u00edas renovables: la Caja ser\u00e1 el primer edificio municipal con paneles solares"},"content":{"rendered":"\n<p><em>\u201cEsto es el resultado de un trabajo conjunto con la Provincia que ya desde hace un tiempo planificamos obras con conciencia ambiental, ratificando un rumbo con acciones concretas\u201d, resalt\u00f3 el intendente al encabezar la r\u00fabrica del acuerdo, en un acto que cont\u00f3 con participaci\u00f3n del vicegobernador Pedro Braillard Poccard. La sede de la Caja Municipal de Pr\u00e9stamos forma parte del programa Edificios p\u00fablicos energ\u00e9ticamente sustentables, a trav\u00e9s del cual ahora cuenta con paneles solares para un consumo el\u00e9ctrico m\u00e1s eficiente y con energ\u00eda renovable.<\/em><\/p>\n\n\n\n<p>El intendente Eduardo Tassano suscribi\u00f3 un convenio con la Secretar\u00eda de Energ\u00eda de la Provincia para la promoci\u00f3n de energ\u00edas renovables y eficiencia energ\u00e9tica, en un acto llevado a cabo este jueves en la Sociedad Espa\u00f1ola que cont\u00f3 con la presencia del vicegobernador Pedro Braillard Poccard y el titular de la cartera provincial, Arturo Busso.<br>En la ocasi\u00f3n, se destac\u00f3 que la sede de la Caja Municipal de Pr\u00e9stamos (CMP) es el primer edificio p\u00fablico comunal que cuenta con paneles solares para cubrir parte de su consumo energ\u00e9tico de manera m\u00e1s eficiente y con energ\u00eda renovable.<br>El encuentro se llev\u00f3 a cabo en el marco de la Semana del Ambiente, que incluye una serie de actividades articuladas entre el Gobierno provincial y la Municipalidad para concientizar sobre la necesidad de definir acciones para la protecci\u00f3n ambiental y la lucha contra el cambio clim\u00e1tico.<br>La firma del convenio de cooperaci\u00f3n y asistencia rec\u00edproca estuvo a cargo del intendente Tassano y el secretario de Energ\u00eda de la Provincia, Busso, con el objetivo de trabajar de manera mancomunada y alcanzar una mejora en la calidad de los servicios y prestaciones de ambas instituciones en materia energ\u00e9tica y sustentabilidad.<br>En este sentido, explicaron que la Caja Municipal de Pr\u00e9stamos ya participa del programa Edificios p\u00fablicos energ\u00e9ticamente sustentables, que la Municipalidad impulsa a trav\u00e9s de su participaci\u00f3n en la Red Argentina de Municipios frente al Cambio Clim\u00e1tico (RAMCC).<br>De esta manera, la sede de la entidad comunal se convirti\u00f3 en el primer edificio p\u00fablico municipal con un programa especial de ahorro energ\u00e9tico y colocaci\u00f3n de paneles solares, con lo cual esperan reducir al menos un 40 por ciento su huella de carbono y ser\u00e1 pionera absoluta en su contribuci\u00f3n a la lucha contra el cambio clim\u00e1tico.<br>Pero la labor mancomunada en este sentido entre Provincia y Municipio ser\u00e1 mucho m\u00e1s amplia. En el acuerdo se especific\u00f3 que las partes desarrollar\u00e1n tareas conjuntas \u201cpromoviendo y facilitando la realizaci\u00f3n de actividades de promoci\u00f3n, formaci\u00f3n, desarrollo de infraestructura, asistencia t\u00e9cnica y difusi\u00f3n que vinculen a sus organismos dependientes y contribuyan al desarrollo de fuentes de energ\u00edas renovables y eficiencia energ\u00e9tica desde ambas instituciones\u201d, indicaron.<br>Adem\u00e1s de Tassano, Busso y Braillard Poccard, asistieron al acto el viceintendente, Emilio Lanari; el director de Desarrollo de Energ\u00edas Renovables de la Secretar\u00eda de Energ\u00eda, Luis Vega; la gerenta general de la Caja Municipal de Pr\u00e9stamos, Mar\u00eda Paula Prosman; el rector de la Universidad Nacional del Nordeste (UNNE), Omar Larroza; concejales y funcionarios municipales; representantes de instituciones del medio y fundaciones ambientalistas, adem\u00e1s de directivos de entidades empresarias y universitarias.<br><br>\u201cESTAMOS RATIFICANDO UN RUMBO CON ACCIONES CONCRETAS\u201d<br>Luego de la r\u00fabrica con el representante de la Secretar\u00eda de Energ\u00eda de la Provincia, el intendente valor\u00f3 la concreci\u00f3n de una nueva acci\u00f3n en el marco del plan de lucha contra el cambio clim\u00e1tico en la ciudad.<br>\u201cHoy es un d\u00eda muy especial porque estamos dando un paso fundamental para dar el ejemplo y concientizar. Con el convenio estamos ratificando un rumbo que mostramos con acciones concretas; en este caso, con el primer edificio p\u00fablico de la ciudad que cuenta con paneles solares, es decir la utilizaci\u00f3n de energ\u00edas renovables en la organizaci\u00f3n p\u00fablica\u201d, remarc\u00f3 Tassano.<br>En ese sentido, consider\u00f3 fundamental accionar en forma coordinada con el gobernador Gustavo Vald\u00e9s: \u201cPoder concretar hoy este convenio nos llena de orgullo. Es el resultado de un trabajo conjunto con la Provincia, que ya desde hace un tiempo planificamos obras con conciencia ambiental, por ejemplo, con la construcci\u00f3n de viviendas abastecidas con energ\u00eda solar\u201d, destac\u00f3.<br><br>UN CAMINO INICIADO HACE CINCO A\u00d1OS<br>El intendente se refiri\u00f3 luego al proceso de concienciaci\u00f3n a trav\u00e9s de acciones espec\u00edficas en materia ambiental que se lleva adelante desde la gesti\u00f3n municipal que lidera: \u201cEsta iniciativa tiene que ver con un camino que iniciamos hace cinco a\u00f1os, luego de incorporarnos a la Red de municipios contra el cambio clim\u00e1tico y, a partir de ese momento, estudiar y elaborar las pol\u00edticas de lucha en una ciudad en la que no se hablaba de cuestiones relacionadas a la sustentabilidad ambiental\u201d, asever\u00f3.<br>Al respecto, Tassano se refiri\u00f3 a un diagn\u00f3stico sobre la generaci\u00f3n de gases de efecto invernadero en Corrientes: \u201cCon ese dise\u00f1o comenzamos con la implementaci\u00f3n, por ejemplo, de la recolecci\u00f3n diferenciada, arbolado urbano o el Plan H\u00eddrico. Estas acciones posicionaron a Corrientes como una ciudad que lucha contra el cambio clim\u00e1tico, una lucha que es valorada y apreciada por muchos sectores de la sociedad, pero sobre todo por los j\u00f3venes\u201d, expuso.<br>\u201cEn la lucha contra el cambio clim\u00e1tico no hay una estrategia com\u00fan a nivel mundial. Las conclusiones a las que se llegaron fueron que cada pa\u00eds incluya en sus presupuestos fondos para concretar acciones como obras de mitigaci\u00f3n\u201d, remarc\u00f3 el intendente, e inst\u00f3 a que \u201cen cada ciudad, sin importar su tama\u00f1o, se concreten acciones, las que puedan; y a partir de ah\u00ed, ir sumando para que en el conjunto global la cuesti\u00f3n tome real trascendencia\u201d.<br><br>BRAILLARD POCCARD: \u201cES UN PASO TRASCENDENTAL\u201d<br>\u201cCoincido con el intendente Tassano en que este acto tiene una trascendencia muy especial. Personalmente, soy un hombre sumamente interesado en este tema de las energ\u00edas alternativas, porque creo que plantean el desaf\u00edo de buscar formas de producir energ\u00eda que sean cada vez m\u00e1s amigables con el medioambiente, o bien, cada vez menos da\u00f1inas\u201d, inici\u00f3 su alocuci\u00f3n el vicegobernador.<br>En ese sentido, Braillard Poccard valor\u00f3 el hecho de que \u201cla Municipalidad de Corrientes est\u00e1 dando verdaderamente un paso trascendental\u201d. Asimismo, ampli\u00f3 lo expuesto el ejemplificar que \u201csabemos que en Europa lo est\u00e1n haciendo, en pa\u00edses como Suecia y Alemania; pero tambi\u00e9n en la India (donde tienen un grave problema por su gran \u00edndice de densidad poblacional, con todo lo que eso ocasiona en cuanto al medioambiente) est\u00e1n llevando una important\u00edsima pol\u00edtica de producci\u00f3n de energ\u00edas alternativas y una fuerte inversi\u00f3n en energ\u00eda fotovoltaica\u201d.<br>Finalmente, consider\u00f3 que \u201ceste es el camino hacia el que est\u00e1 orientado el mundo y es el camino hacia el que se dirige el municipio de Corrientes, as\u00ed que, modestamente: felicitaciones\u201d, finaliz\u00f3.<br><br>BUSSO: \u201cES UN ORGULLO Y UNA GRATA EXPERIENCIA\u201d<br>\u201cPara nosotros, es un orgullo y a la vez una grata experiencia el poder llevar adelante estas pol\u00edticas que venimos implementado desde el Gobierno de la Provincia de Corrientes, sobre todo en lo referente a energ\u00edas renovables\u201d, sostuvo inicialmente Busso durante la firma del convenio.<br>\u201cLa energ\u00eda es un bien que cuesta generarla, transportarla y distribuirla. Entonces, hacer eficiente el uso de la energ\u00eda es tan importante como reemplazar la generaci\u00f3n mediante combustibles f\u00f3siles a partir de fuentes renovables\u201d, expuso el secretario de Energ\u00eda de la Provincia. Respecto de ello, especific\u00f3 que \u201clo que estamos haciendo aqu\u00ed con la Municipalidad y la Caja Municipal de Pr\u00e9stamos es trabajar para hacer mucho m\u00e1s eficiente, completo e integral el sistema de uso de energ\u00edas del edificio en s\u00ed mismo\u201d y consider\u00f3 que \u201ces una experiencia que esperamos replicar, en un futuro cercano, en otros edificios p\u00fablicos municipales y, por supuesto, extenderlo tambi\u00e9n a edificios del Gobierno de la Provincia, de la Universidad (Nacional del Nordeste) y en todo lugar donde podamos aplicar este tipo de tecnolog\u00edas\u201d.<br>Luego de mostrarse \u201cmuy agradecido por este gratificante trabajo\u201d, el funcionario provincial consider\u00f3 que ello representa \u201cun primer paso\u201d, tras el cual \u201cesperamos seguir caminando juntos\u201d, transmiti\u00f3 finalmente.<br><br>LANARI: \u201cSEGUIMOS CUIDANDO EL PLANETA\u201d<br>En tanto, el viceintendente destac\u00f3 que con estas acciones \u201cseguimos trabajando en el cuidado de nuestra casa en com\u00fan, que es el planeta, y esperemos que este programa de edificios energ\u00e9ticamente sustentables pueda replicarse no s\u00f3lo en otras sedes municipales, sino que tambi\u00e9n se puedan sumar otras empresas\u201d, sobre lo cual destac\u00f3 que \u201cla misma Provincia tambi\u00e9n est\u00e1 desarrollando actividades para dotar de paneles solares a sus edificios para disminuir el consumo energ\u00e9tico e impulsar la energ\u00eda renovable\u201d.<br>Lanari tambi\u00e9n resalt\u00f3 que las acciones municipales en materia ambiental constituyen \u201cun paso fundamental que consolida las pol\u00edticas p\u00fablicas de resiliencia contra el cambio clim\u00e1tico que venimos trabajando con el Plan H\u00eddrico, con el programa de arbolado, el cuidado de nuestros espacios verdes y, adem\u00e1s, con el funcionamiento de nuevos puntos verdes en la ciudad, como el inaugurado ayer (en referencia al Punto Verde ubicado junto a la Delegaci\u00f3n Madariaga)\u201d.<br>\u201cLas pol\u00edticas p\u00fablicas que hemos adoptado y la forma de trabajar tan intensamente como lo estamos haciendo, no se registra en otras ciudades\u201d, subray\u00f3 el viceintendente.<br><br>PROSMAN: \u201cSER PARTE DE ESTO ES UNA SATISFACCI\u00d3N ENORME\u201d<br>Durante el acto, la gerenta general de la Caja Municipal de Pr\u00e9stamos expres\u00f3 palabras de agradecimiento por la implementaci\u00f3n del proyecto en esa entidad: \u201cEste es el primer edificio municipal en implementar 54 m\u00f3dulos fotovoltaicos que equivalen a la plantaci\u00f3n de 680 \u00e1rboles\u201d, indic\u00f3.<br>\u201cMe da un orgullo enorme formar parte de la gesti\u00f3n del intendente Eduardo Tassano, operando con dos ejes: ciudad moderna y ciudad sustentable\u201d, record\u00f3 Prosman al referirse a la iniciativa impulsada desde el municipio.<br>Finalmente, resalt\u00f3 que en el plan se trabaja desde el a\u00f1o pasado \u201ccon un gran equipo de la Municipalidad, la Caja Municipal y la Secretar\u00eda de Energ\u00eda\u201d, expres\u00f3. \u201cAgradezco a todos porque sin ellos no se habr\u00eda logrado la implementaci\u00f3n de este gran proyecto\u201d, agreg\u00f3 finalmente.<\/p>\n\n\n\n<figure class=\"wp-block-embed is-type-video is-provider-youtube wp-block-embed-youtube wp-embed-aspect-16-9 wp-has-aspect-ratio\"><div class=\"wp-block-embed__wrapper\">\n<iframe loading=\"lazy\" title=\"Energ\u00edas renovables: la Caja ser\u00e1 el primer edificio municipal con paneles solares\" width=\"1110\" height=\"624\" src=\"https:\/\/www.youtube.com\/embed\/jdphivf_x7E?feature=oembed\" frameborder=\"0\" allow=\"accelerometer; autoplay; clipboard-write; encrypted-media; gyroscope; picture-in-picture; web-share\" allowfullscreen><\/iframe>\n<\/div><\/figure>\n\n\n\n<figure class=\"wp-block-image size-large\"><img loading=\"lazy\" decoding=\"async\" width=\"1024\" height=\"685\" src=\"https:\/\/corrientesdetarde.com\/wp-content\/uploads\/2023\/06\/image-249-1024x685.png\" alt=\"\" class=\"wp-image-66105\" srcset=\"https:\/\/corrientesdetarde.com\/wp-content\/uploads\/2023\/06\/image-249-1024x685.png 1024w, https:\/\/corrientesdetarde.com\/wp-content\/uploads\/2023\/06\/image-249-300x201.png 300w, https:\/\/corrientesdetarde.com\/wp-content\/uploads\/2023\/06\/image-249-768x514.png 768w, https:\/\/corrientesdetarde.com\/wp-content\/uploads\/2023\/06\/image-249-1536x1027.png 1536w, https:\/\/corrientesdetarde.com\/wp-content\/uploads\/2023\/06\/image-249-2048x1370.png 2048w, https:\/\/corrientesdetarde.com\/wp-content\/uploads\/2023\/06\/image-249-272x182.png 272w\" sizes=\"auto, (max-width: 1024px) 100vw, 1024px\" \/><\/figure>\n\n\n\n<figure class=\"wp-block-image size-large\"><img loading=\"lazy\" decoding=\"async\" width=\"1024\" height=\"685\" src=\"https:\/\/corrientesdetarde.com\/wp-content\/uploads\/2023\/06\/image-250-1024x685.png\" alt=\"\" class=\"wp-image-66106\" srcset=\"https:\/\/corrientesdetarde.com\/wp-content\/uploads\/2023\/06\/image-250-1024x685.png 1024w, https:\/\/corrientesdetarde.com\/wp-content\/uploads\/2023\/06\/image-250-300x201.png 300w, https:\/\/corrientesdetarde.com\/wp-content\/uploads\/2023\/06\/image-250-768x514.png 768w, https:\/\/corrientesdetarde.com\/wp-content\/uploads\/2023\/06\/image-250-1536x1027.png 1536w, https:\/\/corrientesdetarde.com\/wp-content\/uploads\/2023\/06\/image-250-2048x1370.png 2048w, https:\/\/corrientesdetarde.com\/wp-content\/uploads\/2023\/06\/image-250-272x182.png 272w\" sizes=\"auto, (max-width: 1024px) 100vw, 1024px\" \/><\/figure>\n\n\n\n<figure class=\"wp-block-image size-large\"><img loading=\"lazy\" decoding=\"async\" width=\"1024\" height=\"683\" src=\"https:\/\/corrientesdetarde.com\/wp-content\/uploads\/2023\/06\/image-251-1024x683.png\" alt=\"\" class=\"wp-image-66107\" srcset=\"https:\/\/corrientesdetarde.com\/wp-content\/uploads\/2023\/06\/image-251-1024x683.png 1024w, https:\/\/corrientesdetarde.com\/wp-content\/uploads\/2023\/06\/image-251-300x200.png 300w, https:\/\/corrientesdetarde.com\/wp-content\/uploads\/2023\/06\/image-251-768x512.png 768w, https:\/\/corrientesdetarde.com\/wp-content\/uploads\/2023\/06\/image-251-1536x1024.png 1536w, https:\/\/corrientesdetarde.com\/wp-content\/uploads\/2023\/06\/image-251-2048x1365.png 2048w, https:\/\/corrientesdetarde.com\/wp-content\/uploads\/2023\/06\/image-251-272x182.png 272w\" sizes=\"auto, (max-width: 1024px) 100vw, 1024px\" \/><\/figure>\n\n\n\n<figure class=\"wp-block-image size-large\"><img loading=\"lazy\" decoding=\"async\" width=\"1024\" height=\"576\" src=\"https:\/\/corrientesdetarde.com\/wp-content\/uploads\/2023\/06\/image-247-1024x576.png\" alt=\"\" class=\"wp-image-66103\" srcset=\"https:\/\/corrientesdetarde.com\/wp-content\/uploads\/2023\/06\/image-247-1024x576.png 1024w, https:\/\/corrientesdetarde.com\/wp-content\/uploads\/2023\/06\/image-247-300x169.png 300w, https:\/\/corrientesdetarde.com\/wp-content\/uploads\/2023\/06\/image-247-768x432.png 768w, https:\/\/corrientesdetarde.com\/wp-content\/uploads\/2023\/06\/image-247-1536x864.png 1536w, https:\/\/corrientesdetarde.com\/wp-content\/uploads\/2023\/06\/image-247.png 1920w\" sizes=\"auto, (max-width: 1024px) 100vw, 1024px\" \/><\/figure>\n\n\n\n<figure class=\"wp-block-image size-large\"><img loading=\"lazy\" decoding=\"async\" width=\"1024\" height=\"576\" src=\"https:\/\/corrientesdetarde.com\/wp-content\/uploads\/2023\/06\/image-248-1024x576.png\" alt=\"\" class=\"wp-image-66104\" srcset=\"https:\/\/corrientesdetarde.com\/wp-content\/uploads\/2023\/06\/image-248-1024x576.png 1024w, https:\/\/corrientesdetarde.com\/wp-content\/uploads\/2023\/06\/image-248-300x169.png 300w, https:\/\/corrientesdetarde.com\/wp-content\/uploads\/2023\/06\/image-248-768x432.png 768w, https:\/\/corrientesdetarde.com\/wp-content\/uploads\/2023\/06\/image-248-1536x864.png 1536w, https:\/\/corrientesdetarde.com\/wp-content\/uploads\/2023\/06\/image-248.png 1920w\" sizes=\"auto, (max-width: 1024px) 100vw, 1024px\" \/><\/figure>\n\n\n\n<figure class=\"wp-block-image size-full\"><img loading=\"lazy\" decoding=\"async\" width=\"1024\" height=\"576\" src=\"https:\/\/corrientesdetarde.com\/wp-content\/uploads\/2023\/06\/image-246.png\" alt=\"\" class=\"wp-image-66102\" srcset=\"https:\/\/corrientesdetarde.com\/wp-content\/uploads\/2023\/06\/image-246.png 1024w, https:\/\/corrientesdetarde.com\/wp-content\/uploads\/2023\/06\/image-246-300x169.png 300w, https:\/\/corrientesdetarde.com\/wp-content\/uploads\/2023\/06\/image-246-768x432.png 768w\" sizes=\"auto, (max-width: 1024px) 100vw, 1024px\" \/><\/figure>\n","protected":false},"excerpt":{"rendered":"<p>\u201cEsto es el resultado de un trabajo conjunto con la Provincia que ya desde hace un tiempo planificamos obras con conciencia ambiental, ratificando un rumbo con acciones concretas\u201d, resalt\u00f3 el&hellip; <\/p>\n","protected":false},"author":8,"featured_media":66108,"comment_status":"closed","ping_status":"open","sticky":false,"template":"","format":"standard","meta":{"footnotes":""},"categories":[8],"tags":[],"class_list":["post-66099","post","type-post","status-publish","format-standard","has-post-thumbnail","hentry","category-locales"],"_links":{"self":[{"href":"https:\/\/corrientesdetarde.com\/index.php\/wp-json\/wp\/v2\/posts\/66099","targetHints":{"allow":["GET"]}}],"collection":[{"href":"https:\/\/corrientesdetarde.com\/index.php\/wp-json\/wp\/v2\/posts"}],"about":[{"href":"https:\/\/corrientesdetarde.com\/index.php\/wp-json\/wp\/v2\/types\/post"}],"author":[{"embeddable":true,"href":"https:\/\/corrientesdetarde.com\/index.php\/wp-json\/wp\/v2\/users\/8"}],"replies":[{"embeddable":true,"href":"https:\/\/corrientesdetarde.com\/index.php\/wp-json\/wp\/v2\/comments?post=66099"}],"version-history":[{"count":1,"href":"https:\/\/corrientesdetarde.com\/index.php\/wp-json\/wp\/v2\/posts\/66099\/revisions"}],"predecessor-version":[{"id":66110,"href":"https:\/\/corrientesdetarde.com\/index.php\/wp-json\/wp\/v2\/posts\/66099\/revisions\/66110"}],"wp:featuredmedia":[{"embeddable":true,"href":"https:\/\/corrientesdetarde.com\/index.php\/wp-json\/wp\/v2\/media\/66108"}],"wp:attachment":[{"href":"https:\/\/corrientesdetarde.com\/index.php\/wp-json\/wp\/v2\/media?parent=66099"}],"wp:term":[{"taxonomy":"category","embeddable":true,"href":"https:\/\/corrientesdetarde.com\/index.php\/wp-json\/wp\/v2\/categories?post=66099"},{"taxonomy":"post_tag","embeddable":true,"href":"https:\/\/corrientesdetarde.com\/index.php\/wp-json\/wp\/v2\/tags?post=66099"}],"curies":[{"name":"wp","href":"https:\/\/api.w.org\/{rel}","templated":true}]}}