{"id":66111,"date":"2023-06-08T15:18:56","date_gmt":"2023-06-08T18:18:56","guid":{"rendered":"https:\/\/corrientesdetarde.com\/?p=66111"},"modified":"2023-06-08T15:19:01","modified_gmt":"2023-06-08T18:19:01","slug":"finalizaron-las-capacitaciones-en-oficios-digitales-dibujo-de-manga-y-comic","status":"publish","type":"post","link":"https:\/\/corrientesdetarde.com\/index.php\/informacion-general\/finalizaron-las-capacitaciones-en-oficios-digitales-dibujo-de-manga-y-comic\/","title":{"rendered":"Finalizaron las capacitaciones en oficios digitales, dibujo de manga y c\u00f3mic\u00a0"},"content":{"rendered":"\n<p><em>A trav\u00e9s del programa MuniJoven, m\u00e1s de un centenar de j\u00f3venes de la ciudad concluyeron las capacitaciones en la Academia IT y taller de manga y c\u00f3mic, que tiene el objetivo de generar oportunidades laborales para correntinos y promover la expresi\u00f3n cultural. &nbsp;<\/em><\/p>\n\n\n\n<p>Con la entrega de certificados en la sede de la Sociedad Espa\u00f1ola, m\u00e1s de un centenar de j\u00f3venes de la ciudad finalizaron sus capacitaciones gratuitas en oficios digitales a trav\u00e9s de la Academia IT (Innovaci\u00f3n y Tecnolog\u00eda) \u00a0y en dibujo de manga y c\u00f3mic. Se trata de cursos desarrollados por la Municipalidad de Corrientes a trav\u00e9s del programa MuniJoven, que brinda un abanico de talleres de formaci\u00f3n que les permite una salida laboral.\u00a0<br><br>El secretario de Coordinaci\u00f3n de Gobierno, Hugo Calvano, particip\u00f3 del acto de entrega de certificados y destac\u00f3 que \u201cla Academia IT brind\u00f3 capacitaciones en oficios digitales, que son muy demandados hoy en d\u00eda en la comunidad mundial, y que permiten a j\u00f3venes correntinos desde aqu\u00ed, con un curso que dur\u00f3 varios meses, poder emplearse o poder postularse para empleos que pueden hacerlo desde Corrientes para cualquier lugar del mundo\u201d.\u00a0<br><br>En cuanto a este curso, destinado a j\u00f3venes de entre 13 a 26 a\u00f1os, cont\u00f3 que \u201chubo casi 300 inscriptos, de los cuales 75 lograron culminar la capacitaci\u00f3n y a partir de ahora ya est\u00e1n preparados para poder buscar empleo en este rubro\u201d.<br><br>Adem\u00e1s, recibieron sus certificados del taller de dibujo de manga y c\u00f3mic unos 40 chicos \u201cen esta modalidad que promueve el arte, la posibilidad de expresi\u00f3n cultural, pudieron capacitarse y aprender, y de esa manera poder desarrollar esta actividad que hoy en d\u00eda tambi\u00e9n tiene muchos adeptos\u201d, recalc\u00f3 Calvano.\u00a0<br><br>Por su parte, la directora general de Coordinaci\u00f3n, Cruz Silvero, cont\u00f3 que la Academia IT se viene realizando desde marzo, con diferentes l\u00edneas de formaci\u00f3n. \u201cLos chicos se capacitaron en lo que es la parte del lenguaje de programaci\u00f3n y en los distintos roles que pueden encontrar dentro de una empresa dedicada a la tecnolog\u00eda, y as\u00ed van a poder avanzar y poder conseguir empleo dentro del mundo de la tecnolog\u00eda. Y por otra parte, tenemos a los egresados del taller de dibujo de manga y c\u00f3mic, donde estuvieron aprendiendo distintas t\u00e9cnicas para poder as\u00ed expresarse a trav\u00e9s de ese tipo de talento\u201d, detall\u00f3.\u00a0<br><br>La funcionaria enfatiz\u00f3 que \u201ctodas las capacitaciones fueron gratuitas, siempre con el acompa\u00f1amiento de un docente capacitado para la materia y tambi\u00e9n de todo el equipo de MuniJoven que hizo el seguimiento. Tanto la Academia IT como el taller de manga y c\u00f3mic le permiten a los j\u00f3venes tener una salida laboral, que es eso a lo que apuntamos con cada una de las ofertas que hacemos\u201d.\u00a0<br><br>Silvero adelant\u00f3 que a fines de junio el programa MuniJoven abrir\u00e1 nuevas convocatorias de inscripci\u00f3n a otros cursos y los interesados en saber m\u00e1s al respecto s\u00f3lo deben informarse a trav\u00e9s del Instagram del \u00e1rea (@Munijoven.ok).\u00a0<br><br>EXPERIENCIAS POSITIVAS\u00a0<br>Francisco Leiva es uno de los j\u00f3venes que particip\u00f3 del curso de Project Manager. \u201cSe basa en la gesti\u00f3n y liderazgo de proyecto, coordinaci\u00f3n de equipo\u201d, explic\u00f3. \u201cMe enter\u00e9 de la capacitaci\u00f3n por las redes sociales de la Municipalidad y la verdad que el curso super\u00f3 mis expectativas\u201d, cont\u00f3 entusiasmado, al tiempo que destac\u00f3 \u201cla predisposici\u00f3n de los profesores fue muy lindo, no quer\u00eda faltar a ninguna clase; cualquier duda, incertidumbre que ten\u00edamos, nos brindaban la soluci\u00f3n\u201d, remarc\u00f3.\u00a0<br><br>El joven invit\u00f3 a otros pares a que se animen y sumen a estas propuestas gratuitas otorgadas por el municipio. \u201cLes digo que inicien, intenten, despu\u00e9s tambi\u00e9n van a conocer gente, van a entrar en el \u00e1mbito de la tecnolog\u00eda, hay que dar el paso y comenzar\u201d, concluy\u00f3.\u00a0<br><br>En tanto que Milton Uriel Gonz\u00e1lez recibi\u00f3 su diploma al concluir el curso de dibujo de manga y c\u00f3mic. \u201cAprend\u00ed muchas cosas y la pas\u00e9 s\u00faper bien, hice muchos amigos y me brindaron herramientas para poder desarrollarme como artista\u201d, expres\u00f3. \u201cEs la primera vez que participo de un curso y me pareci\u00f3 una muy linda experiencia, desde peque\u00f1o que me gusta dibujar\u201d, confes\u00f3.<br><br><a href=\"https:\/\/ciudaddecorrientes.us12.list-manage.com\/track\/click?u=253e4bcff71216c6af771c3c9&amp;id=6024dd265e&amp;e=17643edfa8\" target=\"_blank\" rel=\"noreferrer noopener\">NOTA TV.<\/a><br>Hugo Calvano, secretario de Coordinaci\u00f3n de Gobierno; Cruz Silvero,\u00a0directora general de Coordinaci\u00f3n de Gobierno; Francisco Leiva,\u00a0alumno; Milton Uriel Gonzales, alumno.<\/p>\n\n\n\n<figure class=\"wp-block-image size-large\"><img loading=\"lazy\" decoding=\"async\" width=\"1024\" height=\"682\" src=\"https:\/\/corrientesdetarde.com\/wp-content\/uploads\/2023\/06\/image-253-1024x682.png\" alt=\"\" class=\"wp-image-66112\" srcset=\"https:\/\/corrientesdetarde.com\/wp-content\/uploads\/2023\/06\/image-253-1024x682.png 1024w, https:\/\/corrientesdetarde.com\/wp-content\/uploads\/2023\/06\/image-253-300x200.png 300w, https:\/\/corrientesdetarde.com\/wp-content\/uploads\/2023\/06\/image-253-768x512.png 768w, https:\/\/corrientesdetarde.com\/wp-content\/uploads\/2023\/06\/image-253-272x182.png 272w, https:\/\/corrientesdetarde.com\/wp-content\/uploads\/2023\/06\/image-253.png 1280w\" sizes=\"auto, (max-width: 1024px) 100vw, 1024px\" \/><\/figure>\n\n\n\n<figure class=\"wp-block-image size-large\"><img loading=\"lazy\" decoding=\"async\" width=\"1024\" height=\"682\" src=\"https:\/\/corrientesdetarde.com\/wp-content\/uploads\/2023\/06\/image-254-1024x682.png\" alt=\"\" class=\"wp-image-66113\" srcset=\"https:\/\/corrientesdetarde.com\/wp-content\/uploads\/2023\/06\/image-254-1024x682.png 1024w, https:\/\/corrientesdetarde.com\/wp-content\/uploads\/2023\/06\/image-254-300x200.png 300w, https:\/\/corrientesdetarde.com\/wp-content\/uploads\/2023\/06\/image-254-768x512.png 768w, https:\/\/corrientesdetarde.com\/wp-content\/uploads\/2023\/06\/image-254-272x182.png 272w, https:\/\/corrientesdetarde.com\/wp-content\/uploads\/2023\/06\/image-254.png 1280w\" sizes=\"auto, (max-width: 1024px) 100vw, 1024px\" \/><\/figure>\n\n\n\n<figure class=\"wp-block-image size-large\"><img loading=\"lazy\" decoding=\"async\" width=\"1024\" height=\"682\" src=\"https:\/\/corrientesdetarde.com\/wp-content\/uploads\/2023\/06\/image-255-1024x682.png\" alt=\"\" class=\"wp-image-66114\" srcset=\"https:\/\/corrientesdetarde.com\/wp-content\/uploads\/2023\/06\/image-255-1024x682.png 1024w, https:\/\/corrientesdetarde.com\/wp-content\/uploads\/2023\/06\/image-255-300x200.png 300w, https:\/\/corrientesdetarde.com\/wp-content\/uploads\/2023\/06\/image-255-768x512.png 768w, https:\/\/corrientesdetarde.com\/wp-content\/uploads\/2023\/06\/image-255-272x182.png 272w, https:\/\/corrientesdetarde.com\/wp-content\/uploads\/2023\/06\/image-255.png 1280w\" sizes=\"auto, (max-width: 1024px) 100vw, 1024px\" \/><\/figure>\n\n\n\n<figure class=\"wp-block-image size-large\"><img loading=\"lazy\" decoding=\"async\" width=\"1024\" height=\"682\" src=\"https:\/\/corrientesdetarde.com\/wp-content\/uploads\/2023\/06\/image-257-1024x682.png\" alt=\"\" class=\"wp-image-66116\" srcset=\"https:\/\/corrientesdetarde.com\/wp-content\/uploads\/2023\/06\/image-257-1024x682.png 1024w, https:\/\/corrientesdetarde.com\/wp-content\/uploads\/2023\/06\/image-257-300x200.png 300w, https:\/\/corrientesdetarde.com\/wp-content\/uploads\/2023\/06\/image-257-768x512.png 768w, https:\/\/corrientesdetarde.com\/wp-content\/uploads\/2023\/06\/image-257-272x182.png 272w, https:\/\/corrientesdetarde.com\/wp-content\/uploads\/2023\/06\/image-257.png 1280w\" sizes=\"auto, (max-width: 1024px) 100vw, 1024px\" \/><\/figure>\n\n\n\n<figure class=\"wp-block-image size-large\"><img loading=\"lazy\" decoding=\"async\" width=\"1024\" height=\"682\" src=\"https:\/\/corrientesdetarde.com\/wp-content\/uploads\/2023\/06\/image-256-1024x682.png\" alt=\"\" class=\"wp-image-66115\" srcset=\"https:\/\/corrientesdetarde.com\/wp-content\/uploads\/2023\/06\/image-256-1024x682.png 1024w, https:\/\/corrientesdetarde.com\/wp-content\/uploads\/2023\/06\/image-256-300x200.png 300w, https:\/\/corrientesdetarde.com\/wp-content\/uploads\/2023\/06\/image-256-768x512.png 768w, https:\/\/corrientesdetarde.com\/wp-content\/uploads\/2023\/06\/image-256-272x182.png 272w, https:\/\/corrientesdetarde.com\/wp-content\/uploads\/2023\/06\/image-256.png 1280w\" sizes=\"auto, (max-width: 1024px) 100vw, 1024px\" \/><\/figure>\n","protected":false},"excerpt":{"rendered":"<p>A trav\u00e9s del programa MuniJoven, m\u00e1s de un centenar de j\u00f3venes de la ciudad concluyeron las capacitaciones en la Academia IT y taller de manga y c\u00f3mic, que tiene el&hellip; <\/p>\n","protected":false},"author":8,"featured_media":66112,"comment_status":"closed","ping_status":"open","sticky":false,"template":"","format":"standard","meta":{"footnotes":""},"categories":[1],"tags":[],"class_list":["post-66111","post","type-post","status-publish","format-standard","has-post-thumbnail","hentry","category-informacion-general"],"_links":{"self":[{"href":"https:\/\/corrientesdetarde.com\/index.php\/wp-json\/wp\/v2\/posts\/66111","targetHints":{"allow":["GET"]}}],"collection":[{"href":"https:\/\/corrientesdetarde.com\/index.php\/wp-json\/wp\/v2\/posts"}],"about":[{"href":"https:\/\/corrientesdetarde.com\/index.php\/wp-json\/wp\/v2\/types\/post"}],"author":[{"embeddable":true,"href":"https:\/\/corrientesdetarde.com\/index.php\/wp-json\/wp\/v2\/users\/8"}],"replies":[{"embeddable":true,"href":"https:\/\/corrientesdetarde.com\/index.php\/wp-json\/wp\/v2\/comments?post=66111"}],"version-history":[{"count":1,"href":"https:\/\/corrientesdetarde.com\/index.php\/wp-json\/wp\/v2\/posts\/66111\/revisions"}],"predecessor-version":[{"id":66117,"href":"https:\/\/corrientesdetarde.com\/index.php\/wp-json\/wp\/v2\/posts\/66111\/revisions\/66117"}],"wp:featuredmedia":[{"embeddable":true,"href":"https:\/\/corrientesdetarde.com\/index.php\/wp-json\/wp\/v2\/media\/66112"}],"wp:attachment":[{"href":"https:\/\/corrientesdetarde.com\/index.php\/wp-json\/wp\/v2\/media?parent=66111"}],"wp:term":[{"taxonomy":"category","embeddable":true,"href":"https:\/\/corrientesdetarde.com\/index.php\/wp-json\/wp\/v2\/categories?post=66111"},{"taxonomy":"post_tag","embeddable":true,"href":"https:\/\/corrientesdetarde.com\/index.php\/wp-json\/wp\/v2\/tags?post=66111"}],"curies":[{"name":"wp","href":"https:\/\/api.w.org\/{rel}","templated":true}]}}