{"id":66118,"date":"2023-06-08T15:28:02","date_gmt":"2023-06-08T18:28:02","guid":{"rendered":"https:\/\/corrientesdetarde.com\/?p=66118"},"modified":"2023-06-08T15:28:13","modified_gmt":"2023-06-08T18:28:13","slug":"juntos-por-el-cambio-jose-luis-espert-si-pero-juan-schiaretti-no","status":"publish","type":"post","link":"https:\/\/corrientesdetarde.com\/index.php\/politica\/juntos-por-el-cambio-jose-luis-espert-si-pero-juan-schiaretti-no\/","title":{"rendered":"Juntos por el Cambio: Jos\u00e9 Luis Espert s\u00ed pero Juan Schiaretti no"},"content":{"rendered":"\n<p>La tensi\u00f3n en el debate en Juntos por el Cambio por la inclusi\u00f3n de Jos\u00e9 Luis Espert y Juan Schiaretti parece haber acentuado la grieta existente entre Horacio Rodr\u00edguez Larreta y Patricia Bullrich.<\/p>\n\n\n\n<p>La incorporaci\u00f3n del diputado y economista&nbsp;<strong>Jos\u00e9 Luis Espert&nbsp;<\/strong>a<strong>&nbsp;Juntos por el Cambio<\/strong>&nbsp;permiti\u00f3 este jueves exhibir un gesto de&nbsp;<strong>distensi\u00f3n en la batalla que mantienen los sectores referenciados en los precandidatos presidenciales del PRO, Horacio Rodr\u00edguez Larreta y Patricia Bullrich,&nbsp;<\/strong>que coincidieron en celebrar el desembarco del l\u00edder de Avanza Libertad en la coalici\u00f3n opositora aunque persisten las diferencias en torno a la incorporaci\u00f3n del gobernador cordob\u00e9s Juan Schiaretti, con nuevas cr\u00edticas expresadas por parte de la exministra.<\/p>\n\n\n\n<p><strong>Patricia Bullrich,<\/strong>\u00a0cuyo sector ven\u00eda poniendo reparos a la llegada de<strong>\u00a0Jos\u00e9 Luis Espert\u00a0<\/strong>a Juntos por el Cambio, finalmente cedi\u00f3 y dio la bienvenida al economista de origen liberal al espacio. Sin embargo, la exministra de Seguridad, en el mismo texto en el cual acept\u00f3 la llegada del libertario, tambi\u00e9n dej\u00f3 en claro que sigue resistiendo una ampliaci\u00f3n del espacio para el lado del peronismo que representa el gobernador<strong>\u00a0Juan Schiaretti.<\/strong><\/p>\n\n\n\n<figure class=\"wp-block-embed is-type-rich is-provider-twitter wp-block-embed-twitter\"><div class=\"wp-block-embed__wrapper\">\n<blockquote class=\"twitter-tweet\" data-width=\"550\" data-dnt=\"true\"><p lang=\"es\" dir=\"ltr\">Desde las elecciones de 2021 brego para que <a href=\"https:\/\/twitter.com\/jlespert?ref_src=twsrc%5Etfw\">@jlespert<\/a> se incorpore a Juntos por el Cambio. Las ideas liberales que defiende con fuerza son esenciales para el cambio profundo que necesitamos. Esta decisi\u00f3n no cambia la defensa de C\u00f3rdoba y contra el intento de traer a aquellos que\u2026 <a href=\"https:\/\/t.co\/OPyNsvitIr\">pic.twitter.com\/OPyNsvitIr<\/a><\/p>&mdash; Patricia Bullrich (@PatoBullrich) <a href=\"https:\/\/twitter.com\/PatoBullrich\/status\/1666784446870085634?ref_src=twsrc%5Etfw\">June 8, 2023<\/a><\/blockquote><script async src=\"https:\/\/platform.twitter.com\/widgets.js\" charset=\"utf-8\"><\/script>\n<\/div><\/figure>\n\n\n\n<p>El anuncio de la llegada de<strong>&nbsp;Jos\u00e9 Luis Espert<\/strong>&nbsp;no fue hecho en forma conjunta, sino que cada uno de los actores involucrados fue comunic\u00e1ndolo a su manera, y con matices.<\/p>\n\n\n\n<p><strong>En un posteo publicado esta ma\u00f1ana en la red social Twitter, titulado &#8220;Bienvenido Jos\u00e9 Luis Espert&#8221;, Horacio Rodr\u00edguez Larreta asegura que &#8220;el cambio total y definitivo que los argentinos necesitan para dejar atr\u00e1s al kirchnerismo enfrenta a Juntos por el Cambio a dos desaf\u00edos: que estemos m\u00e1s unidos que nunca y que al mismo tiempo nos ampliemos sumando nuevas ideas y gente de bien&#8221;.<\/strong><\/p>\n\n\n\n<figure class=\"wp-block-embed is-type-rich is-provider-twitter wp-block-embed-twitter\"><div class=\"wp-block-embed__wrapper\">\n<blockquote class=\"twitter-tweet\" data-width=\"550\" data-dnt=\"true\"><p lang=\"es\" dir=\"ltr\">\u00a1BIENVENIDO JOS\u00c9 LUIS ESPERT!<br><br>El cambio total y definitivo que los argentinos necesitamos para dejar atr\u00e1s al Kirchnerismo enfrenta a Juntos por el Cambio a dos desaf\u00edos: que estemos m\u00e1s unidos que nunca y que al mismo tiempo nos ampliemos sumando nuevas ideas y gente de bien.\u2026 <a href=\"https:\/\/t.co\/ffOM4fSwuP\">pic.twitter.com\/ffOM4fSwuP<\/a><\/p>&mdash; Horacio Rodr\u00edguez Larreta (@horaciorlarreta) <a href=\"https:\/\/twitter.com\/horaciorlarreta\/status\/1666772480164343810?ref_src=twsrc%5Etfw\">June 8, 2023<\/a><\/blockquote><script async src=\"https:\/\/platform.twitter.com\/widgets.js\" charset=\"utf-8\"><\/script>\n<\/div><\/figure>\n\n\n\n<p><strong>Horacio Rodr\u00edguez Larreta<\/strong>&nbsp;calific\u00f3 a J<strong>os\u00e9 Luis Espert<\/strong>&nbsp;como &#8220;<strong>un economista prestigioso con una profunda vocaci\u00f3n de cambio, defensor de la democracia y de las ideas de la libertad&#8221;.<\/strong><\/p>\n\n\n\n<p><strong>&#8220;A partir del 10 de diciembre (de 2023) vamos a empezar juntos a hacer el cambio de nuestras vidas&#8221;<\/strong>, concluy\u00f3&nbsp;<strong>Horacio Rodr\u00edguez Larreta.<\/strong><\/p>\n\n\n\n<p>En tanto, el propio<strong>\u00a0Jos\u00e9 Luis Espert<\/strong>\u00a0respondi\u00f3 este mensaje, tambi\u00e9n por Twitter, con dos fotos, en las que se lo ve acompa\u00f1ado con Rodr\u00edguez Larreta en una de ellas y con Patricia Bullrich, la otra precandidata presidencial del PRO, en la otra.<\/p>\n\n\n\n<figure class=\"wp-block-embed is-type-rich is-provider-twitter wp-block-embed-twitter\"><div class=\"wp-block-embed__wrapper\">\n<blockquote class=\"twitter-tweet\" data-width=\"550\" data-dnt=\"true\"><p lang=\"es\" dir=\"ltr\">Iniciamos un camino com\u00fan por la lucha de la libertad para recuperar la Argentina. Ustedes y nosotros. Juntos.<a href=\"https:\/\/twitter.com\/PatoBullrich?ref_src=twsrc%5Etfw\">@PatoBullrich<\/a> <a href=\"https:\/\/twitter.com\/horaciorlarreta?ref_src=twsrc%5Etfw\">@horaciorlarreta<\/a> <a href=\"https:\/\/twitter.com\/proargentina?ref_src=twsrc%5Etfw\">@proargentina<\/a> <a href=\"https:\/\/t.co\/jSmaNdBklG\">pic.twitter.com\/jSmaNdBklG<\/a><\/p>&mdash; Jos\u00e9 Luis Espert (@jlespert) <a href=\"https:\/\/twitter.com\/jlespert\/status\/1666771114452824064?ref_src=twsrc%5Etfw\">June 8, 2023<\/a><\/blockquote><script async src=\"https:\/\/platform.twitter.com\/widgets.js\" charset=\"utf-8\"><\/script>\n<\/div><\/figure>\n\n\n\n<p><strong>&#8220;Iniciamos un camino com\u00fan por la lucha de la libertad para recuperar la Argentina. Ustedes y nosotros. Juntos&#8221;,&nbsp;<\/strong>afirm<strong>\u00f3 Jos\u00e9 Luis Espert&nbsp;<\/strong>en el texto que acompa\u00f1a las fotos.<\/p>\n\n\n\n<h2 class=\"wp-block-heading\">Patricia Bullrich no quiere a Juan Schiaretti<\/h2>\n\n\n\n<p><strong>Patricia Bullrich<\/strong>&nbsp;diferenci\u00f3 esta incorporaci\u00f3n a la de J<strong>uan Schiaretti,<\/strong>&nbsp;propiciada por HoracioLarreta y a la que ella se niega: &#8220;Esta decisi\u00f3n no cambia la defensa de C\u00f3rdoba contra el intento de traer a aquellos que votaron junto al kirchnerismo&#8221;, reforz\u00f3.<\/p>\n\n\n\n<p>El desembarco de&nbsp;<strong>Jos\u00e9 Luis Espert<\/strong>&nbsp;a&nbsp;<strong>Juntos por el Cambio<\/strong>, anunciado ya hace varias semanas, signific\u00f3 uno de los factores de tensi\u00f3n entre el sector de&nbsp;<strong>Horacio Rodr\u00edguez Larreta<\/strong>&nbsp;y el d<strong>e Patricia Bullrich<\/strong>&nbsp;en el marco de la pol\u00e9mica por la ampliaci\u00f3n del espacio.<\/p>\n\n\n\n<p>La llegada de&nbsp;<strong>Jos\u00e9 Luis Espert<\/strong>&nbsp;hab\u00eda sido recibida con benepl\u00e1cito por el sector del PRO referenciado en Larreta, la Coalici\u00f3n C\u00edvica (CC) y Encuentro Republicano Federal, partidos que componen JxC.<\/p>\n\n\n\n<p>Sin embargo, el sector del PRO que tiene como referente a Bullrich ven\u00eda poniendo reparos a su incorporaci\u00f3n, al entender que una candidatura de Espert a la Presidencia de la Naci\u00f3n dentro de JxC podr\u00eda perjudicar las chances electorales de la extitular de la cartera de Seguridad.<\/p>\n\n\n\n<p>El PRO encomend\u00f3 a dos negociadores, uno por Horacio Rodr\u00edguez Larreta y otro por Patricia Bullrich, para que lleguen a un consenso sobre los t\u00e9rminos de la incorporaci\u00f3n de Espert, acuerdo que finalmente fue alcanzado en las \u00faltimas horas. Si bien los dos sectores en pugna aceptaron la llegada de Espert, todav\u00eda no est\u00e1 claro qu\u00e9 rol jugara el economista en t\u00e9rminos de postulaciones.<\/p>\n\n\n\n<p>Jos\u00e9 Luis Espert viene expresando su voluntad de ser precandidato presidencial dentro de Juntos por el Cambio, mientras algunos sectores internos lo imaginan como postulante a la gobernaci\u00f3n bonaerense.<\/p>\n\n\n\n<p>Esta aparente tregua lograda en torno a Espert, aclaran fuentes partidarias, no significa que vaya a haber un acuerdo tambi\u00e9n sobre la incorporaci\u00f3n de Schiaretti, cuesti\u00f3n sobre que la Bullrich seguir\u00e1 manteniendo su negativa y sobre la cual Larreta insistir\u00e1.<\/p>\n\n\n\n<p>&#8220;Horacio (Rodr\u00edguez Larreta) est\u00e1 convencido de ampliar JxC y cree que no puede ser de un d\u00eda para el otro. As\u00ed que va a insistir con su postura&#8221;, indicaron a T\u00e9lam voceros del alcalde porte\u00f1o, quien en las pr\u00f3ximas horas estar\u00e1 por Mendoza, Tucum\u00e1n y Santa Fe para instalar su postulaci\u00f3n presidencial y respaldar candidatos locales.<\/p>\n\n\n\n<h2 class=\"wp-block-heading\">Javier Milei se siente traicionado por Jos\u00e9 Luis Espert<\/h2>\n\n\n\n<p>En torno ala incorporaci\u00f3n de Espert a Juntos por el Cambio fue analizada de forma cr\u00edtica por el precandidato presidencial de La Libertad Avanza, Javier Milei, quien consider\u00f3 que el economista &#8220;decide estar con la casta&#8221;.<\/p>\n\n\n\n<figure class=\"wp-block-image\"><img decoding=\"async\" src=\"https:\/\/media.minutouno.com\/p\/98dfc4431a6bb8f36197d2ca22899a11\/adjuntos\/150\/imagenes\/040\/759\/0040759179\/milei-espert.jpg?2023-06-08-10-13-35\" alt=\"\" title=\"\"\/><\/figure>\n\n\n\n<p>&#8220;Es una decisi\u00f3n que yo no tomar\u00eda. Juntos por el Cambio es un rejunte de personas y lo \u00fanico que les importa es llegar el poder para tener cargos, no para transformar Argentina. El PRO est\u00e1 condenado al fracaso. Nunca ser\u00eda parte de algo que va a fracasar&#8221;, remarc\u00f3 Milei este jueves por la ma\u00f1ana en declaraciones a radio Continental.<\/p>\n\n\n\n<p>Javier Milei dijo no compartir la decisi\u00f3n de Jos\u00e9 Luis Espert de incorporarse a la coalici\u00f3n opositora y record\u00f3: &#8220;Ya hemos visto c\u00f3mo utilizan a los liberales de cortina para agredir a otros liberales y los terminan usando para relegarlos de cualquier puesto. Ya se fagocitaron a otros&#8221;. Y sentenci\u00f3: &#8220;Le he tenido mucho afecto y admiraci\u00f3n, prefiero dejar de lado su versi\u00f3n pol\u00edtica porque \u00e9l decide estar con la casta&#8221;.<\/p>\n","protected":false},"excerpt":{"rendered":"<p>La tensi\u00f3n en el debate en Juntos por el Cambio por la inclusi\u00f3n de Jos\u00e9 Luis Espert y Juan Schiaretti parece haber acentuado la grieta existente entre Horacio Rodr\u00edguez Larreta&hellip; <\/p>\n","protected":false},"author":8,"featured_media":66119,"comment_status":"closed","ping_status":"open","sticky":false,"template":"","format":"standard","meta":{"footnotes":""},"categories":[3],"tags":[],"class_list":["post-66118","post","type-post","status-publish","format-standard","has-post-thumbnail","hentry","category-politica"],"_links":{"self":[{"href":"https:\/\/corrientesdetarde.com\/index.php\/wp-json\/wp\/v2\/posts\/66118","targetHints":{"allow":["GET"]}}],"collection":[{"href":"https:\/\/corrientesdetarde.com\/index.php\/wp-json\/wp\/v2\/posts"}],"about":[{"href":"https:\/\/corrientesdetarde.com\/index.php\/wp-json\/wp\/v2\/types\/post"}],"author":[{"embeddable":true,"href":"https:\/\/corrientesdetarde.com\/index.php\/wp-json\/wp\/v2\/users\/8"}],"replies":[{"embeddable":true,"href":"https:\/\/corrientesdetarde.com\/index.php\/wp-json\/wp\/v2\/comments?post=66118"}],"version-history":[{"count":1,"href":"https:\/\/corrientesdetarde.com\/index.php\/wp-json\/wp\/v2\/posts\/66118\/revisions"}],"predecessor-version":[{"id":66120,"href":"https:\/\/corrientesdetarde.com\/index.php\/wp-json\/wp\/v2\/posts\/66118\/revisions\/66120"}],"wp:featuredmedia":[{"embeddable":true,"href":"https:\/\/corrientesdetarde.com\/index.php\/wp-json\/wp\/v2\/media\/66119"}],"wp:attachment":[{"href":"https:\/\/corrientesdetarde.com\/index.php\/wp-json\/wp\/v2\/media?parent=66118"}],"wp:term":[{"taxonomy":"category","embeddable":true,"href":"https:\/\/corrientesdetarde.com\/index.php\/wp-json\/wp\/v2\/categories?post=66118"},{"taxonomy":"post_tag","embeddable":true,"href":"https:\/\/corrientesdetarde.com\/index.php\/wp-json\/wp\/v2\/tags?post=66118"}],"curies":[{"name":"wp","href":"https:\/\/api.w.org\/{rel}","templated":true}]}}