{"id":66213,"date":"2023-06-08T23:31:07","date_gmt":"2023-06-09T02:31:07","guid":{"rendered":"https:\/\/corrientesdetarde.com\/?p=66213"},"modified":"2023-06-08T23:31:11","modified_gmt":"2023-06-09T02:31:11","slug":"el-micro-de-racing-choco-mientras-se-dirigia-al-maracana-para-el-partido-ante-flamengo","status":"publish","type":"post","link":"https:\/\/corrientesdetarde.com\/index.php\/deportes\/el-micro-de-racing-choco-mientras-se-dirigia-al-maracana-para-el-partido-ante-flamengo\/","title":{"rendered":"El micro de Racing choc\u00f3 mientras se dirig\u00eda al Maracan\u00e1 para el partido ante Flamengo"},"content":{"rendered":"\n<p>Racing dej\u00f3 atr\u00e1s el regreso a la victoria en la Liga Profesional frente a Banfield en el Cilindro para apuntar su mirada al encuentro de este jueves ante Flamengo con la tranquilidad que le da al elenco de Fernando Gago haber garantizado la clasificaci\u00f3n a los octavos de final de la Copa Libertadores gracias a la igualdad de Aucas y \u00d1ublense durante este mi\u00e9rcoles. Sin embargo, el viaje de la delegaci\u00f3n en suelo brasile\u00f1o en direcci\u00f3n al Estadio Maracan\u00e1 no estuvo exento de dramatismo, ya que sufri\u00f3 un accidente a minutos de llegar al reducto de R\u00edo de Janeiro.<\/p>\n\n\n\n<p>&nbsp;<br>Seg\u00fan la informaci\u00f3n brindada por ESPN, uno de los dos \u00f3mnibus que trasladaba a la comitiva sufri\u00f3 un choque, pero los jugadores, familiares y dirigentes que iban a bordo se encuentran en buen estado de salud. El plantel profesional, en compa\u00f1\u00eda del cuerpo t\u00e9cnico encabezado por Pintita, debieron trasladarse a otro veh\u00edculo que los alcanz\u00f3 hasta su destino, mientras que el resto de las personas quedaron varadas por unos minutos a la espera de otro rodado que finalizara este viaje.<\/p>\n\n\n\n<p>&nbsp;<br>Esta informaci\u00f3n indic\u00f3 que no se registraron heridos de gravedad para llevar tranquilidad al c\u00edrculo \u00edntimo de cada una de las familias. M\u00e1s all\u00e1 de esto, la imagen correspondiente a la parte frontal del micro da cuenta de la violencia del impacto, que oblig\u00f3 a modificar la planificaci\u00f3n de la Academia para enfocarse en lo que ser\u00e1 el cruce ante el Meng\u00e3o.<\/p>\n\n\n\n<p>Vale destacar que el elenco de Avellaneda recal\u00f3 a tierras brasile\u00f1as con la tranquilidad que supon\u00eda tener una holgada ventaja frente a sus otros rivales del Grupo A. Es el l\u00edder con 10 unidades y el pr\u00f3ximo contrincante es su escolta m\u00e1s pr\u00f3ximo, ya que el elenco de Jorge Sampaoli tiene cinco puntos y el empate sin goles entre \u00d1ublense (5) y el campe\u00f3n ecuatoriano (4) le da la posibilidad de encaminar el boleto a la siguiente instancia si vence a su par argentino con el apoyo del p\u00fablico en su favor.<\/p>\n\n\n\n<p>En contraposici\u00f3n, Racing sabe que la igualdad ante el \u00faltimo campe\u00f3n de Am\u00e9rica le garantizar\u00e1 su lugar en el primer lugar de la zona sin necesidad de esperar al cierre de su participaci\u00f3n el mi\u00e9rcoles 28 de junio desde las 21.30 ante la entidad trasandina en el Estadio Presidente Per\u00f3n. En primer orden, deber\u00e1 medirse contra el Fla y su siguiente desaf\u00edo asomar\u00e1 el pr\u00f3ximo lunes en su visita a C\u00f3rdoba para enfrentar a Instituto desde las 21.45 por la fecha 20 del campeonato dom\u00e9stico.<\/p>\n","protected":false},"excerpt":{"rendered":"<p>Racing dej\u00f3 atr\u00e1s el regreso a la victoria en la Liga Profesional frente a Banfield en el Cilindro para apuntar su mirada al encuentro de este jueves ante Flamengo con&hellip; <\/p>\n","protected":false},"author":1,"featured_media":66218,"comment_status":"closed","ping_status":"open","sticky":false,"template":"","format":"standard","meta":{"footnotes":""},"categories":[4],"tags":[],"class_list":["post-66213","post","type-post","status-publish","format-standard","has-post-thumbnail","hentry","category-deportes"],"_links":{"self":[{"href":"https:\/\/corrientesdetarde.com\/index.php\/wp-json\/wp\/v2\/posts\/66213","targetHints":{"allow":["GET"]}}],"collection":[{"href":"https:\/\/corrientesdetarde.com\/index.php\/wp-json\/wp\/v2\/posts"}],"about":[{"href":"https:\/\/corrientesdetarde.com\/index.php\/wp-json\/wp\/v2\/types\/post"}],"author":[{"embeddable":true,"href":"https:\/\/corrientesdetarde.com\/index.php\/wp-json\/wp\/v2\/users\/1"}],"replies":[{"embeddable":true,"href":"https:\/\/corrientesdetarde.com\/index.php\/wp-json\/wp\/v2\/comments?post=66213"}],"version-history":[{"count":1,"href":"https:\/\/corrientesdetarde.com\/index.php\/wp-json\/wp\/v2\/posts\/66213\/revisions"}],"predecessor-version":[{"id":66219,"href":"https:\/\/corrientesdetarde.com\/index.php\/wp-json\/wp\/v2\/posts\/66213\/revisions\/66219"}],"wp:featuredmedia":[{"embeddable":true,"href":"https:\/\/corrientesdetarde.com\/index.php\/wp-json\/wp\/v2\/media\/66218"}],"wp:attachment":[{"href":"https:\/\/corrientesdetarde.com\/index.php\/wp-json\/wp\/v2\/media?parent=66213"}],"wp:term":[{"taxonomy":"category","embeddable":true,"href":"https:\/\/corrientesdetarde.com\/index.php\/wp-json\/wp\/v2\/categories?post=66213"},{"taxonomy":"post_tag","embeddable":true,"href":"https:\/\/corrientesdetarde.com\/index.php\/wp-json\/wp\/v2\/tags?post=66213"}],"curies":[{"name":"wp","href":"https:\/\/api.w.org\/{rel}","templated":true}]}}