{"id":66222,"date":"2023-06-08T23:41:04","date_gmt":"2023-06-09T02:41:04","guid":{"rendered":"https:\/\/corrientesdetarde.com\/?p=66222"},"modified":"2023-06-08T23:41:13","modified_gmt":"2023-06-09T02:41:13","slug":"multitudinario-acto-en-el-club-san-martin","status":"publish","type":"post","link":"https:\/\/corrientesdetarde.com\/index.php\/locales\/multitudinario-acto-en-el-club-san-martin\/","title":{"rendered":"<em>MULTITUDINARIO ACTO EN EL CLUB SAN MART\u00cdN<\/em>"},"content":{"rendered":"\n<p>En el cierre de campa\u00f1a, el gobernador Vald\u00e9s\u00a0llam\u00f3 a apostar al desarrollo de Corrientes y vencer la \u201cdiscriminaci\u00f3n&#8221; kirchnerista<\/p>\n\n\n\n<p>El gobernador Gustavo Vald\u00e9s encabez\u00f3 este jueves a la noche en el capitalino Club San Mart\u00edn el multitudinario cierre de campa\u00f1a de la alianza ECO+Vamos Corrientes para las elecciones de este domingo 11 de junio, llamando a &#8220;seguir por este camino de crecimiento y desarrollo&#8221; que transita la provincia y al mismo tiempo terminar con la discriminaci\u00f3n del Gobierno nacional, cuyos referentes locales se identifican con el kirchnerismo. Mientras que el vicegobernador, Pedro Braillard Poccard pidi\u00f3 que &#8220;cuidemos lo que se logr\u00f3 hasta ac\u00e1, porque es demasiado lo que est\u00e1 en juego&#8221;, refiri\u00e9ndose ambos a la industrializaci\u00f3n para la generaci\u00f3n de nuevos empleos de calidad, el apoyo al campo, la &#8220;revoluci\u00f3n&#8221; educativa con computadoras para cada alumno y contenidos digitales, infraestructura y nivel superior gratuito, acceso universal a la salud p\u00fablica con servicios de calidad, modernizaci\u00f3n del Estado, la inclusi\u00f3n social y las pol\u00edticas de igualdad de g\u00e9nero.<\/p>\n\n\n\n<figure class=\"wp-block-image size-large\"><img loading=\"lazy\" decoding=\"async\" width=\"1024\" height=\"682\" src=\"https:\/\/corrientesdetarde.com\/wp-content\/uploads\/2023\/06\/image-288-1024x682.png\" alt=\"\" class=\"wp-image-66231\" srcset=\"https:\/\/corrientesdetarde.com\/wp-content\/uploads\/2023\/06\/image-288-1024x682.png 1024w, https:\/\/corrientesdetarde.com\/wp-content\/uploads\/2023\/06\/image-288-300x200.png 300w, https:\/\/corrientesdetarde.com\/wp-content\/uploads\/2023\/06\/image-288-768x511.png 768w, https:\/\/corrientesdetarde.com\/wp-content\/uploads\/2023\/06\/image-288-1536x1023.png 1536w, https:\/\/corrientesdetarde.com\/wp-content\/uploads\/2023\/06\/image-288-2048x1364.png 2048w, https:\/\/corrientesdetarde.com\/wp-content\/uploads\/2023\/06\/image-288-272x182.png 272w\" sizes=\"auto, (max-width: 1024px) 100vw, 1024px\" \/><\/figure>\n\n\n\n<p>Al tomar la palabra, el mandatario agradeci\u00f3 a todos los diversos sectores que integran la gran alianza pol\u00edtica, destacando que en esta campa\u00f1a \u201ccaminamos de punta a punta la provincia y en cada lugar estuvo el cari\u00f1o de la gente\u201d.<\/p>\n\n\n\n<p>Luego, Vald\u00e9s valor\u00f3 el esfuerzo y el compromiso de cada militante, ya que cada uno de ellos \u201cest\u00e1 al servicio de las causas sociales para incluir a quienes m\u00e1s los necesitan\u201d.<\/p>\n\n\n\n<p>\u201cLos militantes tienen que estar permanentemente al lado de la sociedad.&nbsp;Y nosotros somos la \u00fanica fuerza pol\u00edtica que puede llevar inclusi\u00f3n social a cada lugar de la provincia\u201d, dijo con tono firme Vald\u00e9s ante la multitud.<\/p>\n\n\n\n<p>Continuando, el gobernador resalt\u00f3 los logros de su gesti\u00f3n, mencionando por ejemplo que en educaci\u00f3n \u201cestamos haciendo un 250 nuevas escuelas e interviniendo en otras 350, porque hay que invertir en educaci\u00f3n p\u00fablica y nosotros como Estado tenemos que garantizar la educaci\u00f3n p\u00fablica y gratuita\u201d, acotando que es una \u201ccausa nuestra, como la Reforma Universitaria y por eso desde esta tribuna decimos que la universidad p\u00fablica y gratuita es un derecho de todos los ciudadanos\u201d.<\/p>\n\n\n\n<p>Al referirse a la salud p\u00fablica, Vald\u00e9s asegur\u00f3 que es un \u201ccompromiso que abrazamos y garantizamos el acceso para todos los correntinos\u201d y en ese sentido mencion\u00f3 la puesta en funcionamiento del Hospital de Campa\u00f1a para \u201cafrontar la pandemia donde pasaron mas de 15 mil correntinos y 2000 que murieron, pero salvamos a m\u00e1s de 14 mil correntinos\u201d. \u201cNos cost\u00f3 miles y miles de pesos, pero pagamos absolutamente todo y nadie que no tenga plata qued\u00f3 sin ser atendido, porque ofrecimos igualdad, donde pobres y ricos estaban en la misma sala con la misma atenci\u00f3n\u201d, puso de relieve en su discurso.<\/p>\n\n\n\n<figure class=\"wp-block-image size-large\"><img loading=\"lazy\" decoding=\"async\" width=\"1024\" height=\"683\" src=\"https:\/\/corrientesdetarde.com\/wp-content\/uploads\/2023\/06\/image-287-1024x683.png\" alt=\"\" class=\"wp-image-66230\" srcset=\"https:\/\/corrientesdetarde.com\/wp-content\/uploads\/2023\/06\/image-287-1024x683.png 1024w, https:\/\/corrientesdetarde.com\/wp-content\/uploads\/2023\/06\/image-287-300x200.png 300w, https:\/\/corrientesdetarde.com\/wp-content\/uploads\/2023\/06\/image-287-768x512.png 768w, https:\/\/corrientesdetarde.com\/wp-content\/uploads\/2023\/06\/image-287-1536x1024.png 1536w, https:\/\/corrientesdetarde.com\/wp-content\/uploads\/2023\/06\/image-287-272x182.png 272w, https:\/\/corrientesdetarde.com\/wp-content\/uploads\/2023\/06\/image-287.png 1599w\" sizes=\"auto, (max-width: 1024px) 100vw, 1024px\" \/><\/figure>\n\n\n\n<p>Al proseguir con el mismo, ponder\u00f3 que la Provincia ya comenz\u00f3 con las obras para otro centro de salud fundamental para los correntinos, el Instituto de Oncolog\u00eda de Corrientes, porque \u201cnuestro objetivo es seguir salvando vidas y darle a la gente una atenci\u00f3n de excelencia\u201d.<\/p>\n\n\n\n<p>En otro tramo de sus conceptos, el mandatario dej\u00f3 en claro la necesidad de \u201clograr las condiciones para generar empleo genuino\u201d, para lo cual, precis\u00f3, \u201cestamos aliviando la estructura impositiva, porque queremos que crezcan las econom\u00edas&nbsp;con un norte claro: lograr el desaf\u00edo de industrializar para que todos los correntinos tengan empleo digno\u201d.<\/p>\n\n\n\n<p>Mientras que en la pol\u00edtica salarial que lleva adelante su gesti\u00f3n, Vald\u00e9s ratific\u00f3 que el Estado provincial va a \u201cseguir pagando en tiempo los sueldos, como una forma de ir pele\u00e1ndole a la inflaci\u00f3n\u201d.<\/p>\n\n\n\n<p>A su vez, el gobernador se dio tiempo para comentar que \u201csomos un pueblo con historia que sabemos a d\u00f3nde queremos ir y somos el futuro trabajando juntos\u201d, advirtiendo al gobierno nacional que \u201csi quiere hacer las cosas bien, tiene que que salir a conocer a las provincias.\u201d.<\/p>\n\n\n\n<p>En tanto, Vald\u00e9s ponder\u00f3 que en Corrientes \u201ctenemos lo mejor de la ganader\u00eda, pero no crean que son todos grandes ganaderos, porque tenemos 23 mil peque\u00f1os productores con menos de 100 cabezas de ganado a quienes les dimos subsidios por la sequ\u00eda\u201d.<\/p>\n\n\n\n<p>\u201cSon gente de trabajo con las manos \u00e1speras y los correntinos somos el campo y trabajamos en el campo\u201d, a\u00f1adi\u00f3 al respecto.<\/p>\n\n\n\n<p>En cuanto a la forestaci\u00f3n, Vald\u00e9s asever\u00f3 que de la mano de esa industria, en Corrientes se est\u00e1n generando puestos de trabajos en forma sostenida en los \u00faltimos 10 a\u00f1os y en contrapartida, en todo el pa\u00eds baj\u00f3 un 2 por ciento el empleo industrial. \u201cEn Corrientes aumentamos un 8 por ciento, porque estamos construyendo parques industriales con la proa puesta en el futuro\u201d, afirm\u00f3 con orgullo.<\/p>\n\n\n\n<p>Tambi\u00e9n expuso Vald\u00e9s que \u201csomos los primeros productores de energ\u00eda y sin embargo pagamos m\u00e1s la energ\u00eda que en los sectores acomodados de la Capital Federal\u201d y advirti\u00f3 que como \u201cgobernador no voy a dejar pasar esto, por eso demandamos al Gobierno nacional ante la Corte Suprema para que nos den a los correntinos lo que nos corresponde en materia de regal\u00edas\u201d.<\/p>\n\n\n\n<p>Al hablar de la discriminaci\u00f3n a la que somete a Corrientes el gobierno nacional, Vald\u00e9s dijo que lo \u201chacen con las jubilaciones y las obras como la Autov\u00eda de la Ruta 12 que dejaron parada. Tambi\u00e9n en viviendas nos discriminan, y ante esa realidad nosotros somos los que ponemos tres veces m\u00e1s plata que la Naci\u00f3n para construir casas en Corrientes\u201d.<\/p>\n\n\n\n<p>Al pedir el pleno acompa\u00f1amiento a los candidatos a senadores, diputados provinciales y concejales de este gran espacio pol\u00edtico que es sin\u00f3nimo de pluralidad y un ejemplo para el pa\u00eds, Vald\u00e9s expres\u00f3 que \u201chicimos una lista de candidatos con experiencia, encabezada en senadores por Ricardo Colombi y en diputados por Pedro Cassani, pero tambi\u00e9n incorporando gente joven y con paridad de g\u00e9nero, donde por vez primera en la provincia las listas se conforman mitad hombres y mitad mujeres, lo que representa algo hist\u00f3rico\u201d, subrayando que esta es una \u201clista equilibrada y representativa con hombres y mujeres de este espacio pol\u00edtico\u201d.<\/p>\n\n\n\n<p>Prosiguiendo, el jefe del ejecutivo provincial valor\u00f3 la participaci\u00f3n de la juventud y los inst\u00f3 que con su fuerza, se sumen a la \u201ctrasformaci\u00f3n de los poderes ejecutivos\u201d, remarcando que en muchos municipios se ven intendentes y funcionarios j\u00f3venes, que representan el recambio necesario en la pol\u00edtica.<\/p>\n\n\n\n<p>\u201cHemos hecho un trabajo enorme en todo este tiempo\u201d, manifest\u00f3 Vald\u00e9s y pidi\u00f3 a todos a que \u201cno bajen los brazos en estos tres d\u00edas que quedan antes de las elecciones, que se ganan ese d\u00eda y no hay que parar de trabajar y estar al lado de la gente\u201d.<\/p>\n\n\n\n<p>Dirigi\u00e9ndose a los correntinos, Vald\u00e9s les pidi\u00f3 que \u201cnos sigan dando la fuerza el aliento y el coraje para seguir por este camino de crecimiento y desarrollo\u201d.<\/p>\n\n\n\n<p>Y finaliz\u00f3 afirmando: \u201cNecesitamos del compromiso de todos y si estamos juntos vamos a construir la provincia de Corrientes que todos so\u00f1amos\u201d.<\/p>\n\n\n\n<figure class=\"wp-block-image size-large\"><img loading=\"lazy\" decoding=\"async\" width=\"1024\" height=\"683\" src=\"https:\/\/corrientesdetarde.com\/wp-content\/uploads\/2023\/06\/image-286-1024x683.png\" alt=\"\" class=\"wp-image-66229\" srcset=\"https:\/\/corrientesdetarde.com\/wp-content\/uploads\/2023\/06\/image-286-1024x683.png 1024w, https:\/\/corrientesdetarde.com\/wp-content\/uploads\/2023\/06\/image-286-300x200.png 300w, https:\/\/corrientesdetarde.com\/wp-content\/uploads\/2023\/06\/image-286-768x512.png 768w, https:\/\/corrientesdetarde.com\/wp-content\/uploads\/2023\/06\/image-286-1536x1024.png 1536w, https:\/\/corrientesdetarde.com\/wp-content\/uploads\/2023\/06\/image-286-272x182.png 272w, https:\/\/corrientesdetarde.com\/wp-content\/uploads\/2023\/06\/image-286.png 1599w\" sizes=\"auto, (max-width: 1024px) 100vw, 1024px\" \/><\/figure>\n\n\n\n<p><strong>Braillard Poccard: &#8220;El futuro es hoy&#8221;<\/strong><\/p>\n\n\n\n<p>El vicegobernador Pedro Braillard Poccard, a modo de conclusi\u00f3n de dicha campa\u00f1a, dijo que \u201cpor un lado sent\u00ed cierta tristeza, porque no encontr\u00e9 en los sectores de la oposici\u00f3n un debate constructivo, que tuviera que ver con sentarnos a ver cu\u00e1les son los problemas m\u00e1s importantes de la Provincia y que d\u00e9 cada uno su posici\u00f3n, para sobre todo encontrar una salida para los mismos\u201d. Y agreg\u00f3 que \u201csolamente se recurri\u00f3 a la chicana, y a veces a la falta de respeto\u201d.<\/p>\n\n\n\n<figure class=\"wp-block-image size-large\"><img loading=\"lazy\" decoding=\"async\" width=\"1024\" height=\"683\" src=\"https:\/\/corrientesdetarde.com\/wp-content\/uploads\/2023\/06\/image-289-1024x683.png\" alt=\"\" class=\"wp-image-66232\" srcset=\"https:\/\/corrientesdetarde.com\/wp-content\/uploads\/2023\/06\/image-289-1024x683.png 1024w, https:\/\/corrientesdetarde.com\/wp-content\/uploads\/2023\/06\/image-289-300x200.png 300w, https:\/\/corrientesdetarde.com\/wp-content\/uploads\/2023\/06\/image-289-768x512.png 768w, https:\/\/corrientesdetarde.com\/wp-content\/uploads\/2023\/06\/image-289-1536x1024.png 1536w, https:\/\/corrientesdetarde.com\/wp-content\/uploads\/2023\/06\/image-289-2048x1365.png 2048w, https:\/\/corrientesdetarde.com\/wp-content\/uploads\/2023\/06\/image-289-272x182.png 272w\" sizes=\"auto, (max-width: 1024px) 100vw, 1024px\" \/><\/figure>\n\n\n\n<p>Sin embargo, expres\u00f3 por otro lado, que \u201ctermino esta campa\u00f1a con una enorme alegr\u00eda, que pasa por haber visto la participaci\u00f3n masiva de tanta gente, a lo largo y a lo ancho de la Provincia\u201d. Asegur\u00f3 que se observ\u00f3 \u201cla fuerza de las mujeres, que tienen un coraje a prueba de cualquier desaf\u00edo; con la participaci\u00f3n de los j\u00f3venes, a quienes les digo que no dejen pasar esta oportunidad hist\u00f3rica, porque hoy a los 16 ya pueden hacer uso de esa herramienta tan valiosa, que es el sufragio\u201d.<\/p>\n\n\n\n<p>Inst\u00f3 a los mismos a que \u201cparticipen, sean protagonistas en la construcci\u00f3n, porque el futuro es hoy, y los aciertos y errores que hoy se cometan, determinar\u00e1n la sociedad que les tocar\u00e1 vivir a ustedes en los pr\u00f3ximos a\u00f1os\u201d.<\/p>\n\n\n\n<p>\u201cEn esta campa\u00f1a, planteamos lo que hacemos y lo que queremos hacer por nuestra Provincia, les dijimos la verdad a la gente, que est\u00e1 respaldada por una acci\u00f3n de Gobierno que es transparente y est\u00e1 expuesta a todo aquel que quiera observarla o interiorizarse\u201d, sostuvo el presidente del Partido Popular (PP). Remarc\u00f3 as\u00ed para cerrar, que ese \u201cfue nuestro discurso de campa\u00f1a, y ahora llegamos al momento culminante: cuidemos lo que se logr\u00f3 hasta ac\u00e1, porque es demasiado lo que est\u00e1 en juego, como la esperanza, el optimismo y finalmente, el mejor futuro para Corrientes y Argentina\u201d.<\/p>\n\n\n\n<p><strong>Otros oradores<\/strong><\/p>\n\n\n\n<p>Tambi\u00e9n tomaron la palabra el intendente Eduardo Tassano; los candidatos a senador Ricardo Colombi, a diputados Pedro Cassani, Valeria Pav\u00f3n y Lorena Lazaroff, y a concejales Marcos Amarilla y Sandra Olivera.<\/p>\n\n\n\n<figure class=\"wp-block-image size-large\"><img loading=\"lazy\" decoding=\"async\" width=\"1024\" height=\"683\" src=\"https:\/\/corrientesdetarde.com\/wp-content\/uploads\/2023\/06\/image-284-1024x683.png\" alt=\"\" class=\"wp-image-66227\" srcset=\"https:\/\/corrientesdetarde.com\/wp-content\/uploads\/2023\/06\/image-284-1024x683.png 1024w, https:\/\/corrientesdetarde.com\/wp-content\/uploads\/2023\/06\/image-284-300x200.png 300w, https:\/\/corrientesdetarde.com\/wp-content\/uploads\/2023\/06\/image-284-768x512.png 768w, https:\/\/corrientesdetarde.com\/wp-content\/uploads\/2023\/06\/image-284-1536x1025.png 1536w, https:\/\/corrientesdetarde.com\/wp-content\/uploads\/2023\/06\/image-284-272x182.png 272w, https:\/\/corrientesdetarde.com\/wp-content\/uploads\/2023\/06\/image-284.png 2048w\" sizes=\"auto, (max-width: 1024px) 100vw, 1024px\" \/><\/figure>\n","protected":false},"excerpt":{"rendered":"<p>En el cierre de campa\u00f1a, el gobernador Vald\u00e9s\u00a0llam\u00f3 a apostar al desarrollo de Corrientes y vencer la \u201cdiscriminaci\u00f3n&#8221; kirchnerista El gobernador Gustavo Vald\u00e9s encabez\u00f3 este jueves a la noche en&hellip; <\/p>\n","protected":false},"author":1,"featured_media":66226,"comment_status":"closed","ping_status":"open","sticky":false,"template":"","format":"standard","meta":{"footnotes":""},"categories":[8],"tags":[],"class_list":["post-66222","post","type-post","status-publish","format-standard","has-post-thumbnail","hentry","category-locales"],"_links":{"self":[{"href":"https:\/\/corrientesdetarde.com\/index.php\/wp-json\/wp\/v2\/posts\/66222","targetHints":{"allow":["GET"]}}],"collection":[{"href":"https:\/\/corrientesdetarde.com\/index.php\/wp-json\/wp\/v2\/posts"}],"about":[{"href":"https:\/\/corrientesdetarde.com\/index.php\/wp-json\/wp\/v2\/types\/post"}],"author":[{"embeddable":true,"href":"https:\/\/corrientesdetarde.com\/index.php\/wp-json\/wp\/v2\/users\/1"}],"replies":[{"embeddable":true,"href":"https:\/\/corrientesdetarde.com\/index.php\/wp-json\/wp\/v2\/comments?post=66222"}],"version-history":[{"count":1,"href":"https:\/\/corrientesdetarde.com\/index.php\/wp-json\/wp\/v2\/posts\/66222\/revisions"}],"predecessor-version":[{"id":66233,"href":"https:\/\/corrientesdetarde.com\/index.php\/wp-json\/wp\/v2\/posts\/66222\/revisions\/66233"}],"wp:featuredmedia":[{"embeddable":true,"href":"https:\/\/corrientesdetarde.com\/index.php\/wp-json\/wp\/v2\/media\/66226"}],"wp:attachment":[{"href":"https:\/\/corrientesdetarde.com\/index.php\/wp-json\/wp\/v2\/media?parent=66222"}],"wp:term":[{"taxonomy":"category","embeddable":true,"href":"https:\/\/corrientesdetarde.com\/index.php\/wp-json\/wp\/v2\/categories?post=66222"},{"taxonomy":"post_tag","embeddable":true,"href":"https:\/\/corrientesdetarde.com\/index.php\/wp-json\/wp\/v2\/tags?post=66222"}],"curies":[{"name":"wp","href":"https:\/\/api.w.org\/{rel}","templated":true}]}}