{"id":66223,"date":"2023-06-08T23:35:45","date_gmt":"2023-06-09T02:35:45","guid":{"rendered":"https:\/\/corrientesdetarde.com\/?p=66223"},"modified":"2023-06-08T23:35:47","modified_gmt":"2023-06-09T02:35:47","slug":"detienen-al-medico-acusado-de-abusar-de-su-sobrina","status":"publish","type":"post","link":"https:\/\/corrientesdetarde.com\/index.php\/crimen-y-justicia\/detienen-al-medico-acusado-de-abusar-de-su-sobrina\/","title":{"rendered":"Detienen al m\u00e9dico acusado de abusar de su sobrina"},"content":{"rendered":"\n<p>La polic\u00eda detuvo este jueves al m\u00e9dico y exdirector del hospital de Paso de la Patria, quien est\u00e1 acusado de abusar sexualmente de su sobrina de 13 a\u00f1os. La aprehensi\u00f3n ocurri\u00f3 en el domicilio del profesional tras una orden de la Justicia.&nbsp;&nbsp;<\/p>\n\n\n\n<p>El detenido en cuesti\u00f3n se llama Claudio Mart\u00ednez Borda. La denuncia contra \u00e9l la realiz\u00f3 el pap\u00e1 de la menor ante la Direcci\u00f3n de Delitos Sexuales de la Polic\u00eda de Corrientes.<\/p>\n\n\n\n<p>La semana pasada, la cu\u00f1ada de Borda y t\u00eda de la v\u00edctima, hab\u00eda afirmado que &#8220;este tipo a medio Paso de la Patria acosaba con mensajes y en las consultas se iba de mano y boca&#8221;.<\/p>\n","protected":false},"excerpt":{"rendered":"<p>La polic\u00eda detuvo este jueves al m\u00e9dico y exdirector del hospital de Paso de la Patria, quien est\u00e1 acusado de abusar sexualmente de su sobrina de 13 a\u00f1os. La aprehensi\u00f3n&hellip; <\/p>\n","protected":false},"author":1,"featured_media":66224,"comment_status":"closed","ping_status":"open","sticky":false,"template":"","format":"standard","meta":{"footnotes":""},"categories":[5],"tags":[],"class_list":["post-66223","post","type-post","status-publish","format-standard","has-post-thumbnail","hentry","category-crimen-y-justicia"],"_links":{"self":[{"href":"https:\/\/corrientesdetarde.com\/index.php\/wp-json\/wp\/v2\/posts\/66223","targetHints":{"allow":["GET"]}}],"collection":[{"href":"https:\/\/corrientesdetarde.com\/index.php\/wp-json\/wp\/v2\/posts"}],"about":[{"href":"https:\/\/corrientesdetarde.com\/index.php\/wp-json\/wp\/v2\/types\/post"}],"author":[{"embeddable":true,"href":"https:\/\/corrientesdetarde.com\/index.php\/wp-json\/wp\/v2\/users\/1"}],"replies":[{"embeddable":true,"href":"https:\/\/corrientesdetarde.com\/index.php\/wp-json\/wp\/v2\/comments?post=66223"}],"version-history":[{"count":1,"href":"https:\/\/corrientesdetarde.com\/index.php\/wp-json\/wp\/v2\/posts\/66223\/revisions"}],"predecessor-version":[{"id":66225,"href":"https:\/\/corrientesdetarde.com\/index.php\/wp-json\/wp\/v2\/posts\/66223\/revisions\/66225"}],"wp:featuredmedia":[{"embeddable":true,"href":"https:\/\/corrientesdetarde.com\/index.php\/wp-json\/wp\/v2\/media\/66224"}],"wp:attachment":[{"href":"https:\/\/corrientesdetarde.com\/index.php\/wp-json\/wp\/v2\/media?parent=66223"}],"wp:term":[{"taxonomy":"category","embeddable":true,"href":"https:\/\/corrientesdetarde.com\/index.php\/wp-json\/wp\/v2\/categories?post=66223"},{"taxonomy":"post_tag","embeddable":true,"href":"https:\/\/corrientesdetarde.com\/index.php\/wp-json\/wp\/v2\/tags?post=66223"}],"curies":[{"name":"wp","href":"https:\/\/api.w.org\/{rel}","templated":true}]}}