{"id":66234,"date":"2023-06-09T10:35:16","date_gmt":"2023-06-09T13:35:16","guid":{"rendered":"https:\/\/corrientesdetarde.com\/?p=66234"},"modified":"2023-06-09T10:35:24","modified_gmt":"2023-06-09T13:35:24","slug":"con-el-apoyo-del-gobierno-provincial-se-presenta-la-novena-edicion-de-ibera-chic","status":"publish","type":"post","link":"https:\/\/corrientesdetarde.com\/index.php\/cultura\/con-el-apoyo-del-gobierno-provincial-se-presenta-la-novena-edicion-de-ibera-chic\/","title":{"rendered":"Con el apoyo del Gobierno provincial, se presenta la novena edici\u00f3n de \u201cIber\u00e1 Chic\u201d"},"content":{"rendered":"\n<p>Este s\u00e1bado, a las 15, sobre Costanera Sur (entre General Paz y Necochea), se llevar\u00e1 adelante la novena edici\u00f3n del desfile de moda denominado \u201cIber\u00e1 Chic\u201d, especial \u201cNi\u00f1as y Ni\u00f1os\u201d, en esta oportunidad, con entrada libre y gratuita.<\/p>\n\n\n\n<p>El evento, contar\u00e1 con la participaci\u00f3n de cinco dise\u00f1adoras de la provincia que presentar\u00e1n sus propias creaciones art\u00edsticas: Yabir\u00fa (Mercedes), Hamacitas (Santa Ana), y M.L. para Ni\u00f1os, Pepis y Petit le Bond (Capital).&nbsp;<\/p>\n\n\n\n<p>El mismo, tendr\u00e1 lugar en el Parador Ninna, ubicado en Costanera Sur, entre General Paz y Necochea. Adem\u00e1s de los dise\u00f1adores y modelos convocados, participar\u00e1n artistas circenses para el entretenimiento del p\u00fablico.<\/p>\n\n\n\n<p><strong>Referencias<\/strong><\/p>\n\n\n\n<p>\u201cIber\u00e1 Chic\u201d, es un espacio de arte itinerante de la industria de la moda y el dise\u00f1o de la provincia de Corrientes, donde se pueden descubrir propuestas art\u00edsticas de cada dise\u00f1ador invitado, sumado al desfile de modelos, maquilladoras, estilistas, vestuaristas, referentes de la m\u00fasica, danza, actores, DJ, conductores, fot\u00f3grafos, camar\u00f3grafos y editores, conjugado con las locaciones tur\u00edsticas y culturales m\u00e1s representativas de Corrientes, donde se montan las producciones de estos desfiles.&nbsp;<\/p>\n\n\n\n<p>En cada edici\u00f3n, se convoca a j\u00f3venes emprendedores y profesionales, quienes exhiben sus propuestas art\u00edsticas en un evento exclusivo, pensado para resaltar el valor de sus productos y la potencial relaci\u00f3n con nuevos clientes. Una oportunidad laboral de poder exhibir y comercializar sus ideas.&nbsp;<\/p>\n\n\n\n<p><strong>Nombre del evento<\/strong><\/p>\n\n\n\n<p>Iber\u00e1: en reconocimiento a la fuente tur\u00edstica m\u00e1s representativa de la provincia de Corrientes: los Esteros del Iber\u00e1, que, adem\u00e1s, en muchas ocasiones, sirve de inspiraci\u00f3n creativa a quienes dise\u00f1an y piensan en la imagen y la moda.<\/p>\n\n\n\n<p>Chic: es un t\u00e9rmino de elegancia, distinci\u00f3n y moda, que en este caso se da con el talento y el arte de los trabajadores del dise\u00f1o y la moda.&nbsp;<\/p>\n\n\n\n<p><strong>Evento inclusivo<\/strong><\/p>\n\n\n\n<p>Desde la organizaci\u00f3n, se resalta la importancia de la participaci\u00f3n de \u201cmodelos reales\u201d, curvis, con diferentes capacidades, e igualdad de g\u00e9nero, que desfilan junto a modelos profesionales de diferentes agencias. &nbsp;<\/p>\n\n\n\n<p><strong>Trabajo en equipo<\/strong><\/p>\n\n\n\n<p>Gobierno de Corrientes. Municipios. Agencias de modelos, y la organizaci\u00f3n de Iber\u00e1 Chic.<\/p>\n\n\n\n<figure class=\"wp-block-image size-full\"><img loading=\"lazy\" decoding=\"async\" width=\"929\" height=\"918\" src=\"https:\/\/corrientesdetarde.com\/wp-content\/uploads\/2023\/06\/Captura-de-pantalla-2023-06-09-103327.png\" alt=\"\" class=\"wp-image-66291\" srcset=\"https:\/\/corrientesdetarde.com\/wp-content\/uploads\/2023\/06\/Captura-de-pantalla-2023-06-09-103327.png 929w, https:\/\/corrientesdetarde.com\/wp-content\/uploads\/2023\/06\/Captura-de-pantalla-2023-06-09-103327-300x296.png 300w, https:\/\/corrientesdetarde.com\/wp-content\/uploads\/2023\/06\/Captura-de-pantalla-2023-06-09-103327-768x759.png 768w\" sizes=\"auto, (max-width: 929px) 100vw, 929px\" \/><\/figure>\n","protected":false},"excerpt":{"rendered":"<p>Este s\u00e1bado, a las 15, sobre Costanera Sur (entre General Paz y Necochea), se llevar\u00e1 adelante la novena edici\u00f3n del desfile de moda denominado \u201cIber\u00e1 Chic\u201d, especial \u201cNi\u00f1as y Ni\u00f1os\u201d,&hellip; <\/p>\n","protected":false},"author":4,"featured_media":66291,"comment_status":"closed","ping_status":"open","sticky":false,"template":"","format":"standard","meta":{"footnotes":""},"categories":[15],"tags":[],"class_list":["post-66234","post","type-post","status-publish","format-standard","has-post-thumbnail","hentry","category-cultura"],"_links":{"self":[{"href":"https:\/\/corrientesdetarde.com\/index.php\/wp-json\/wp\/v2\/posts\/66234","targetHints":{"allow":["GET"]}}],"collection":[{"href":"https:\/\/corrientesdetarde.com\/index.php\/wp-json\/wp\/v2\/posts"}],"about":[{"href":"https:\/\/corrientesdetarde.com\/index.php\/wp-json\/wp\/v2\/types\/post"}],"author":[{"embeddable":true,"href":"https:\/\/corrientesdetarde.com\/index.php\/wp-json\/wp\/v2\/users\/4"}],"replies":[{"embeddable":true,"href":"https:\/\/corrientesdetarde.com\/index.php\/wp-json\/wp\/v2\/comments?post=66234"}],"version-history":[{"count":1,"href":"https:\/\/corrientesdetarde.com\/index.php\/wp-json\/wp\/v2\/posts\/66234\/revisions"}],"predecessor-version":[{"id":66292,"href":"https:\/\/corrientesdetarde.com\/index.php\/wp-json\/wp\/v2\/posts\/66234\/revisions\/66292"}],"wp:featuredmedia":[{"embeddable":true,"href":"https:\/\/corrientesdetarde.com\/index.php\/wp-json\/wp\/v2\/media\/66291"}],"wp:attachment":[{"href":"https:\/\/corrientesdetarde.com\/index.php\/wp-json\/wp\/v2\/media?parent=66234"}],"wp:term":[{"taxonomy":"category","embeddable":true,"href":"https:\/\/corrientesdetarde.com\/index.php\/wp-json\/wp\/v2\/categories?post=66234"},{"taxonomy":"post_tag","embeddable":true,"href":"https:\/\/corrientesdetarde.com\/index.php\/wp-json\/wp\/v2\/tags?post=66234"}],"curies":[{"name":"wp","href":"https:\/\/api.w.org\/{rel}","templated":true}]}}