{"id":66236,"date":"2023-06-09T08:59:23","date_gmt":"2023-06-09T11:59:23","guid":{"rendered":"https:\/\/corrientesdetarde.com\/?p=66236"},"modified":"2023-06-09T08:59:25","modified_gmt":"2023-06-09T11:59:25","slug":"sin-bullrich-juntos-por-el-cambio-formaliza-la-llegada-de-espert-con-una-conferencia","status":"publish","type":"post","link":"https:\/\/corrientesdetarde.com\/index.php\/politica\/sin-bullrich-juntos-por-el-cambio-formaliza-la-llegada-de-espert-con-una-conferencia\/","title":{"rendered":"Sin Bullrich, Juntos por el Cambio formaliza la llegada de Espert con una conferencia"},"content":{"rendered":"\n<p>La bienvenida oficial est\u00e1 impulsada por el sector que lidera Horacio Rodr\u00edguez Larreta. Estar\u00e1n Morales, Pichetto y Ferraro, pero no Angelini.<\/p>\n\n\n\n<p>Juntos por el Cambio&nbsp;<strong>formalizar\u00e1&nbsp;la llegada del diputado de Avanza Libertad Jos\u00e9 Luis Espert<\/strong>&nbsp;con una conferencia de prensa. El evento tendr\u00e1 lugar este viernes a las 8.45 en Larrea 1541, Recoleta.<\/p>\n\n\n\n<p>As\u00ed lo supo&nbsp;<strong>Noticias Argentinas<\/strong>&nbsp;de fuentes del espacio, que confirmaron que&nbsp;<strong>estar\u00e1n presentes los presidentes de los partidos principales, menos el del PRO, Federico Angelini.<\/strong><\/p>\n\n\n\n<p>Participar\u00e1n&nbsp;<strong>Gerardo Morales, Miguel Angel Pichetto, Maximiliano Ferraro y Eduardo Machiavelli<\/strong>, el representante del jefe de Gobierno, Horacio Rodr\u00edguez Larreta, en el consejo del PRO.<\/p>\n\n\n\n<p>Los cuatro,&nbsp;<strong>excepto el sector que encabeza Patricia Bullrich<\/strong>, le dar\u00e1n la bienvenida al diputado de Avanza Libertad, quien ya adelant\u00f3 que quiere ser precandidato presidencial.<\/p>\n","protected":false},"excerpt":{"rendered":"<p>La bienvenida oficial est\u00e1 impulsada por el sector que lidera Horacio Rodr\u00edguez Larreta. Estar\u00e1n Morales, Pichetto y Ferraro, pero no Angelini. Juntos por el Cambio&nbsp;formalizar\u00e1&nbsp;la llegada del diputado de Avanza&hellip; <\/p>\n","protected":false},"author":4,"featured_media":66250,"comment_status":"closed","ping_status":"open","sticky":false,"template":"","format":"standard","meta":{"footnotes":""},"categories":[3],"tags":[],"class_list":["post-66236","post","type-post","status-publish","format-standard","has-post-thumbnail","hentry","category-politica"],"_links":{"self":[{"href":"https:\/\/corrientesdetarde.com\/index.php\/wp-json\/wp\/v2\/posts\/66236","targetHints":{"allow":["GET"]}}],"collection":[{"href":"https:\/\/corrientesdetarde.com\/index.php\/wp-json\/wp\/v2\/posts"}],"about":[{"href":"https:\/\/corrientesdetarde.com\/index.php\/wp-json\/wp\/v2\/types\/post"}],"author":[{"embeddable":true,"href":"https:\/\/corrientesdetarde.com\/index.php\/wp-json\/wp\/v2\/users\/4"}],"replies":[{"embeddable":true,"href":"https:\/\/corrientesdetarde.com\/index.php\/wp-json\/wp\/v2\/comments?post=66236"}],"version-history":[{"count":1,"href":"https:\/\/corrientesdetarde.com\/index.php\/wp-json\/wp\/v2\/posts\/66236\/revisions"}],"predecessor-version":[{"id":66253,"href":"https:\/\/corrientesdetarde.com\/index.php\/wp-json\/wp\/v2\/posts\/66236\/revisions\/66253"}],"wp:featuredmedia":[{"embeddable":true,"href":"https:\/\/corrientesdetarde.com\/index.php\/wp-json\/wp\/v2\/media\/66250"}],"wp:attachment":[{"href":"https:\/\/corrientesdetarde.com\/index.php\/wp-json\/wp\/v2\/media?parent=66236"}],"wp:term":[{"taxonomy":"category","embeddable":true,"href":"https:\/\/corrientesdetarde.com\/index.php\/wp-json\/wp\/v2\/categories?post=66236"},{"taxonomy":"post_tag","embeddable":true,"href":"https:\/\/corrientesdetarde.com\/index.php\/wp-json\/wp\/v2\/tags?post=66236"}],"curies":[{"name":"wp","href":"https:\/\/api.w.org\/{rel}","templated":true}]}}