{"id":66246,"date":"2023-06-09T08:45:10","date_gmt":"2023-06-09T11:45:10","guid":{"rendered":"https:\/\/corrientesdetarde.com\/?p=66246"},"modified":"2023-06-09T08:45:28","modified_gmt":"2023-06-09T11:45:28","slug":"ricardo-colombi-pidio-defender-la-provincia","status":"publish","type":"post","link":"https:\/\/corrientesdetarde.com\/index.php\/politica\/ricardo-colombi-pidio-defender-la-provincia\/","title":{"rendered":"Ricardo Colombi pidi\u00f3 &#8220;defender la provincia&#8221;"},"content":{"rendered":"\n<p>El senador y presidente de la&nbsp;UCR provincial, Ricardo Colombi fue orador en el multitudinario cierre de campa\u00f1a de ECO+Vamos Corrientes realizado este jueves a la noche en el club capitalino San Mart\u00edn. Yendo&nbsp;por la renovaci\u00f3n de su banca legislativa, pidi\u00f3 votar este domingo &#8220;para dotar de gobernabilidad con hombres y mujeres que van a defender en la provincia&#8221;. El acto estuvo encabezado por el gobernador Gustavo Vald\u00e9s y el vicegobernador Pedro Braillard Poccard.<\/p>\n\n\n\n<p>&#8220;Este es un acto emocionante que refleja la integraci\u00f3n social y pol\u00edtica de ECO+Vamos Corrientes, porque hoy aqu\u00ed hay integrantes de distintos sectores sociales y eso habla de lo que vamos a vivir el domingo para dotar de gobernabilidad con hombres y mujeres que van a defender en la provincia y los municipios con las gestiones exitosas que llevan adelante&#8221;, sostuvo Colombi. Y el cual &#8220;es posible por la confianza del mill\u00f3n 300 mil correntinos&#8221;.<\/p>\n","protected":false},"excerpt":{"rendered":"<p>El senador y presidente de la&nbsp;UCR provincial, Ricardo Colombi fue orador en el multitudinario cierre de campa\u00f1a de ECO+Vamos Corrientes realizado este jueves a la noche en el club capitalino&hellip; <\/p>\n","protected":false},"author":4,"featured_media":66247,"comment_status":"closed","ping_status":"open","sticky":false,"template":"","format":"standard","meta":{"footnotes":""},"categories":[3],"tags":[],"class_list":["post-66246","post","type-post","status-publish","format-standard","has-post-thumbnail","hentry","category-politica"],"_links":{"self":[{"href":"https:\/\/corrientesdetarde.com\/index.php\/wp-json\/wp\/v2\/posts\/66246","targetHints":{"allow":["GET"]}}],"collection":[{"href":"https:\/\/corrientesdetarde.com\/index.php\/wp-json\/wp\/v2\/posts"}],"about":[{"href":"https:\/\/corrientesdetarde.com\/index.php\/wp-json\/wp\/v2\/types\/post"}],"author":[{"embeddable":true,"href":"https:\/\/corrientesdetarde.com\/index.php\/wp-json\/wp\/v2\/users\/4"}],"replies":[{"embeddable":true,"href":"https:\/\/corrientesdetarde.com\/index.php\/wp-json\/wp\/v2\/comments?post=66246"}],"version-history":[{"count":1,"href":"https:\/\/corrientesdetarde.com\/index.php\/wp-json\/wp\/v2\/posts\/66246\/revisions"}],"predecessor-version":[{"id":66248,"href":"https:\/\/corrientesdetarde.com\/index.php\/wp-json\/wp\/v2\/posts\/66246\/revisions\/66248"}],"wp:featuredmedia":[{"embeddable":true,"href":"https:\/\/corrientesdetarde.com\/index.php\/wp-json\/wp\/v2\/media\/66247"}],"wp:attachment":[{"href":"https:\/\/corrientesdetarde.com\/index.php\/wp-json\/wp\/v2\/media?parent=66246"}],"wp:term":[{"taxonomy":"category","embeddable":true,"href":"https:\/\/corrientesdetarde.com\/index.php\/wp-json\/wp\/v2\/categories?post=66246"},{"taxonomy":"post_tag","embeddable":true,"href":"https:\/\/corrientesdetarde.com\/index.php\/wp-json\/wp\/v2\/tags?post=66246"}],"curies":[{"name":"wp","href":"https:\/\/api.w.org\/{rel}","templated":true}]}}