{"id":66271,"date":"2023-06-09T09:56:12","date_gmt":"2023-06-09T12:56:12","guid":{"rendered":"https:\/\/corrientesdetarde.com\/?p=66271"},"modified":"2023-06-09T09:56:16","modified_gmt":"2023-06-09T12:56:16","slug":"en-el-cierre-pedro-braillard-poccard-dijo-que-la-oposicion-no-aporto-debate-a-la-campana","status":"publish","type":"post","link":"https:\/\/corrientesdetarde.com\/index.php\/politica\/en-el-cierre-pedro-braillard-poccard-dijo-que-la-oposicion-no-aporto-debate-a-la-campana\/","title":{"rendered":"En el cierre, Pedro Braillard Poccard dijo que la oposici\u00f3n no aport\u00f3 debate a la campa\u00f1a"},"content":{"rendered":"\n<p>El vicegobernador Pedro Braiillard Poccard dijo este jueves en el cierre de campa\u00f1a de ECO+Vamos Corrientes que los sectores de la oposici\u00f3n no tuvieron un &#8220;debate constructivo&#8221; durante esta campa\u00f1a para las elecciones de este domingo en la que se renovar\u00e1n bancas en las legislaturas provincial y municipales, acusando que s\u00f3lo recurrieron a &#8220;la chicana, y a veces a la falta de respeto\u201d.<\/p>\n\n\n\n<figure class=\"wp-block-image size-large\"><img loading=\"lazy\" decoding=\"async\" width=\"1024\" height=\"695\" src=\"https:\/\/corrientesdetarde.com\/wp-content\/uploads\/2023\/06\/Captura-de-pantalla-2023-06-09-095007-1024x695.png\" alt=\"\" class=\"wp-image-66273\" srcset=\"https:\/\/corrientesdetarde.com\/wp-content\/uploads\/2023\/06\/Captura-de-pantalla-2023-06-09-095007-1024x695.png 1024w, https:\/\/corrientesdetarde.com\/wp-content\/uploads\/2023\/06\/Captura-de-pantalla-2023-06-09-095007-300x203.png 300w, https:\/\/corrientesdetarde.com\/wp-content\/uploads\/2023\/06\/Captura-de-pantalla-2023-06-09-095007-768x521.png 768w, https:\/\/corrientesdetarde.com\/wp-content\/uploads\/2023\/06\/Captura-de-pantalla-2023-06-09-095007.png 1355w\" sizes=\"auto, (max-width: 1024px) 100vw, 1024px\" \/><\/figure>\n\n\n\n<p>El acto tuvo lugar en el club San Mart\u00edn de la ciudad de Corrientes con un p\u00fablico multitudinario proveniente de los 32 partidos que integran la alianza gobernante y Braillard Poccard encabez\u00f3 el mismo junto al gobernador Gustavo Vald\u00e9s.<\/p>\n\n\n\n<p>El vicegobernador, a modo de conclusi\u00f3n de dicha campa\u00f1a, dijo en la ocasi\u00f3n que \u201cpor un lado sent\u00ed cierta tristeza, porque no encontr\u00e9 en los sectores de la oposici\u00f3n un debate constructivo, que tuviera que ver con sentarnos a ver cu\u00e1les son los problemas m\u00e1s importantes de la Provincia y que d\u00e9 cada uno su posici\u00f3n, para sobre todo encontrar una salida para los mismos\u201d. Y agreg\u00f3 que \u201csolamente se recurri\u00f3 a la chicana, y a veces a la falta de respeto\u201d.<\/p>\n\n\n\n<p>Sin embargo, expres\u00f3 por otro lado, que \u201ctermino esta campa\u00f1a con una enorme alegr\u00eda, que pasa por haber visto la participaci\u00f3n masiva de tanta gente, a lo largo y a lo ancho de la Provincia\u201d. Asegur\u00f3 que se observ\u00f3 \u201cla fuerza de las mujeres, que tienen un coraje a prueba de cualquier desaf\u00edo; con la participaci\u00f3n de los j\u00f3venes, a quienes les digo que no dejen pasar esta oportunidad hist\u00f3rica, porque hoy a los 16 ya pueden hacer uso de esa herramienta tan valiosa, que es el sufragio\u201d.<\/p>\n\n\n\n<p>Inst\u00f3 a los mismos a que \u201cparticipen, sean protagonistas en la construcci\u00f3n, porque el futuro es hoy, y los aciertos y errores que hoy se cometan, determinar\u00e1n la sociedad que les tocar\u00e1 vivir a ustedes en los pr\u00f3ximos a\u00f1os\u201d.<\/p>\n\n\n\n<figure class=\"wp-block-image size-large\"><img loading=\"lazy\" decoding=\"async\" width=\"1024\" height=\"681\" src=\"https:\/\/corrientesdetarde.com\/wp-content\/uploads\/2023\/06\/Captura-de-pantalla-2023-06-09-095029-1024x681.png\" alt=\"\" class=\"wp-image-66274\" srcset=\"https:\/\/corrientesdetarde.com\/wp-content\/uploads\/2023\/06\/Captura-de-pantalla-2023-06-09-095029-1024x681.png 1024w, https:\/\/corrientesdetarde.com\/wp-content\/uploads\/2023\/06\/Captura-de-pantalla-2023-06-09-095029-300x199.png 300w, https:\/\/corrientesdetarde.com\/wp-content\/uploads\/2023\/06\/Captura-de-pantalla-2023-06-09-095029-768x511.png 768w, https:\/\/corrientesdetarde.com\/wp-content\/uploads\/2023\/06\/Captura-de-pantalla-2023-06-09-095029-272x182.png 272w, https:\/\/corrientesdetarde.com\/wp-content\/uploads\/2023\/06\/Captura-de-pantalla-2023-06-09-095029.png 1394w\" sizes=\"auto, (max-width: 1024px) 100vw, 1024px\" \/><\/figure>\n\n\n\n<p>\u201cEn esta campa\u00f1a, planteamos lo que hacemos y lo que queremos hacer por nuestra Provincia, les dijimos la verdad a la gente, que est\u00e1 respaldada por una acci\u00f3n de Gobierno que es transparente y est\u00e1 expuesta a todo aquel que quiera observarla o interiorizarse\u201d, sostuvo el presidente del Partido Popular (PP). Remarc\u00f3 as\u00ed para cerrar, que ese \u201cfue nuestro discurso de campa\u00f1a, y ahora llegamos al momento culminante: cuidemos lo que se logr\u00f3 hasta ac\u00e1, porque es demasiado lo que est\u00e1 en juego, como la esperanza, el optimismo y finalmente, el mejor futuro para Corrientes y Argentina\u201d.<\/p>\n","protected":false},"excerpt":{"rendered":"<p>El vicegobernador Pedro Braiillard Poccard dijo este jueves en el cierre de campa\u00f1a de ECO+Vamos Corrientes que los sectores de la oposici\u00f3n no tuvieron un &#8220;debate constructivo&#8221; durante esta campa\u00f1a&hellip; <\/p>\n","protected":false},"author":4,"featured_media":66272,"comment_status":"closed","ping_status":"open","sticky":false,"template":"","format":"standard","meta":{"footnotes":""},"categories":[3],"tags":[],"class_list":["post-66271","post","type-post","status-publish","format-standard","has-post-thumbnail","hentry","category-politica"],"_links":{"self":[{"href":"https:\/\/corrientesdetarde.com\/index.php\/wp-json\/wp\/v2\/posts\/66271","targetHints":{"allow":["GET"]}}],"collection":[{"href":"https:\/\/corrientesdetarde.com\/index.php\/wp-json\/wp\/v2\/posts"}],"about":[{"href":"https:\/\/corrientesdetarde.com\/index.php\/wp-json\/wp\/v2\/types\/post"}],"author":[{"embeddable":true,"href":"https:\/\/corrientesdetarde.com\/index.php\/wp-json\/wp\/v2\/users\/4"}],"replies":[{"embeddable":true,"href":"https:\/\/corrientesdetarde.com\/index.php\/wp-json\/wp\/v2\/comments?post=66271"}],"version-history":[{"count":1,"href":"https:\/\/corrientesdetarde.com\/index.php\/wp-json\/wp\/v2\/posts\/66271\/revisions"}],"predecessor-version":[{"id":66275,"href":"https:\/\/corrientesdetarde.com\/index.php\/wp-json\/wp\/v2\/posts\/66271\/revisions\/66275"}],"wp:featuredmedia":[{"embeddable":true,"href":"https:\/\/corrientesdetarde.com\/index.php\/wp-json\/wp\/v2\/media\/66272"}],"wp:attachment":[{"href":"https:\/\/corrientesdetarde.com\/index.php\/wp-json\/wp\/v2\/media?parent=66271"}],"wp:term":[{"taxonomy":"category","embeddable":true,"href":"https:\/\/corrientesdetarde.com\/index.php\/wp-json\/wp\/v2\/categories?post=66271"},{"taxonomy":"post_tag","embeddable":true,"href":"https:\/\/corrientesdetarde.com\/index.php\/wp-json\/wp\/v2\/tags?post=66271"}],"curies":[{"name":"wp","href":"https:\/\/api.w.org\/{rel}","templated":true}]}}