{"id":66276,"date":"2023-06-09T09:58:44","date_gmt":"2023-06-09T12:58:44","guid":{"rendered":"https:\/\/corrientesdetarde.com\/?p=66276"},"modified":"2023-06-09T09:58:48","modified_gmt":"2023-06-09T12:58:48","slug":"eduardo-tassano-la-ciudad-se-transformo-como-nunca-antes","status":"publish","type":"post","link":"https:\/\/corrientesdetarde.com\/index.php\/politica\/eduardo-tassano-la-ciudad-se-transformo-como-nunca-antes\/","title":{"rendered":"Eduardo Tassano: &#8220;La ciudad se transform\u00f3 como nunca antes&#8221;"},"content":{"rendered":"\n<p>Al tomar la palabra, Tassano agradeci\u00f3 en la oportunidad a todos los militantes que vinieron a &#8220;este impresionante acto&#8221;. Sostuvo luego que &#8220;todos saben que encontramos una ciudad con muchos problemas y nos sentamos con Gustavo Vald\u00e9s a trabajar juntos y la ciudad se transform\u00f3 como nunca antes&#8221;. Como resultado de ello, afirm\u00f3 que &#8220;solo queda un 10 por ciento de calles de tierra y concretamos una revoluci\u00f3n lum\u00ednica, intervenimos en 250 plazas y paseos, como nunca antes trabajamos en desag\u00fces&#8221;, con lo cual, &#8220;Corrientes es ahora una ciudad para ser vivida como nunca antes&#8221;.<\/p>\n\n\n\n<figure class=\"wp-block-image size-large\"><img loading=\"lazy\" decoding=\"async\" width=\"1024\" height=\"674\" src=\"https:\/\/corrientesdetarde.com\/wp-content\/uploads\/2023\/06\/Captura-de-pantalla-2023-06-09-095735-1024x674.png\" alt=\"\" class=\"wp-image-66278\" srcset=\"https:\/\/corrientesdetarde.com\/wp-content\/uploads\/2023\/06\/Captura-de-pantalla-2023-06-09-095735-1024x674.png 1024w, https:\/\/corrientesdetarde.com\/wp-content\/uploads\/2023\/06\/Captura-de-pantalla-2023-06-09-095735-300x197.png 300w, https:\/\/corrientesdetarde.com\/wp-content\/uploads\/2023\/06\/Captura-de-pantalla-2023-06-09-095735-768x505.png 768w, https:\/\/corrientesdetarde.com\/wp-content\/uploads\/2023\/06\/Captura-de-pantalla-2023-06-09-095735.png 1386w\" sizes=\"auto, (max-width: 1024px) 100vw, 1024px\" \/><\/figure>\n","protected":false},"excerpt":{"rendered":"<p>Al tomar la palabra, Tassano agradeci\u00f3 en la oportunidad a todos los militantes que vinieron a &#8220;este impresionante acto&#8221;. Sostuvo luego que &#8220;todos saben que encontramos una ciudad con muchos&hellip; <\/p>\n","protected":false},"author":4,"featured_media":66277,"comment_status":"closed","ping_status":"open","sticky":false,"template":"","format":"standard","meta":{"footnotes":""},"categories":[3],"tags":[],"class_list":["post-66276","post","type-post","status-publish","format-standard","has-post-thumbnail","hentry","category-politica"],"_links":{"self":[{"href":"https:\/\/corrientesdetarde.com\/index.php\/wp-json\/wp\/v2\/posts\/66276","targetHints":{"allow":["GET"]}}],"collection":[{"href":"https:\/\/corrientesdetarde.com\/index.php\/wp-json\/wp\/v2\/posts"}],"about":[{"href":"https:\/\/corrientesdetarde.com\/index.php\/wp-json\/wp\/v2\/types\/post"}],"author":[{"embeddable":true,"href":"https:\/\/corrientesdetarde.com\/index.php\/wp-json\/wp\/v2\/users\/4"}],"replies":[{"embeddable":true,"href":"https:\/\/corrientesdetarde.com\/index.php\/wp-json\/wp\/v2\/comments?post=66276"}],"version-history":[{"count":1,"href":"https:\/\/corrientesdetarde.com\/index.php\/wp-json\/wp\/v2\/posts\/66276\/revisions"}],"predecessor-version":[{"id":66279,"href":"https:\/\/corrientesdetarde.com\/index.php\/wp-json\/wp\/v2\/posts\/66276\/revisions\/66279"}],"wp:featuredmedia":[{"embeddable":true,"href":"https:\/\/corrientesdetarde.com\/index.php\/wp-json\/wp\/v2\/media\/66277"}],"wp:attachment":[{"href":"https:\/\/corrientesdetarde.com\/index.php\/wp-json\/wp\/v2\/media?parent=66276"}],"wp:term":[{"taxonomy":"category","embeddable":true,"href":"https:\/\/corrientesdetarde.com\/index.php\/wp-json\/wp\/v2\/categories?post=66276"},{"taxonomy":"post_tag","embeddable":true,"href":"https:\/\/corrientesdetarde.com\/index.php\/wp-json\/wp\/v2\/tags?post=66276"}],"curies":[{"name":"wp","href":"https:\/\/api.w.org\/{rel}","templated":true}]}}