{"id":66280,"date":"2023-06-09T10:16:53","date_gmt":"2023-06-09T13:16:53","guid":{"rendered":"https:\/\/corrientesdetarde.com\/?p=66280"},"modified":"2023-06-09T11:19:56","modified_gmt":"2023-06-09T14:19:56","slug":"valdes-anuncio-plus-de-refuerzo-para-el-mes-de-junio","status":"publish","type":"post","link":"https:\/\/corrientesdetarde.com\/index.php\/economia\/valdes-anuncio-plus-de-refuerzo-para-el-mes-de-junio\/","title":{"rendered":"Vald\u00e9s anunci\u00f3 Plus de Refuerzo para el mes de junio"},"content":{"rendered":"\n<p><strong><em>El Mandatario correntino dio a conocer el inicio del cronograma del beneficio remunerativo de junio, que ser\u00e1 a partir de este lunes 12. La liquidaci\u00f3n se extender\u00e1 hasta el viernes 16. Perciben los agentes de la administraci\u00f3n p\u00fablica provincial, tanto activos, jubilados y pensionados.<\/em><\/strong><\/p>\n\n\n\n<p>A trav\u00e9s de sus redes sociales @gustavovaldesok, el Gobernador Gustavo Vald\u00e9s inform\u00f3 que el pago del Plus de Refuerzo comienza este lunes 12, d\u00eda que percibir\u00e1n aquellos con Documento Nacional de Identidad terminados en 0 y 1. Este tramo estar\u00e1 disponible a trav\u00e9s de los cajeros autom\u00e1ticos habilitados por el Banco de Corrientes SA, desde el s\u00e1bado 10.<\/p>\n\n\n\n<p>El marte 13, ser\u00e1 el turno de aquellos con documentos finalizados en los n\u00fameros 2 y 3; el mi\u00e9rcoles 14, los agentes con DNI 4 y 5; el jueves 15, 6 y 7. El pago de adicional remunerativo termina el viernes 16, para los documentos que finalizan en 8 y 9.<\/p>\n\n\n\n<figure class=\"wp-block-image size-full\"><img loading=\"lazy\" decoding=\"async\" width=\"925\" height=\"794\" src=\"https:\/\/corrientesdetarde.com\/wp-content\/uploads\/2023\/06\/image-290.png\" alt=\"\" class=\"wp-image-66281\" srcset=\"https:\/\/corrientesdetarde.com\/wp-content\/uploads\/2023\/06\/image-290.png 925w, https:\/\/corrientesdetarde.com\/wp-content\/uploads\/2023\/06\/image-290-300x258.png 300w, https:\/\/corrientesdetarde.com\/wp-content\/uploads\/2023\/06\/image-290-768x659.png 768w\" sizes=\"auto, (max-width: 925px) 100vw, 925px\" \/><\/figure>\n","protected":false},"excerpt":{"rendered":"<p>El Mandatario correntino dio a conocer el inicio del cronograma del beneficio remunerativo de junio, que ser\u00e1 a partir de este lunes 12. La liquidaci\u00f3n se extender\u00e1 hasta el viernes&hellip; <\/p>\n","protected":false},"author":4,"featured_media":66282,"comment_status":"closed","ping_status":"open","sticky":false,"template":"","format":"standard","meta":{"footnotes":""},"categories":[20],"tags":[],"class_list":["post-66280","post","type-post","status-publish","format-standard","has-post-thumbnail","hentry","category-economia"],"_links":{"self":[{"href":"https:\/\/corrientesdetarde.com\/index.php\/wp-json\/wp\/v2\/posts\/66280","targetHints":{"allow":["GET"]}}],"collection":[{"href":"https:\/\/corrientesdetarde.com\/index.php\/wp-json\/wp\/v2\/posts"}],"about":[{"href":"https:\/\/corrientesdetarde.com\/index.php\/wp-json\/wp\/v2\/types\/post"}],"author":[{"embeddable":true,"href":"https:\/\/corrientesdetarde.com\/index.php\/wp-json\/wp\/v2\/users\/4"}],"replies":[{"embeddable":true,"href":"https:\/\/corrientesdetarde.com\/index.php\/wp-json\/wp\/v2\/comments?post=66280"}],"version-history":[{"count":1,"href":"https:\/\/corrientesdetarde.com\/index.php\/wp-json\/wp\/v2\/posts\/66280\/revisions"}],"predecessor-version":[{"id":66283,"href":"https:\/\/corrientesdetarde.com\/index.php\/wp-json\/wp\/v2\/posts\/66280\/revisions\/66283"}],"wp:featuredmedia":[{"embeddable":true,"href":"https:\/\/corrientesdetarde.com\/index.php\/wp-json\/wp\/v2\/media\/66282"}],"wp:attachment":[{"href":"https:\/\/corrientesdetarde.com\/index.php\/wp-json\/wp\/v2\/media?parent=66280"}],"wp:term":[{"taxonomy":"category","embeddable":true,"href":"https:\/\/corrientesdetarde.com\/index.php\/wp-json\/wp\/v2\/categories?post=66280"},{"taxonomy":"post_tag","embeddable":true,"href":"https:\/\/corrientesdetarde.com\/index.php\/wp-json\/wp\/v2\/tags?post=66280"}],"curies":[{"name":"wp","href":"https:\/\/api.w.org\/{rel}","templated":true}]}}