{"id":66293,"date":"2023-06-09T10:58:37","date_gmt":"2023-06-09T13:58:37","guid":{"rendered":"https:\/\/corrientesdetarde.com\/?p=66293"},"modified":"2023-06-09T10:58:42","modified_gmt":"2023-06-09T13:58:42","slug":"la-declaracion-completa-de-l-gante-ante-la-justicia","status":"publish","type":"post","link":"https:\/\/corrientesdetarde.com\/index.php\/espectaculos\/la-declaracion-completa-de-l-gante-ante-la-justicia\/","title":{"rendered":"La declaraci\u00f3n completa de L-Gante ante la Justicia"},"content":{"rendered":"\n<p>El cantante de cumbia Eli\u00e1n Valenzuela, conocido como L-Gante, prest\u00f3 declaraci\u00f3n indagatoria esta tarde y neg\u00f3 las acusaciones en su contra por &#8220;amenazas&#8221; y &#8220;privaci\u00f3n ileg\u00edtima de la libertad&#8221;, por la que permanece detenido desde el martes.<br>En su declaraci\u00f3n, el m\u00fasico record\u00f3 que en la madrugada de aquel d\u00eda realiz\u00f3 un espect\u00e1culo en un boliche porte\u00f1o. En el mismo momento, sus mejores amigos, a quien \u00e9l llama &#8220;La Mafilia&#8221;, disfrutaba de la noche en la discoteca R\u00edo de General Rodr\u00edguez, de donde es oriundo el trapero y su c\u00edrculo \u00edntimo.<br>&nbsp;<br>&nbsp;Ese grupo tuvo un altercado en la puerta del local nocturno. Sucedi\u00f3 que uno de los amigos de L-Gante se subi\u00f3 a su auto, que estaba estacionado sobre la vereda, y avanz\u00f3 sin bajar a la calle. A ra\u00edz de esto, casi atropella a una vecina de la zona de 53 a\u00f1os. Al ver la situaci\u00f3n, G.T., otro vecino, protagoniz\u00f3 una discusi\u00f3n con los amigos del m\u00fasico.<\/p>\n\n\n\n<p>Mientras ocurr\u00edan los disturbios, el referente de la Cumbia 420 regresaba a General Rodr\u00edguez y se comunicaba con &#8220;La Mafilia&#8221; para &#8220;seguir de fiesta en la casa del barrio&#8221;. &#8220;Cuando yo digo que voy a ir para all\u00e1, me entero de que hab\u00eda surgido esta pelea en el boliche. Me comentaron que esta gente, G.T., sus familiares, los funcionarios municipales, R. (la mujer de 53 a\u00f1os) tuvieron una pelea con mis amigos&#8221;, relat\u00f3 este jueves ante el fiscal y agreg\u00f3: &#8220;Hicieron un acto de vandalismo hacia un auto de un amigo m\u00edo. Esto es lo que me comentaron&#8221;.<\/p>\n\n\n\n<p>Despu\u00e9s, L-Gante se\u00f1al\u00f3 que llegaron al mismo tiempo junto a los polic\u00edas, pero \u00e9l luego se desvi\u00f3 y justo vio a G.T. acompa\u00f1ado de otras personas. &#8220;Fren\u00e9 a la altura de su casa. Ah\u00ed se me acercaron sus hijos, su esposa y dem\u00e1s gente que lo acompa\u00f1aba en el boliche y en la pelea que tuvieron&#8221;. Entonces, de acuerdo a su relato, sus vecinos lo increparon: &#8220;Se acercaron a la ventana y fue un alboroto de que todos quer\u00edan hablar a la misma vez, me quer\u00edan hablar. Yo jam\u00e1s baj\u00e9 del auto&#8221;.<\/p>\n\n\n\n<p>&#8220;Mi reacci\u00f3n ah\u00ed era ignorar a sus hijos, esposa y dem\u00e1s personas, yo solo quer\u00eda hablar con G.T. de macho a macho, esas fueron mis palabras. A la vez, le preguntaba qui\u00e9n hab\u00eda tirado tiros en mi casa, a lo que respond\u00edan que ellos no tienen armas. A todas esas palabras, una encima de la otra, G.T. se sube del lado derecho de la parte trasera del BM&#8221;.<\/p>\n\n\n\n<p>Asimismo afirm\u00f3 que el denunciante se subi\u00f3 por sus medios a su veh\u00edculo. &#8220;Entonces arranco el auto. Comenzamos a hablar con G.T.. Le preguntaba qu\u00e9 fue lo que pas\u00f3, qui\u00e9nes se pelearon y el por qu\u00e9. \u00c9l me dijo: \u2018Vamos a lo de R\u2019. Cuando llegamos, estaba ella y le digo a R. que si pod\u00eda ascender al auto, as\u00ed ten\u00edamos esta charla y yo lograr comprender cu\u00e1l era el conflicto que hab\u00eda sucedido mientras no estaba. Que tambi\u00e9n era lo que G.T. quer\u00eda lograr, aclarar las cosas&#8221;.<\/p>\n","protected":false},"excerpt":{"rendered":"<p>El cantante de cumbia Eli\u00e1n Valenzuela, conocido como L-Gante, prest\u00f3 declaraci\u00f3n indagatoria esta tarde y neg\u00f3 las acusaciones en su contra por &#8220;amenazas&#8221; y &#8220;privaci\u00f3n ileg\u00edtima de la libertad&#8221;, por&hellip; <\/p>\n","protected":false},"author":1,"featured_media":66303,"comment_status":"closed","ping_status":"open","sticky":false,"template":"","format":"standard","meta":{"footnotes":""},"categories":[19],"tags":[],"class_list":["post-66293","post","type-post","status-publish","format-standard","has-post-thumbnail","hentry","category-espectaculos"],"_links":{"self":[{"href":"https:\/\/corrientesdetarde.com\/index.php\/wp-json\/wp\/v2\/posts\/66293","targetHints":{"allow":["GET"]}}],"collection":[{"href":"https:\/\/corrientesdetarde.com\/index.php\/wp-json\/wp\/v2\/posts"}],"about":[{"href":"https:\/\/corrientesdetarde.com\/index.php\/wp-json\/wp\/v2\/types\/post"}],"author":[{"embeddable":true,"href":"https:\/\/corrientesdetarde.com\/index.php\/wp-json\/wp\/v2\/users\/1"}],"replies":[{"embeddable":true,"href":"https:\/\/corrientesdetarde.com\/index.php\/wp-json\/wp\/v2\/comments?post=66293"}],"version-history":[{"count":1,"href":"https:\/\/corrientesdetarde.com\/index.php\/wp-json\/wp\/v2\/posts\/66293\/revisions"}],"predecessor-version":[{"id":66304,"href":"https:\/\/corrientesdetarde.com\/index.php\/wp-json\/wp\/v2\/posts\/66293\/revisions\/66304"}],"wp:featuredmedia":[{"embeddable":true,"href":"https:\/\/corrientesdetarde.com\/index.php\/wp-json\/wp\/v2\/media\/66303"}],"wp:attachment":[{"href":"https:\/\/corrientesdetarde.com\/index.php\/wp-json\/wp\/v2\/media?parent=66293"}],"wp:term":[{"taxonomy":"category","embeddable":true,"href":"https:\/\/corrientesdetarde.com\/index.php\/wp-json\/wp\/v2\/categories?post=66293"},{"taxonomy":"post_tag","embeddable":true,"href":"https:\/\/corrientesdetarde.com\/index.php\/wp-json\/wp\/v2\/tags?post=66293"}],"curies":[{"name":"wp","href":"https:\/\/api.w.org\/{rel}","templated":true}]}}