{"id":66294,"date":"2023-06-09T10:56:46","date_gmt":"2023-06-09T13:56:46","guid":{"rendered":"https:\/\/corrientesdetarde.com\/?p=66294"},"modified":"2023-06-09T10:57:02","modified_gmt":"2023-06-09T13:57:02","slug":"el-juzgado-de-misiones-ya-remitio-la-denuncia-contra-marley-a-la-justicia-federal","status":"publish","type":"post","link":"https:\/\/corrientesdetarde.com\/index.php\/espectaculos\/el-juzgado-de-misiones-ya-remitio-la-denuncia-contra-marley-a-la-justicia-federal\/","title":{"rendered":"El juzgado de Misiones ya remiti\u00f3 la denuncia contra Marley a la Justicia Federal"},"content":{"rendered":"\n<p>En las \u00faltimas horas trascendi\u00f3 que la denuncia por supuesta corrupci\u00f3n de menores contra Alejandro &#8220;Marley&#8221; Wiebe ya se encuentra en manos del Juzgado Federal N\u00b04 de Comodoro Py, luego de que la Justicia de la provincia de Misiones remitiera durante este jueves la formalidad presentada por el joven que acusa al reconocido conductor de televisi\u00f3n de formar parte de una red de trata infantil.<\/p>\n\n\n\n<p>De esta manera, el juzgado a cargo del juez Ariel Lijo se encuentra analizando la informaci\u00f3n recibida por correo electr\u00f3nico y a trav\u00e9s de un sobre cerrado para que, una vez que todos los datos sensibles sean verificados, se pueda correr vista al fiscal Carlos R\u00edvolo con el objetivo de que determine si corresponde impulsar la investigaci\u00f3n.<br>&nbsp;<\/p>\n\n\n\n<p>Cabe destacar que desde la Justicia de Ober\u00e1, Misiones, hab\u00edan realizado un llamado previo a este juzgado para consultar si una investigaci\u00f3n all\u00ed radicada pod\u00eda estar vinculada a la denuncia contra Marley. As\u00ed fue como la denuncia finalmente fue remitida y recibida en Comodoro Py, donde se registra un punto en com\u00fan entre entre la causa que tramitaba en la Ciudad de Buenos Aires y la presentaci\u00f3n hecha en Misiones: el denunciante mencion\u00f3 tambi\u00e9n a Marcelo Corazza, productor televisivo y ganador de la primera edici\u00f3n de Gran Hermano en Argentina.<\/p>\n\n\n\n<p>Por esa raz\u00f3n, lo que corresponde ahora tiene que ver con el an\u00e1lisis de lo recibido y la decisi\u00f3n del fiscal R\u00edvolo a partir de esto que, por supuesto, puede complicar la situaci\u00f3n de Marley.<\/p>\n","protected":false},"excerpt":{"rendered":"<p>En las \u00faltimas horas trascendi\u00f3 que la denuncia por supuesta corrupci\u00f3n de menores contra Alejandro &#8220;Marley&#8221; Wiebe ya se encuentra en manos del Juzgado Federal N\u00b04 de Comodoro Py, luego&hellip; <\/p>\n","protected":false},"author":1,"featured_media":66301,"comment_status":"closed","ping_status":"open","sticky":false,"template":"","format":"standard","meta":{"footnotes":""},"categories":[19],"tags":[],"class_list":["post-66294","post","type-post","status-publish","format-standard","has-post-thumbnail","hentry","category-espectaculos"],"_links":{"self":[{"href":"https:\/\/corrientesdetarde.com\/index.php\/wp-json\/wp\/v2\/posts\/66294","targetHints":{"allow":["GET"]}}],"collection":[{"href":"https:\/\/corrientesdetarde.com\/index.php\/wp-json\/wp\/v2\/posts"}],"about":[{"href":"https:\/\/corrientesdetarde.com\/index.php\/wp-json\/wp\/v2\/types\/post"}],"author":[{"embeddable":true,"href":"https:\/\/corrientesdetarde.com\/index.php\/wp-json\/wp\/v2\/users\/1"}],"replies":[{"embeddable":true,"href":"https:\/\/corrientesdetarde.com\/index.php\/wp-json\/wp\/v2\/comments?post=66294"}],"version-history":[{"count":1,"href":"https:\/\/corrientesdetarde.com\/index.php\/wp-json\/wp\/v2\/posts\/66294\/revisions"}],"predecessor-version":[{"id":66302,"href":"https:\/\/corrientesdetarde.com\/index.php\/wp-json\/wp\/v2\/posts\/66294\/revisions\/66302"}],"wp:featuredmedia":[{"embeddable":true,"href":"https:\/\/corrientesdetarde.com\/index.php\/wp-json\/wp\/v2\/media\/66301"}],"wp:attachment":[{"href":"https:\/\/corrientesdetarde.com\/index.php\/wp-json\/wp\/v2\/media?parent=66294"}],"wp:term":[{"taxonomy":"category","embeddable":true,"href":"https:\/\/corrientesdetarde.com\/index.php\/wp-json\/wp\/v2\/categories?post=66294"},{"taxonomy":"post_tag","embeddable":true,"href":"https:\/\/corrientesdetarde.com\/index.php\/wp-json\/wp\/v2\/tags?post=66294"}],"curies":[{"name":"wp","href":"https:\/\/api.w.org\/{rel}","templated":true}]}}