{"id":66295,"date":"2023-06-09T10:54:44","date_gmt":"2023-06-09T13:54:44","guid":{"rendered":"https:\/\/corrientesdetarde.com\/?p=66295"},"modified":"2023-06-09T10:55:01","modified_gmt":"2023-06-09T13:55:01","slug":"me-dijeron-que-ella-tenia-que-defenderse-sola-dramatico-relato-de-una-madre-por-su-hija-victima-de-bullying","status":"publish","type":"post","link":"https:\/\/corrientesdetarde.com\/index.php\/sociales\/me-dijeron-que-ella-tenia-que-defenderse-sola-dramatico-relato-de-una-madre-por-su-hija-victima-de-bullying\/","title":{"rendered":"&#8220;Me dijeron que ella ten\u00eda que defenderse sola&#8221;: dram\u00e1tico relato de una madre por su hija v\u00edctima de bullying"},"content":{"rendered":"\n<p>Evelin cont\u00f3: &#8220;desde el a\u00f1o pasado mi hija sufre bulliyng, se le cambi\u00f3 del turno tarde a la ma\u00f1ana, y lo que me hart\u00f3 es que le pegaron a mi hija, y le dec\u00edan cosas feas, yo hice una denuncia, me acerqu\u00e9 al consejo y no hay soluci\u00f3n&#8221;.<\/p>\n\n\n\n<p>Asimismo, la madre, coment\u00f3: &#8220;ella va a la secundaria Fray Jos\u00e9 de la Quintana&#8221;.<\/p>\n\n\n\n<p>A su vez, Evelin afirm\u00f3: &#8220;le cambiaron de turno a los chicos que le molestaban a mi hija tambi\u00e9n y ah\u00ed le siguieron molestando a la ma\u00f1ana&#8221;.<\/p>\n\n\n\n<p>Al mismo tiempo, la madre, describi\u00f3: &#8220;cuando me acerqu\u00e9 al consejo, le mandaron a un psic\u00f3logo para m\u00ed hija, pero le segu\u00edan haciendo bulliyng, le cortaban el pelo, le pegaban y me dijeron que ella ten\u00eda que defenderse sola porque en las escuelas siempre hacen eso&#8221;.<\/p>\n\n\n\n<p>Y agreg\u00f3: &#8220;las autoridades se hac\u00edan las desentendidas, y el mi\u00e9rcoles tengo que ir a una reuni\u00f3n con el consejo&#8221;.<\/p>\n\n\n\n<p>En ese mismo sentido, Evelin, indic\u00f3: &#8220;yo le dije que quer\u00eda hablar con los padres de los chicos, pero nunca me dieron una respuesta&#8221;.<\/p>\n\n\n\n<p>Y se\u00f1al\u00f3: &#8220;a una amiga de mi hija le sacaron los braquets, ella ten\u00eda puesto y le sacaron&#8221;.<\/p>\n\n\n\n<p>&#8220;Pude hablar con una de las mam\u00e1s, pero nunca me respondi\u00f3, le mandaba mensajes de whatsapp y me dejaba en visto no m\u00e1s&#8221; dijo.<\/p>\n\n\n\n<p>Por \u00faltimo, si recibieron amenazas, Evelin, mencion\u00f3: &#8220;a mi hija le hablaron las novias de los chicos y le dijeron que saquemos la denuncia o que no \u00edbamos a vivir tranquilos, que le iban a agredir a mi hijo m\u00e1s chico&#8221;.<\/p>\n","protected":false},"excerpt":{"rendered":"<p>Evelin cont\u00f3: &#8220;desde el a\u00f1o pasado mi hija sufre bulliyng, se le cambi\u00f3 del turno tarde a la ma\u00f1ana, y lo que me hart\u00f3 es que le pegaron a mi&hellip; <\/p>\n","protected":false},"author":1,"featured_media":66299,"comment_status":"closed","ping_status":"open","sticky":false,"template":"","format":"standard","meta":{"footnotes":""},"categories":[17],"tags":[],"class_list":["post-66295","post","type-post","status-publish","format-standard","has-post-thumbnail","hentry","category-sociales"],"_links":{"self":[{"href":"https:\/\/corrientesdetarde.com\/index.php\/wp-json\/wp\/v2\/posts\/66295","targetHints":{"allow":["GET"]}}],"collection":[{"href":"https:\/\/corrientesdetarde.com\/index.php\/wp-json\/wp\/v2\/posts"}],"about":[{"href":"https:\/\/corrientesdetarde.com\/index.php\/wp-json\/wp\/v2\/types\/post"}],"author":[{"embeddable":true,"href":"https:\/\/corrientesdetarde.com\/index.php\/wp-json\/wp\/v2\/users\/1"}],"replies":[{"embeddable":true,"href":"https:\/\/corrientesdetarde.com\/index.php\/wp-json\/wp\/v2\/comments?post=66295"}],"version-history":[{"count":1,"href":"https:\/\/corrientesdetarde.com\/index.php\/wp-json\/wp\/v2\/posts\/66295\/revisions"}],"predecessor-version":[{"id":66300,"href":"https:\/\/corrientesdetarde.com\/index.php\/wp-json\/wp\/v2\/posts\/66295\/revisions\/66300"}],"wp:featuredmedia":[{"embeddable":true,"href":"https:\/\/corrientesdetarde.com\/index.php\/wp-json\/wp\/v2\/media\/66299"}],"wp:attachment":[{"href":"https:\/\/corrientesdetarde.com\/index.php\/wp-json\/wp\/v2\/media?parent=66295"}],"wp:term":[{"taxonomy":"category","embeddable":true,"href":"https:\/\/corrientesdetarde.com\/index.php\/wp-json\/wp\/v2\/categories?post=66295"},{"taxonomy":"post_tag","embeddable":true,"href":"https:\/\/corrientesdetarde.com\/index.php\/wp-json\/wp\/v2\/tags?post=66295"}],"curies":[{"name":"wp","href":"https:\/\/api.w.org\/{rel}","templated":true}]}}