{"id":66296,"date":"2023-06-09T10:52:34","date_gmt":"2023-06-09T13:52:34","guid":{"rendered":"https:\/\/corrientesdetarde.com\/?p=66296"},"modified":"2023-06-09T10:52:36","modified_gmt":"2023-06-09T13:52:36","slug":"el-papa-francisco-podria-ser-trasladado-al-hospital-de-los-papas-en-roma","status":"publish","type":"post","link":"https:\/\/corrientesdetarde.com\/index.php\/informacion-general\/el-papa-francisco-podria-ser-trasladado-al-hospital-de-los-papas-en-roma\/","title":{"rendered":"El Papa Francisco podr\u00eda ser trasladado al &#8220;hospital de los papas&#8221; en Roma"},"content":{"rendered":"\n<p>El papa Francisco, de 86 a\u00f1os, pas\u00f3 una segunda noche tranquila en el hospital Gemelli de Roma, donde contin\u00faa su convalecencia de varios d\u00edas tras una operaci\u00f3n del abdomen, anunci\u00f3 este viernes el Vaticano.<\/p>\n\n\n\n<p>El sumo pont\u00edfice argentino fue operado el mi\u00e9rcoles bajo anestesia general durante tres horas para eliminar unas dolorosas &#8220;adherencias&#8221; en la pared abdominal consecuencia de una operaci\u00f3n de colon de 2021.<\/p>\n\n\n\n<p>&#8220;La noche pasada tambi\u00e9n fue buena&#8221;, indic\u00f3 la oficina de prensa de la Santa Sede en un breve comunicado este viernes por la ma\u00f1ana, agregando que se brindar\u00e1n m\u00e1s informaciones durante el d\u00eda.<\/p>\n\n\n\n<p><strong>Recuperaci\u00f3n del papa Francisco<\/strong><\/p>\n\n\n\n<p>El papa est\u00e1 sometido a una dieta h\u00eddrica y su evoluci\u00f3n es regular, indic\u00f3 el Vaticano el jueves. &#8220;Su estado de salud general es bueno, est\u00e1 despierto y respira de manera natural&#8221;, seg\u00fan su equipo m\u00e9dico.<\/p>\n\n\n\n<p>Francisco deber\u00eda pasar varios d\u00edas ingresado en la d\u00e9cima planta de la Policl\u00ednica Gemelli, conocida como el &#8220;hospital de los papas&#8221;, en la misma habitaci\u00f3n que ocup\u00f3 en numerosas ocasiones Juan Pablo II.<\/p>\n\n\n\n<p>El Vaticano inform\u00f3 que todas sus audiencias fueron anuladas hasta el 18 de junio.<\/p>\n\n\n\n<p><strong>Salud<\/strong><\/p>\n\n\n\n<figure class=\"wp-block-image\"><img decoding=\"async\" src=\"https:\/\/www.diarioepoca.com\/content\/bucket\/8\/1301548w762h428c.webp.webp\" alt=\"\"\/><\/figure>\n\n\n\n<p>El papa tiene un largo historial cl\u00ednico y con 21 a\u00f1os sufri\u00f3 una pleures\u00eda, una afecci\u00f3n grave que le supuso la ablaci\u00f3n parcial de un pulm\u00f3n, adem\u00e1s de sus problemas de rodilla y de cadera.<\/p>\n\n\n\n<p>En varias ocasiones redujo sus obligaciones debido a su estado de salud, lo que atiza la incertidumbre y las especulaciones.<\/p>\n\n\n\n<p>A finales de marzo, el pont\u00edfice fue ingresado en el hospital Gemelli por una infecci\u00f3n respiratoria que lo oblig\u00f3 a tomar antibi\u00f3ticos durante tres d\u00edas.<\/p>\n","protected":false},"excerpt":{"rendered":"<p>El papa Francisco, de 86 a\u00f1os, pas\u00f3 una segunda noche tranquila en el hospital Gemelli de Roma, donde contin\u00faa su convalecencia de varios d\u00edas tras una operaci\u00f3n del abdomen, anunci\u00f3&hellip; <\/p>\n","protected":false},"author":1,"featured_media":66297,"comment_status":"closed","ping_status":"open","sticky":false,"template":"","format":"standard","meta":{"footnotes":""},"categories":[1],"tags":[],"class_list":["post-66296","post","type-post","status-publish","format-standard","has-post-thumbnail","hentry","category-informacion-general"],"_links":{"self":[{"href":"https:\/\/corrientesdetarde.com\/index.php\/wp-json\/wp\/v2\/posts\/66296","targetHints":{"allow":["GET"]}}],"collection":[{"href":"https:\/\/corrientesdetarde.com\/index.php\/wp-json\/wp\/v2\/posts"}],"about":[{"href":"https:\/\/corrientesdetarde.com\/index.php\/wp-json\/wp\/v2\/types\/post"}],"author":[{"embeddable":true,"href":"https:\/\/corrientesdetarde.com\/index.php\/wp-json\/wp\/v2\/users\/1"}],"replies":[{"embeddable":true,"href":"https:\/\/corrientesdetarde.com\/index.php\/wp-json\/wp\/v2\/comments?post=66296"}],"version-history":[{"count":1,"href":"https:\/\/corrientesdetarde.com\/index.php\/wp-json\/wp\/v2\/posts\/66296\/revisions"}],"predecessor-version":[{"id":66298,"href":"https:\/\/corrientesdetarde.com\/index.php\/wp-json\/wp\/v2\/posts\/66296\/revisions\/66298"}],"wp:featuredmedia":[{"embeddable":true,"href":"https:\/\/corrientesdetarde.com\/index.php\/wp-json\/wp\/v2\/media\/66297"}],"wp:attachment":[{"href":"https:\/\/corrientesdetarde.com\/index.php\/wp-json\/wp\/v2\/media?parent=66296"}],"wp:term":[{"taxonomy":"category","embeddable":true,"href":"https:\/\/corrientesdetarde.com\/index.php\/wp-json\/wp\/v2\/categories?post=66296"},{"taxonomy":"post_tag","embeddable":true,"href":"https:\/\/corrientesdetarde.com\/index.php\/wp-json\/wp\/v2\/tags?post=66296"}],"curies":[{"name":"wp","href":"https:\/\/api.w.org\/{rel}","templated":true}]}}