{"id":66305,"date":"2023-06-09T11:02:44","date_gmt":"2023-06-09T14:02:44","guid":{"rendered":"https:\/\/corrientesdetarde.com\/?p=66305"},"modified":"2023-06-09T11:02:47","modified_gmt":"2023-06-09T14:02:47","slug":"aparecio-la-hermana-biologica-de-morena-rial-y-le-hizo-un-desesperado-pedido-a-la-mediatica","status":"publish","type":"post","link":"https:\/\/corrientesdetarde.com\/index.php\/espectaculos\/aparecio-la-hermana-biologica-de-morena-rial-y-le-hizo-un-desesperado-pedido-a-la-mediatica\/","title":{"rendered":"Apareci\u00f3 la hermana biol\u00f3gica de Morena Rial y le hizo un desesperado pedido a la medi\u00e1tica"},"content":{"rendered":"\n<p><strong>Morena Rial\u00a0<\/strong>abri\u00f3 la puerta de su vida privada y ahora no para de recibir sorpresas. Le cont\u00f3 al pa\u00eds que\u00a0<strong>es hija de una mujer llamada Azucena Luna<\/strong>\u00a0y ahora\u00a0apareci\u00f3 su hermana biol\u00f3gica, que desde Tucum\u00e1n le hizo un desesperado pedido a trav\u00e9s de un programa de TV.<\/p>\n\n\n\n<p>En&nbsp;<em>A la tarde (Am\u00e9rica)<\/em>, la joven de 30 a\u00f1os asegur\u00f3 que siempre estuvo al tanto de que la medi\u00e1tica era familiar suyo, y aclar\u00f3 que siempre intent\u00f3 vincularse con ella, aunque fue ignorada. Sin embargo, le reiter\u00f3 el pedido de verse personalmente para empezar a entablar un v\u00ednculo, aunque eso parecer\u00eda estar muy lejano.<\/p>\n\n\n\n<p>\u201c<strong>Que se d\u00e9 la oportunidad de conocernos<\/strong>, de charlar. En los mensajes que le mand\u00e9, yo le dije que nosotros&nbsp;<strong>no buscamos fama, plata ni nada. Yo busco conocer a mi hermana\u201d<\/strong>,pronunci\u00f3 esperanzada. D\u00edas atr\u00e1s, Morena se\u00f1al\u00f3 que eso no est\u00e1 en sus planes, ya que tiene muchos problemas personales como para sumar otro.<\/p>\n\n\n\n<figure class=\"wp-block-image\"><img decoding=\"async\" src=\"https:\/\/tn.com.ar\/resizer\/j5aPbi1WbvwIlzG5hCiWaXEUo3g=\/767x0\/smart\/filters:format(webp)\/cloudfront-us-east-1.images.arcpublishing.com\/artear\/UJAN4LKW2VGDPHAAHLYGFBUYRI.png\" alt=\"Morena Rial no quiere conocer a su madre y hermanos. (Foto: captura de Am\u00e9rica)\"\/><figcaption>Morena Rial no quiere conocer a su madre y hermanos. (Foto: captura de Am\u00e9rica)<\/figcaption><\/figure>\n\n\n\n<h2 class=\"wp-block-heading\">Qui\u00e9n es la mam\u00e1 biol\u00f3gica de Morena Rial<\/h2>\n\n\n\n<p><strong>Morena Rial<\/strong> volvi\u00f3 a hablar de su familia biol\u00f3gica y gener\u00f3 curiosidad entre los televidentes de\u00a0<em>LAM (Am\u00e9rica)<\/em>, donde se sent\u00f3 nuevamente para reafirmar todos los dichos contra su pap\u00e1. En un momento de la entrevista, \u00c1ngel De Brito mostr\u00f3\u00a0<strong>la primera foto de Azucena Luna, la mam\u00e1 de la medi\u00e1tica<\/strong>,\u00a0y un detalle llam\u00f3 la atenci\u00f3n en las redes sociales.<\/p>\n\n\n\n<p>Varios usuarios aseguraron que&nbsp;<strong>la tucumana de 45 a\u00f1os no se parece mucho a la hija adoptiva de Jorge Rial.<\/strong>&nbsp;A la joven eso no le import\u00f3 mucho, ya que por ahora no piensa viajar a conocerla personalmente, aunque s\u00ed confirm\u00f3 que la perdon\u00f3 por haberla dado en adopci\u00f3n apenas naci\u00f3.<\/p>\n\n\n\n<figure class=\"wp-block-image\"><img decoding=\"async\" src=\"https:\/\/tn.com.ar\/resizer\/1C0ty7EQMoQH-4T1rnweKzcKqnE=\/767x0\/smart\/filters:format(webp)\/cloudfront-us-east-1.images.arcpublishing.com\/artear\/P72HFAU7BBFEBPYBVENAILPKCY.jpg\" alt=\"Azucena Luna, la mam\u00e1 biol\u00f3gica de Morena Rial. (Foto: captura de Am\u00e9rica)\"\/><figcaption>Azucena Luna, la mam\u00e1 biol\u00f3gica de Morena Rial. (Foto: captura de Am\u00e9rica)<\/figcaption><\/figure>\n\n\n\n<p>\u201cEs una familia muy humilde y yo tengo un gran coraz\u00f3n, pero en este momento no estoy pasando por un buen momento como para poder ayudarlos, que es lo que intentar\u00eda hacer. Entonces prefiero por ahora dejarlo as\u00ed\u201d, hab\u00eda dicho Morena, que se enter\u00f3 de la existencia de tres hermanos.<\/p>\n\n\n\n<p>Azucena cont\u00f3 que cuando qued\u00f3 embarazada de Morena ten\u00eda 20 a\u00f1os y estaba en Tucum\u00e1n, de donde es oriunda.&nbsp;<strong>\u201cDespu\u00e9s me fui a Buenos Aires con Silvia (D\u2019Auro), pero yo no ten\u00eda ni idea de que eran famosos.&nbsp;<\/strong>(La conoc\u00ed) en un trabajo m\u00edo. Mis patrones ten\u00edan familiares en Buenos Aires que era alba\u00f1iles, (&#8230;) me hicieron estudios, chequeos del embarazo y pas\u00f3 lo que pas\u00f3\u201d, se le escuch\u00f3 decir en un audio que ten\u00eda \u00c1ngel De Brito.<\/p>\n\n\n\n<figure class=\"wp-block-image\"><img decoding=\"async\" src=\"https:\/\/tn.com.ar\/resizer\/lWUreEWdOEELKdS_RwyUH0noVHM=\/767x0\/smart\/filters:format(webp)\/cloudfront-us-east-1.images.arcpublishing.com\/artear\/JYQRSJANGBAR3L2IKYIMSSZC4I.jpg\" alt=\"Morena fue adoptada por Jorge Rial. (Foto: Instagram \/moreerial)\"\/><\/figure>\n","protected":false},"excerpt":{"rendered":"<p>Morena Rial\u00a0abri\u00f3 la puerta de su vida privada y ahora no para de recibir sorpresas. Le cont\u00f3 al pa\u00eds que\u00a0es hija de una mujer llamada Azucena Luna\u00a0y ahora\u00a0apareci\u00f3 su hermana&hellip; <\/p>\n","protected":false},"author":1,"featured_media":66309,"comment_status":"closed","ping_status":"open","sticky":false,"template":"","format":"standard","meta":{"footnotes":""},"categories":[19],"tags":[],"class_list":["post-66305","post","type-post","status-publish","format-standard","has-post-thumbnail","hentry","category-espectaculos"],"_links":{"self":[{"href":"https:\/\/corrientesdetarde.com\/index.php\/wp-json\/wp\/v2\/posts\/66305","targetHints":{"allow":["GET"]}}],"collection":[{"href":"https:\/\/corrientesdetarde.com\/index.php\/wp-json\/wp\/v2\/posts"}],"about":[{"href":"https:\/\/corrientesdetarde.com\/index.php\/wp-json\/wp\/v2\/types\/post"}],"author":[{"embeddable":true,"href":"https:\/\/corrientesdetarde.com\/index.php\/wp-json\/wp\/v2\/users\/1"}],"replies":[{"embeddable":true,"href":"https:\/\/corrientesdetarde.com\/index.php\/wp-json\/wp\/v2\/comments?post=66305"}],"version-history":[{"count":1,"href":"https:\/\/corrientesdetarde.com\/index.php\/wp-json\/wp\/v2\/posts\/66305\/revisions"}],"predecessor-version":[{"id":66310,"href":"https:\/\/corrientesdetarde.com\/index.php\/wp-json\/wp\/v2\/posts\/66305\/revisions\/66310"}],"wp:featuredmedia":[{"embeddable":true,"href":"https:\/\/corrientesdetarde.com\/index.php\/wp-json\/wp\/v2\/media\/66309"}],"wp:attachment":[{"href":"https:\/\/corrientesdetarde.com\/index.php\/wp-json\/wp\/v2\/media?parent=66305"}],"wp:term":[{"taxonomy":"category","embeddable":true,"href":"https:\/\/corrientesdetarde.com\/index.php\/wp-json\/wp\/v2\/categories?post=66305"},{"taxonomy":"post_tag","embeddable":true,"href":"https:\/\/corrientesdetarde.com\/index.php\/wp-json\/wp\/v2\/tags?post=66305"}],"curies":[{"name":"wp","href":"https:\/\/api.w.org\/{rel}","templated":true}]}}