{"id":66306,"date":"2023-06-09T11:18:54","date_gmt":"2023-06-09T14:18:54","guid":{"rendered":"https:\/\/corrientesdetarde.com\/?p=66306"},"modified":"2023-06-09T11:18:56","modified_gmt":"2023-06-09T14:18:56","slug":"arranco-la-veda-electoral-que-no-se-puede-hacer-en-corrientes","status":"publish","type":"post","link":"https:\/\/corrientesdetarde.com\/index.php\/sociales\/arranco-la-veda-electoral-que-no-se-puede-hacer-en-corrientes\/","title":{"rendered":"Arranc\u00f3 la veda electoral: \u00bfQu\u00e9 no se puede hacer en Corrientes?"},"content":{"rendered":"\n<p>La veda electoral comenz\u00f3 a regir desde hoy viernes 9 de junio a las 8, a 48 horas del inicio de las Elecciones Legislativas 2023 y finalizar\u00e1 el domingo 11 a las 21.<\/p>\n\n\n\n<h2 class=\"wp-block-heading\">Qu\u00e9 est\u00e1 prohibido durante la veda electoral<\/h2>\n\n\n\n<p>*Las reuniones de electoras y electores o el dep\u00f3sito de armas en casas dentro de un radio de ochenta metros alrededor de los lugares de votaci\u00f3n.<\/p>\n\n\n\n<p>*Los espect\u00e1culos, fiestas teatrales, actividades deportivas y cualquier reuni\u00f3n p\u00fablica que no se refieran al acto electoral.<\/p>\n\n\n\n<p>*El expendio de cualquier clase de bebidas alcoh\u00f3licas.<\/p>\n\n\n\n<p>*Ofrecer o entregar boletas de sufragio dentro de un radio de ochenta metros de los lugares de votaci\u00f3n.<\/p>\n\n\n\n<p>*La portaci\u00f3n de armas, el uso de banderas, divisas u otros distintivos.<\/p>\n\n\n\n<p>*Realizar actos p\u00fablicos de proselitismo<\/p>\n\n\n\n<p>*Publicar y difundir encuestas y sondeos preelectorales y de proyecci\u00f3n sobre el resultado.<\/p>\n\n\n\n<p>*Abrir los locales partidarios ubicados dentro de un radio de ochenta metros de los lugares de votaci\u00f3n.<\/p>\n\n\n\n<h2 class=\"wp-block-heading\">Qu\u00e9 pasa con quienes violan la veda electoral<\/h2>\n\n\n\n<p>Seg\u00fan el Art\u00edculo 130 del Cap\u00edtulo II de delitos electorales del CEN, todo propietario de inmueble situado dentro del radio de 80 metros del lugar de celebraci\u00f3n del comicio, as\u00ed como los locatarios u ocupantes, sean \u00e9stos habituales o circunstanciales, ser\u00e1n pasibles si el d\u00eda del acto comicial y conociendo el hecho no dieren aviso inmediato a las autoridades: 1) De prisi\u00f3n de 15 d\u00edas a seis meses si admitieren reuni\u00f3n de electores. 2) De prisi\u00f3n de tres meses a dos a\u00f1os si tuvieran armas en dep\u00f3sito<\/p>\n\n\n\n<p>El art\u00edculo 131 dispone que se imponga prisi\u00f3n de 15 d\u00edas a seis meses al empresario u organizador de espect\u00e1culos p\u00fablicos o actos deportivos que se realicen durante el lapso previsto en el art\u00edculo 71, inciso b).<\/p>\n\n\n\n<p>Mientras que, siguiendo el art\u00edculo 136, se impondr\u00e1 prisi\u00f3n de 15 d\u00edas a seis meses a las personas que expendan bebidas alcoh\u00f3licas desde 12 horas antes y hasta tres horas despu\u00e9s de finalizado el acto eleccionario.<\/p>\n\n\n\n<h2 class=\"wp-block-heading\">Cu\u00e1ndo empieza y cu\u00e1ndo termina la prohibici\u00f3n de vender alcohol<\/h2>\n\n\n\n<p>Est\u00e1 prohibida la venta de cualquier clase de bebidas alcoh\u00f3licas desde las 20 del d\u00eda anterior a la elecci\u00f3n hasta las 21 del d\u00eda en que se celebran los comicios.<\/p>\n\n\n\n<p>A quien venda bebidas alcoh\u00f3licas durante ese per\u00edodo le corresponde una pena de prisi\u00f3n de entre quince d\u00edas y seis meses.<\/p>\n","protected":false},"excerpt":{"rendered":"<p>La veda electoral comenz\u00f3 a regir desde hoy viernes 9 de junio a las 8, a 48 horas del inicio de las Elecciones Legislativas 2023 y finalizar\u00e1 el domingo 11&hellip; <\/p>\n","protected":false},"author":1,"featured_media":66315,"comment_status":"closed","ping_status":"open","sticky":false,"template":"","format":"standard","meta":{"footnotes":""},"categories":[17],"tags":[],"class_list":["post-66306","post","type-post","status-publish","format-standard","has-post-thumbnail","hentry","category-sociales"],"_links":{"self":[{"href":"https:\/\/corrientesdetarde.com\/index.php\/wp-json\/wp\/v2\/posts\/66306","targetHints":{"allow":["GET"]}}],"collection":[{"href":"https:\/\/corrientesdetarde.com\/index.php\/wp-json\/wp\/v2\/posts"}],"about":[{"href":"https:\/\/corrientesdetarde.com\/index.php\/wp-json\/wp\/v2\/types\/post"}],"author":[{"embeddable":true,"href":"https:\/\/corrientesdetarde.com\/index.php\/wp-json\/wp\/v2\/users\/1"}],"replies":[{"embeddable":true,"href":"https:\/\/corrientesdetarde.com\/index.php\/wp-json\/wp\/v2\/comments?post=66306"}],"version-history":[{"count":1,"href":"https:\/\/corrientesdetarde.com\/index.php\/wp-json\/wp\/v2\/posts\/66306\/revisions"}],"predecessor-version":[{"id":66316,"href":"https:\/\/corrientesdetarde.com\/index.php\/wp-json\/wp\/v2\/posts\/66306\/revisions\/66316"}],"wp:featuredmedia":[{"embeddable":true,"href":"https:\/\/corrientesdetarde.com\/index.php\/wp-json\/wp\/v2\/media\/66315"}],"wp:attachment":[{"href":"https:\/\/corrientesdetarde.com\/index.php\/wp-json\/wp\/v2\/media?parent=66306"}],"wp:term":[{"taxonomy":"category","embeddable":true,"href":"https:\/\/corrientesdetarde.com\/index.php\/wp-json\/wp\/v2\/categories?post=66306"},{"taxonomy":"post_tag","embeddable":true,"href":"https:\/\/corrientesdetarde.com\/index.php\/wp-json\/wp\/v2\/tags?post=66306"}],"curies":[{"name":"wp","href":"https:\/\/api.w.org\/{rel}","templated":true}]}}