{"id":66308,"date":"2023-06-09T11:04:27","date_gmt":"2023-06-09T14:04:27","guid":{"rendered":"https:\/\/corrientesdetarde.com\/?p=66308"},"modified":"2023-06-09T11:04:29","modified_gmt":"2023-06-09T14:04:29","slug":"el-descuido-de-neymar-subio-una-foto-y-un-detalle-preocupo-a-sus-fanaticos","status":"publish","type":"post","link":"https:\/\/corrientesdetarde.com\/index.php\/deportes\/el-descuido-de-neymar-subio-una-foto-y-un-detalle-preocupo-a-sus-fanaticos\/","title":{"rendered":"El descuido de Neymar: subi\u00f3 una foto y un detalle preocup\u00f3 a sus fan\u00e1ticos"},"content":{"rendered":"\n<p>Una lesi\u00f3n en el tobillo complic\u00f3 el cierre de temporada de\u00a0Neymar. El brasile\u00f1o no juega desde febrero, por eso se perdi\u00f3 los octavos de final de la Champions League y una gran parte de los encuentros de la Ligue 1 que gan\u00f3\u00a0Paris Saint Germain. Igualmente, Ney particip\u00f3 de los festejos del club pero r\u00e1pidamente se escap\u00f3 Francia y ahora se encuentra en Estados Unidos disfrutando de sus vacaciones.<\/p>\n\n\n\n<p>Parece a prop\u00f3sito pero Ney se escap\u00f3 de la celebraci\u00f3n del PSG cuando\u00a0Lionel Messi\u00a0se escabull\u00f3 para no ser parte de la fiesta y se fueron directo al vestuario. D\u00edas m\u00e1s tarde, el argentino anunci\u00f3 su llegada a\u00a0<strong>Inter Miami<\/strong>\u00a0y el crack de Brasil se lo vio en uno de los partidos de la final de la NBA que disputa\u00a0<strong>Miami Heat<\/strong>\u00a0ante Denver Nuggets con una campera de la ciudad donde jugar\u00e1 su amigo.<\/p>\n\n\n\n<figure class=\"wp-block-image\"><img decoding=\"async\" src=\"https:\/\/tn.com.ar\/resizer\/B3So865nBNedpEa0uj1A6x7EGlw=\/767x0\/smart\/filters:format(webp)\/cloudfront-us-east-1.images.arcpublishing.com\/artear\/SIRBZSVLTIOQUWXAEZCZL3APNA.jpg\" alt=\"Neymar se fue a Estados Unidos a ver las finales de la NBA. (Foto:Kyle Terada-USA TODAY Sports)\"\/><figcaption>Neymar se fue a Estados Unidos a ver las finales de la NBA. (Foto:Kyle Terada-USA TODAY Sports)Por:&nbsp;<strong>USA TODAY Sports via Reuters Con<\/strong><\/figcaption><\/figure>\n\n\n\n<p>Aunque en las \u00faltimas horas salieron a la luz algunas fotos, donde Neymar no luce su mejor figura y asust\u00f3 a varios fan\u00e1ticos, m\u00e1s a los hinchas PSG que esperan el regreso del talentoso futbolista de 31 a\u00f1os.<\/p>\n\n\n\n<figure class=\"wp-block-image\"><img decoding=\"async\" src=\"https:\/\/tn.com.ar\/resizer\/IJ-r-jnZ31Vg1t7adKikV24__1M=\/767x0\/smart\/filters:format(webp)\/cloudfront-us-east-1.images.arcpublishing.com\/artear\/XWJWCMLBB5CQNJLFTT24R7WV2A.jfif\" alt=\"Neymar asust\u00f3 a sus fan\u00e1ticos. (Foto: Twitter)\"\/><figcaption>Neymar asust\u00f3 a sus fan\u00e1ticos. (Foto: Twitter)<\/figcaption><\/figure>\n\n\n\n<h2 class=\"wp-block-heading\">El mensaje de Neymar a Lionel Messi<\/h2>\n\n\n\n<p><strong>\u201cNo sali\u00f3 como pens\u00e1bamos, pero intentamos de todo. Fue un placer compartir 2 a\u00f1os m\u00e1s con vos\u201d<\/strong>, fue el posteo que comparti\u00f3 el brasile\u00f1o en su cuenta de Instagram en donde subi\u00f3 dos fotos en las que se puede ver a Ney abrazado al crack rosarino: una en blanco y negro y la otra a color.<\/p>\n\n\n\n<p>\u201cHermano.. no sali\u00f3 como pens\u00e1bamos, pero intentamos de todo. Fue un placer compartir 2 a\u00f1os m\u00e1s con vos. Mucha suerte en tu nueva etapa y que seas feliz. Te quiero \u2764\ufe0f\u00a0@leomessi\u201d<\/p>\n\n\n\n<figure class=\"wp-block-image is-resized\"><img loading=\"lazy\" decoding=\"async\" src=\"https:\/\/tn.com.ar\/resizer\/Tt-vjlUk3zO6jlFmxwlkI9ObCj8=\/767x0\/smart\/filters:format(webp)\/cloudfront-us-east-1.images.arcpublishing.com\/artear\/K7JPWBIUKFCTVPLTSB676SIVJY.jpeg\" alt=\"Neymar le dedica unas palabras a Lionel Messi (Ph: Instagram)\" width=\"852\" height=\"365\"\/><figcaption>Neymar le dedica unas palabras a Lionel Messi (Ph: Instagram)<\/figcaption><\/figure>\n","protected":false},"excerpt":{"rendered":"<p>Una lesi\u00f3n en el tobillo complic\u00f3 el cierre de temporada de\u00a0Neymar. El brasile\u00f1o no juega desde febrero, por eso se perdi\u00f3 los octavos de final de la Champions League y&hellip; <\/p>\n","protected":false},"author":1,"featured_media":66311,"comment_status":"closed","ping_status":"open","sticky":false,"template":"","format":"standard","meta":{"footnotes":""},"categories":[4],"tags":[],"class_list":["post-66308","post","type-post","status-publish","format-standard","has-post-thumbnail","hentry","category-deportes"],"_links":{"self":[{"href":"https:\/\/corrientesdetarde.com\/index.php\/wp-json\/wp\/v2\/posts\/66308","targetHints":{"allow":["GET"]}}],"collection":[{"href":"https:\/\/corrientesdetarde.com\/index.php\/wp-json\/wp\/v2\/posts"}],"about":[{"href":"https:\/\/corrientesdetarde.com\/index.php\/wp-json\/wp\/v2\/types\/post"}],"author":[{"embeddable":true,"href":"https:\/\/corrientesdetarde.com\/index.php\/wp-json\/wp\/v2\/users\/1"}],"replies":[{"embeddable":true,"href":"https:\/\/corrientesdetarde.com\/index.php\/wp-json\/wp\/v2\/comments?post=66308"}],"version-history":[{"count":1,"href":"https:\/\/corrientesdetarde.com\/index.php\/wp-json\/wp\/v2\/posts\/66308\/revisions"}],"predecessor-version":[{"id":66312,"href":"https:\/\/corrientesdetarde.com\/index.php\/wp-json\/wp\/v2\/posts\/66308\/revisions\/66312"}],"wp:featuredmedia":[{"embeddable":true,"href":"https:\/\/corrientesdetarde.com\/index.php\/wp-json\/wp\/v2\/media\/66311"}],"wp:attachment":[{"href":"https:\/\/corrientesdetarde.com\/index.php\/wp-json\/wp\/v2\/media?parent=66308"}],"wp:term":[{"taxonomy":"category","embeddable":true,"href":"https:\/\/corrientesdetarde.com\/index.php\/wp-json\/wp\/v2\/categories?post=66308"},{"taxonomy":"post_tag","embeddable":true,"href":"https:\/\/corrientesdetarde.com\/index.php\/wp-json\/wp\/v2\/tags?post=66308"}],"curies":[{"name":"wp","href":"https:\/\/api.w.org\/{rel}","templated":true}]}}