{"id":66317,"date":"2023-06-09T11:22:14","date_gmt":"2023-06-09T14:22:14","guid":{"rendered":"https:\/\/corrientesdetarde.com\/?p=66317"},"modified":"2023-06-09T11:22:17","modified_gmt":"2023-06-09T14:22:17","slug":"el-polemico-comentario-de-martin-liberman-sobre-lionel-messi-que-le-valio-una-ola-de-criticas-en-las-redes","status":"publish","type":"post","link":"https:\/\/corrientesdetarde.com\/index.php\/deportes\/el-polemico-comentario-de-martin-liberman-sobre-lionel-messi-que-le-valio-una-ola-de-criticas-en-las-redes\/","title":{"rendered":"El pol\u00e9mico comentario de Mart\u00edn Liberman sobre Lionel Messi que le vali\u00f3 una ola de cr\u00edticas en las redes"},"content":{"rendered":"\n<p><strong>Lionel Messi\u00a0<\/strong>confirm\u00f3 que no ir\u00e1 al Barcelona y que seguir\u00e1 su carrera en el\u00a0<strong>Inter Miami.<\/strong>\u00a0Esta decisi\u00f3n gener\u00f3 una ola de comentarios y opiniones, algunos de ellos algo controversiales. El periodista\u00a0<strong>Mart\u00edn Liberman dio su opini\u00f3n\u00a0<\/strong>sobre este movimiento en sus redes sociales y muchos seguidores lo criticaron.<\/p>\n\n\n\n<p>Luego de dejar en claro que piensa que tanto Messi como su padre, Jorge, son unos \u201cgenios\u201d, el comunicador dio su versi\u00f3n sobre los motivos que llevaron al capit\u00e1n de la Selecci\u00f3n argentina a decidirse por el equipo de la MLS: \u201cM\u00e1s all\u00e1 de su genialidad para construir a futuro,&nbsp;<strong>no hubo ning\u00fan equipo bueno o grande de Europa que haya preguntado por \u00e9l<\/strong>\u201d.<\/p>\n\n\n\n<p>\u201cNi uno. MLS es una gran opci\u00f3n en el ocaso de su carrera. A todos les llega. Es el inexorable paso del tiempo\u201d, agreg\u00f3 en su cuenta de Twitter.<\/p>\n\n\n<div class=\"wp-block-image\">\n<figure class=\"aligncenter is-resized\"><img loading=\"lazy\" decoding=\"async\" src=\"https:\/\/tn.com.ar\/resizer\/b4WdsIgj04eLAb7PYbyz3pQx0Hw=\/767x0\/smart\/filters:format(webp)\/cloudfront-us-east-1.images.arcpublishing.com\/artear\/FDONMGZOVRFW5LKHFHPZJXBLNM.PNG\" alt=\"El periodista opin\u00f3 sobre el futuro de Messi y gener\u00f3 una ola de reacciones. (Fuente: Twitter)\" width=\"466\" height=\"283\"\/><figcaption>El periodista opin\u00f3 sobre el futuro de Messi y gener\u00f3 una ola de reacciones. (Fuente: Twitter)<\/figcaption><\/figure>\n<\/div>\n\n\n<p>Este comentario motiv\u00f3 una ola de reacciones negativas de parte de sus seguidores.&nbsp;<strong>\u201c\u00a1Qu\u00e9 comentario mala leche!\u201d<\/strong>, \u201c\u00bfC\u00f3mo sabes que ning\u00fan equipo grande lo quiere?\u201d, \u201cImag\u00ednate el tup\u00e9 de decirle a Messi que est\u00e1 en el ocaso de su carrera\u201d, fueron algunas de las recriminaciones que recibi\u00f3.<\/p>\n\n\n\n<p>Ante esta lluvia de cr\u00edticas, Liberman sali\u00f3 a defenderse: \u201cLes molesta que diga el ocaso de su carrera\u2026 \u00bfsaben castellano? Ocaso es la parte final del astro. A todos les llega. \u00bfCu\u00e1l es el problema? A Cristiano, a Messi, a Benzema, a Ibrahimovic, etc \u00a1El tiempo pasa para todos! \u00bfDe que se enojan?\u201d.<\/p>\n","protected":false},"excerpt":{"rendered":"<p>Lionel Messi\u00a0confirm\u00f3 que no ir\u00e1 al Barcelona y que seguir\u00e1 su carrera en el\u00a0Inter Miami.\u00a0Esta decisi\u00f3n gener\u00f3 una ola de comentarios y opiniones, algunos de ellos algo controversiales. El periodista\u00a0Mart\u00edn&hellip; <\/p>\n","protected":false},"author":1,"featured_media":66318,"comment_status":"closed","ping_status":"open","sticky":false,"template":"","format":"standard","meta":{"footnotes":""},"categories":[4],"tags":[],"class_list":["post-66317","post","type-post","status-publish","format-standard","has-post-thumbnail","hentry","category-deportes"],"_links":{"self":[{"href":"https:\/\/corrientesdetarde.com\/index.php\/wp-json\/wp\/v2\/posts\/66317","targetHints":{"allow":["GET"]}}],"collection":[{"href":"https:\/\/corrientesdetarde.com\/index.php\/wp-json\/wp\/v2\/posts"}],"about":[{"href":"https:\/\/corrientesdetarde.com\/index.php\/wp-json\/wp\/v2\/types\/post"}],"author":[{"embeddable":true,"href":"https:\/\/corrientesdetarde.com\/index.php\/wp-json\/wp\/v2\/users\/1"}],"replies":[{"embeddable":true,"href":"https:\/\/corrientesdetarde.com\/index.php\/wp-json\/wp\/v2\/comments?post=66317"}],"version-history":[{"count":1,"href":"https:\/\/corrientesdetarde.com\/index.php\/wp-json\/wp\/v2\/posts\/66317\/revisions"}],"predecessor-version":[{"id":66319,"href":"https:\/\/corrientesdetarde.com\/index.php\/wp-json\/wp\/v2\/posts\/66317\/revisions\/66319"}],"wp:featuredmedia":[{"embeddable":true,"href":"https:\/\/corrientesdetarde.com\/index.php\/wp-json\/wp\/v2\/media\/66318"}],"wp:attachment":[{"href":"https:\/\/corrientesdetarde.com\/index.php\/wp-json\/wp\/v2\/media?parent=66317"}],"wp:term":[{"taxonomy":"category","embeddable":true,"href":"https:\/\/corrientesdetarde.com\/index.php\/wp-json\/wp\/v2\/categories?post=66317"},{"taxonomy":"post_tag","embeddable":true,"href":"https:\/\/corrientesdetarde.com\/index.php\/wp-json\/wp\/v2\/tags?post=66317"}],"curies":[{"name":"wp","href":"https:\/\/api.w.org\/{rel}","templated":true}]}}