{"id":66320,"date":"2023-06-09T12:00:45","date_gmt":"2023-06-09T15:00:45","guid":{"rendered":"https:\/\/corrientesdetarde.com\/?p=66320"},"modified":"2023-06-09T12:00:50","modified_gmt":"2023-06-09T15:00:50","slug":"comienza-la-fecha-20-de-la-liga-marcada-por-la-final-del-sub20","status":"publish","type":"post","link":"https:\/\/corrientesdetarde.com\/index.php\/deportes\/comienza-la-fecha-20-de-la-liga-marcada-por-la-final-del-sub20\/","title":{"rendered":"Comienza la fecha 20 de la Liga, marcada por la final del Sub20"},"content":{"rendered":"\n<figure class=\"wp-block-embed is-type-video is-provider-youtube wp-block-embed-youtube wp-embed-aspect-16-9 wp-has-aspect-ratio\"><div class=\"wp-block-embed__wrapper\">\n<iframe loading=\"lazy\" title=\"Fecha 20 de la Liga: un cronograma marcado por la final del Sub20\" width=\"1110\" height=\"624\" src=\"https:\/\/www.youtube.com\/embed\/w3JFT8b1DF0?feature=oembed\" frameborder=\"0\" allow=\"accelerometer; autoplay; clipboard-write; encrypted-media; gyroscope; picture-in-picture; web-share\" allowfullscreen><\/iframe>\n<\/div><\/figure>\n\n\n\n<p>El encuentro el domingo entre los juveniles de Italia y Uruguay dejar\u00e1 libre el domingo sin partidos. Se resolver\u00e1 entonces este cap\u00edtulo del torneo local entre hoy, ma\u00f1ana y el lunes. En general, la mayor\u00eda de los equipos que siguen en carrera en la Libertadores deber\u00e1n rotar sus planteles.<\/p>\n","protected":false},"excerpt":{"rendered":"<p>El encuentro el domingo entre los juveniles de Italia y Uruguay dejar\u00e1 libre el domingo sin partidos. Se resolver\u00e1 entonces este cap\u00edtulo del torneo local entre hoy, ma\u00f1ana y el&hellip; <\/p>\n","protected":false},"author":11,"featured_media":66321,"comment_status":"closed","ping_status":"open","sticky":false,"template":"","format":"standard","meta":{"footnotes":""},"categories":[4],"tags":[],"class_list":["post-66320","post","type-post","status-publish","format-standard","has-post-thumbnail","hentry","category-deportes"],"_links":{"self":[{"href":"https:\/\/corrientesdetarde.com\/index.php\/wp-json\/wp\/v2\/posts\/66320","targetHints":{"allow":["GET"]}}],"collection":[{"href":"https:\/\/corrientesdetarde.com\/index.php\/wp-json\/wp\/v2\/posts"}],"about":[{"href":"https:\/\/corrientesdetarde.com\/index.php\/wp-json\/wp\/v2\/types\/post"}],"author":[{"embeddable":true,"href":"https:\/\/corrientesdetarde.com\/index.php\/wp-json\/wp\/v2\/users\/11"}],"replies":[{"embeddable":true,"href":"https:\/\/corrientesdetarde.com\/index.php\/wp-json\/wp\/v2\/comments?post=66320"}],"version-history":[{"count":1,"href":"https:\/\/corrientesdetarde.com\/index.php\/wp-json\/wp\/v2\/posts\/66320\/revisions"}],"predecessor-version":[{"id":66322,"href":"https:\/\/corrientesdetarde.com\/index.php\/wp-json\/wp\/v2\/posts\/66320\/revisions\/66322"}],"wp:featuredmedia":[{"embeddable":true,"href":"https:\/\/corrientesdetarde.com\/index.php\/wp-json\/wp\/v2\/media\/66321"}],"wp:attachment":[{"href":"https:\/\/corrientesdetarde.com\/index.php\/wp-json\/wp\/v2\/media?parent=66320"}],"wp:term":[{"taxonomy":"category","embeddable":true,"href":"https:\/\/corrientesdetarde.com\/index.php\/wp-json\/wp\/v2\/categories?post=66320"},{"taxonomy":"post_tag","embeddable":true,"href":"https:\/\/corrientesdetarde.com\/index.php\/wp-json\/wp\/v2\/tags?post=66320"}],"curies":[{"name":"wp","href":"https:\/\/api.w.org\/{rel}","templated":true}]}}