{"id":66326,"date":"2023-06-09T14:17:42","date_gmt":"2023-06-09T17:17:42","guid":{"rendered":"https:\/\/corrientesdetarde.com\/?p=66326"},"modified":"2023-06-09T14:17:46","modified_gmt":"2023-06-09T17:17:46","slug":"el-coprodis-capacita-en-lengua-de-senas-en-monte-caseros","status":"publish","type":"post","link":"https:\/\/corrientesdetarde.com\/index.php\/sociales\/el-coprodis-capacita-en-lengua-de-senas-en-monte-caseros\/","title":{"rendered":"El COPRODIS capacita en Lengua de Se\u00f1as en Monte Caseros"},"content":{"rendered":"\n<p>Este jueves 8 de junio por la tarde el Ministerio de Desarrollo Social junto al Ministerio de Planificaciones y el Municipio de Monte Caseros realizaron la apertura del Curso de Lengua de Se\u00f1as Argentina que se va a llevar adelante en esa localidad.<\/p>\n\n\n\n<p>La directora del COPRODIS, Roxana Tannuri y su \u00e1rea de capacitaciones&nbsp;conformada por Elizabeth Canteros, Yamila Sclippa y Fernando G\u00f3mez, este jueves por la tarde realizaron la apertura del curso de lengua de se\u00f1as argentinas en Monte Caseros junto al intendente Juan Carlos \u00c1lvarez, la directora de Discapacidad, Laura Viera, y el director de Relaciones Institucionales, Luis Tabares, del Ministerio de Planificaciones.<\/p>\n\n\n\n<p>Con el auditorio lleno, 400 personas, entre las cuales hab\u00eda profesionales de la salud, educaci\u00f3n, personas con discapacidad y estudiantes, comenzaron con una charla introductoria Lengua de se\u00f1as y comunidad sorda &#8220;conociendo su realidad&#8221; que continuar\u00e1 todos los s\u00e1bados desde el 17 de junio&nbsp;de 8.30 a 16 durante dos meses y contar\u00e1&nbsp;con la participaci\u00f3n activa de la comunidad sorda de la localidad.<\/p>\n\n\n\n<p>El COPRODIS contin\u00faa trabajando de forma articulada brindando capacitaciones y asesoramiento en el interior de la provincia con los municipios y direcciones de discapacidad, en esta ocasi\u00f3n con el Ministerio de Planificaciones a trav\u00e9s de su Direcci\u00f3n de Relaciones Institucionales y la Direcci\u00f3n de Discapacidad del municipio.<\/p>\n\n\n\n<p>Asimismo, a partir del d\u00eda viernes 16 todos los viernes durante dos meses el COPRODIS estar\u00e1 brindando el Curso de Lengua de Se\u00f1as en Curuz\u00fa Cuati\u00e1 de 9 a 16.<\/p>\n\n\n\n<figure class=\"wp-block-image size-large\"><img loading=\"lazy\" decoding=\"async\" width=\"1024\" height=\"647\" src=\"https:\/\/corrientesdetarde.com\/wp-content\/uploads\/2023\/06\/image-291-1024x647.png\" alt=\"\" class=\"wp-image-66327\" srcset=\"https:\/\/corrientesdetarde.com\/wp-content\/uploads\/2023\/06\/image-291-1024x647.png 1024w, https:\/\/corrientesdetarde.com\/wp-content\/uploads\/2023\/06\/image-291-300x189.png 300w, https:\/\/corrientesdetarde.com\/wp-content\/uploads\/2023\/06\/image-291-768x485.png 768w, https:\/\/corrientesdetarde.com\/wp-content\/uploads\/2023\/06\/image-291.png 1080w\" sizes=\"auto, (max-width: 1024px) 100vw, 1024px\" \/><\/figure>\n\n\n\n<figure class=\"wp-block-image size-large\"><img loading=\"lazy\" decoding=\"async\" width=\"1024\" height=\"519\" src=\"https:\/\/corrientesdetarde.com\/wp-content\/uploads\/2023\/06\/image-292-1024x519.png\" alt=\"\" class=\"wp-image-66328\" srcset=\"https:\/\/corrientesdetarde.com\/wp-content\/uploads\/2023\/06\/image-292-1024x519.png 1024w, https:\/\/corrientesdetarde.com\/wp-content\/uploads\/2023\/06\/image-292-300x152.png 300w, https:\/\/corrientesdetarde.com\/wp-content\/uploads\/2023\/06\/image-292-768x389.png 768w, https:\/\/corrientesdetarde.com\/wp-content\/uploads\/2023\/06\/image-292.png 1080w\" sizes=\"auto, (max-width: 1024px) 100vw, 1024px\" \/><\/figure>\n\n\n\n<figure class=\"wp-block-image size-large\"><img loading=\"lazy\" decoding=\"async\" width=\"1024\" height=\"601\" src=\"https:\/\/corrientesdetarde.com\/wp-content\/uploads\/2023\/06\/image-293-1024x601.png\" alt=\"\" class=\"wp-image-66329\" srcset=\"https:\/\/corrientesdetarde.com\/wp-content\/uploads\/2023\/06\/image-293-1024x601.png 1024w, https:\/\/corrientesdetarde.com\/wp-content\/uploads\/2023\/06\/image-293-300x176.png 300w, https:\/\/corrientesdetarde.com\/wp-content\/uploads\/2023\/06\/image-293-768x451.png 768w, https:\/\/corrientesdetarde.com\/wp-content\/uploads\/2023\/06\/image-293.png 1080w\" sizes=\"auto, (max-width: 1024px) 100vw, 1024px\" \/><\/figure>\n","protected":false},"excerpt":{"rendered":"<p>Este jueves 8 de junio por la tarde el Ministerio de Desarrollo Social junto al Ministerio de Planificaciones y el Municipio de Monte Caseros realizaron la apertura del Curso de&hellip; <\/p>\n","protected":false},"author":8,"featured_media":66330,"comment_status":"closed","ping_status":"open","sticky":false,"template":"","format":"standard","meta":{"footnotes":""},"categories":[17],"tags":[],"class_list":["post-66326","post","type-post","status-publish","format-standard","has-post-thumbnail","hentry","category-sociales"],"_links":{"self":[{"href":"https:\/\/corrientesdetarde.com\/index.php\/wp-json\/wp\/v2\/posts\/66326","targetHints":{"allow":["GET"]}}],"collection":[{"href":"https:\/\/corrientesdetarde.com\/index.php\/wp-json\/wp\/v2\/posts"}],"about":[{"href":"https:\/\/corrientesdetarde.com\/index.php\/wp-json\/wp\/v2\/types\/post"}],"author":[{"embeddable":true,"href":"https:\/\/corrientesdetarde.com\/index.php\/wp-json\/wp\/v2\/users\/8"}],"replies":[{"embeddable":true,"href":"https:\/\/corrientesdetarde.com\/index.php\/wp-json\/wp\/v2\/comments?post=66326"}],"version-history":[{"count":1,"href":"https:\/\/corrientesdetarde.com\/index.php\/wp-json\/wp\/v2\/posts\/66326\/revisions"}],"predecessor-version":[{"id":66331,"href":"https:\/\/corrientesdetarde.com\/index.php\/wp-json\/wp\/v2\/posts\/66326\/revisions\/66331"}],"wp:featuredmedia":[{"embeddable":true,"href":"https:\/\/corrientesdetarde.com\/index.php\/wp-json\/wp\/v2\/media\/66330"}],"wp:attachment":[{"href":"https:\/\/corrientesdetarde.com\/index.php\/wp-json\/wp\/v2\/media?parent=66326"}],"wp:term":[{"taxonomy":"category","embeddable":true,"href":"https:\/\/corrientesdetarde.com\/index.php\/wp-json\/wp\/v2\/categories?post=66326"},{"taxonomy":"post_tag","embeddable":true,"href":"https:\/\/corrientesdetarde.com\/index.php\/wp-json\/wp\/v2\/tags?post=66326"}],"curies":[{"name":"wp","href":"https:\/\/api.w.org\/{rel}","templated":true}]}}