{"id":66332,"date":"2023-06-09T14:23:48","date_gmt":"2023-06-09T17:23:48","guid":{"rendered":"https:\/\/corrientesdetarde.com\/?p=66332"},"modified":"2023-06-09T14:24:00","modified_gmt":"2023-06-09T17:24:00","slug":"dispositivo-de-seguridad-para-las-elecciones-legislativas-provinciales-y-municipales","status":"publish","type":"post","link":"https:\/\/corrientesdetarde.com\/index.php\/policiales\/dispositivo-de-seguridad-para-las-elecciones-legislativas-provinciales-y-municipales\/","title":{"rendered":"\u201cDISPOSITIVO DE SEGURIDAD PARA LAS ELECCIONES LEGISLATIVAS PROVINCIALES Y  MUNICIPALES&#8221;"},"content":{"rendered":"\n<p>Con motivo de las Elecciones Legislativas Provinciales y Cargos Municipales, convocadas para el<br>pr\u00f3ximo Domingo 11 de Junio de 2023, en todo el territorio correntino; la Junta electoral, conjuntamente<br>con el Ministerio de Seguridad; la Subsecretaria de Seguridad y la Polic\u00eda de la Provincia de Corrientes, han<br>dispuesto un importante operativo de seguridad, a trav\u00e9s de la Orden Operacional-Jefatura de Polic\u00eda<br>N\u00b014\/23, elaborado por la Direcci\u00f3n de Planeamiento y Operaciones, a fin de garantizar el orden y la<br>seguridad p\u00fablica, antes, durante y despu\u00e9s del Acto Eleccionario, a los efectos de lograr el normal<br>desarrollo del mismo en todo el territorio provincial.<br>Dicho dispositivo de seguridad, consistir\u00e1 en la custodia interna de los establecimientos escolares<br>afectados como lugares de votaci\u00f3n, seguridad de las instalaciones de la Subdirecci\u00f3n del Centro de<br>C\u00f3mputos y de la Sucursal local del Correo Oficial durante los d\u00edas de comicios y hasta el cierre del<br>escrutinio provisorio; y del recinto y accesos de la Honorable Legislatura y\/o establecimiento o<br>dependencia oficial que se disponga la realizaci\u00f3n de las operaciones de los escrutinios definitivos de las<br>elecciones a desarrollarse.<br>Jefe de Polic\u00eda de la Provincia Comisario General Dr. ALBERTO ARNALDO MOLINA, en su car\u00e1cter de<br>titular de la fuerza de seguridad de la provincia, ejercer\u00e1 el Comando Electoral en la Provincia de<br>Corrientes, de conformidad con las normas mencionadas y el C\u00f3digo Electoral Provincial (Decreto Ley<br>N\u00ba135\/2001) y bajo la \u00f3rbita de la Junta Electoral de la Provincia de Corrientes, a cargo del Dr. GUSTAVO<br>SANCHEZ MARI\u00d1O.<br>Asimismo, las Direcciones Generales de Seguridad y Prevenci\u00f3n del Delito y de Coordinaci\u00f3n e Interior,<br>tendr\u00e1n a su cargo la responsabilidad de hacer ejecutar y coordinar la seguridad y custodia de los comicios<br>en sus respectivas jurisdicciones, conforme lo establece la legislaci\u00f3n vigente y en base a las instrucciones<br>impartidas por el Comando Electoral; quienes contar\u00e1n con la participaci\u00f3n activa de las Direcciones<br>Generales: de Personal y Formaci\u00f3n Policial; de Asuntos Judiciales y Represi\u00f3n del Delito; de Seguridad Vial;<br>de Administraci\u00f3n y Finanzas, de Lucha Contra el Fuego y de Seguridad Rural y Ecol\u00f3gica; de Drogas<br>Peligrosas y Crimen Organizado y de Delitos Complejos y Delitos Inform\u00e1ticos.<br>Por tal motivo, y a los fines de garantizar el normal desarrollo de las presentes elecciones, se afectar\u00e1<br>el 100% de efectivos policiales de las distintas Direcciones Generales, Direcciones, Departamentos,<br>Comisar\u00edas, Divisiones y Grupos Especiales de la Provincia de Corrientes, desde el inicio y hasta la<br>finalizaci\u00f3n del servicio, adoptando las previsiones respectivas al respecto, de modo tal de posibilitar<\/p>\n\n\n\n<p>sufragar un 50% del personal se afectar\u00e1 en horario matutino (de 07:00 a 14:00hs.) y el restante 50% del<br>personal se dispondr\u00e1 en horario vespertino (de 14:00 hs. hasta finalizar).<br><\/p>\n","protected":false},"excerpt":{"rendered":"<p>Con motivo de las Elecciones Legislativas Provinciales y Cargos Municipales, convocadas para elpr\u00f3ximo Domingo 11 de Junio de 2023, en todo el territorio correntino; la Junta electoral, conjuntamentecon el Ministerio&hellip; <\/p>\n","protected":false},"author":8,"featured_media":66333,"comment_status":"closed","ping_status":"open","sticky":false,"template":"","format":"standard","meta":{"footnotes":""},"categories":[33],"tags":[],"class_list":["post-66332","post","type-post","status-publish","format-standard","has-post-thumbnail","hentry","category-policiales"],"_links":{"self":[{"href":"https:\/\/corrientesdetarde.com\/index.php\/wp-json\/wp\/v2\/posts\/66332","targetHints":{"allow":["GET"]}}],"collection":[{"href":"https:\/\/corrientesdetarde.com\/index.php\/wp-json\/wp\/v2\/posts"}],"about":[{"href":"https:\/\/corrientesdetarde.com\/index.php\/wp-json\/wp\/v2\/types\/post"}],"author":[{"embeddable":true,"href":"https:\/\/corrientesdetarde.com\/index.php\/wp-json\/wp\/v2\/users\/8"}],"replies":[{"embeddable":true,"href":"https:\/\/corrientesdetarde.com\/index.php\/wp-json\/wp\/v2\/comments?post=66332"}],"version-history":[{"count":1,"href":"https:\/\/corrientesdetarde.com\/index.php\/wp-json\/wp\/v2\/posts\/66332\/revisions"}],"predecessor-version":[{"id":66334,"href":"https:\/\/corrientesdetarde.com\/index.php\/wp-json\/wp\/v2\/posts\/66332\/revisions\/66334"}],"wp:featuredmedia":[{"embeddable":true,"href":"https:\/\/corrientesdetarde.com\/index.php\/wp-json\/wp\/v2\/media\/66333"}],"wp:attachment":[{"href":"https:\/\/corrientesdetarde.com\/index.php\/wp-json\/wp\/v2\/media?parent=66332"}],"wp:term":[{"taxonomy":"category","embeddable":true,"href":"https:\/\/corrientesdetarde.com\/index.php\/wp-json\/wp\/v2\/categories?post=66332"},{"taxonomy":"post_tag","embeddable":true,"href":"https:\/\/corrientesdetarde.com\/index.php\/wp-json\/wp\/v2\/tags?post=66332"}],"curies":[{"name":"wp","href":"https:\/\/api.w.org\/{rel}","templated":true}]}}