{"id":66335,"date":"2023-06-09T14:32:01","date_gmt":"2023-06-09T17:32:01","guid":{"rendered":"https:\/\/corrientesdetarde.com\/?p=66335"},"modified":"2023-06-09T14:32:06","modified_gmt":"2023-06-09T17:32:06","slug":"crecen-las-presiones-del-kirchnerismo-y-el-massismo-para-que-daniel-scioli-baje-su-candidatura","status":"publish","type":"post","link":"https:\/\/corrientesdetarde.com\/index.php\/politica\/crecen-las-presiones-del-kirchnerismo-y-el-massismo-para-que-daniel-scioli-baje-su-candidatura\/","title":{"rendered":"Crecen las presiones del kirchnerismo y el massismo para que Daniel Scioli baje su candidatura"},"content":{"rendered":"\n<p>En la coalici\u00f3n oficialista creen que presentar un candidato \u00fanico permitir\u00eda ser el espacio m\u00e1s votado en las PASO. Ir a una interna \u201ces todo p\u00e9rdida\u201d, afirman desde el Frente Renovador.<\/p>\n\n\n\n<p>La vicepresidenta\u00a0<strong>Cristina Kirchner<\/strong>\u00a0se reuni\u00f3 con el ministro de econom\u00eda y posible candidato a presidente\u00a0Sergio Massa\u00a0a su regreso de China. Pero no hablaron del v\u00ednculo con el gigante asi\u00e1tico, sino de la interna del\u00a0<strong>Frente de Todos<\/strong>\u00a0(FdT) y c\u00f3mo operar para que Alberto Fern\u00e1ndez<strong>\u00a0baje a Daniel Scioli<\/strong>\u00a0y\u00a0<strong>presentar un candidato \u00fanico<\/strong>.<\/p>\n\n\n\n<p>A 16 d\u00edas del cierre de listas para las\u00a0PASO Cristina Kirchner y Massa tambi\u00e9n analizaron un posible cambio de nombre para tratar de reimpulsar la coalici\u00f3n. Durante el encuentro hubo fuertes cr\u00edticas al Presidente, acusado de ser un \u201ctraidor\u201d y un \u201cin\u00fatil\u201d. Dirigentes del\u00a0Frente Renovador se\u00f1alaron que Massa estaba\u00a0&#8220;harto de sostener la estabilidad &#8220;cuando otros dirigentes del Frente de Todos<strong>\u00a0\u201cjuegan a la interna con soldaditos de cart\u00f3n\u201d.<\/strong><\/p>\n\n\n\n<p>Este s\u00e1bado, el\u00a0<strong>Frente Renovador<\/strong>\u00a0de\u00a0<strong>Massa\u00a0<\/strong>mantendr\u00e1 su Congreso nacional partidario y se espera que vuelvan a la carga con la idea de elegir un\u00a0&#8220;de sintesis&#8221;<\/p>\n\n\n\n<p>En el entorno de Sergio Massa hablan de \u201ccorrer los ego\u00edsmos\u201d, ya que \u201cno se puede ir a una interna entre ministros\u201d. \u201cEstudios de opini\u00f3n p\u00fablica marcan que llevar enanos de cuatro puntos a las elecciones primarias es ir a una derrota segura que nos deje en situaci\u00f3n de vulnerabilidad cuando quedan meses para terminar la gesti\u00f3n\u201d, advierten.<\/p>\n\n\n\n<p>En el PJ tambi\u00e9n crecen las presiones para presentar un candidato \u00fanico. Cada vez m\u00e1s sectores piden evitar la dispersi\u00f3n de votos, pese a la insistencia del albertismo por unas PASO. Este mi\u00e9rcoles, los\u00a0<strong>gobernadores del peronismo<\/strong>\u00a0expusieron su postura en un documento contundente en el que pidieron\u00a0&#8220;una lista de unidad con armado federal&#8221;. El documento llevaba la firma de\u00a0<strong>Alicia Kirchner y Axel Kicillof<\/strong>, dos dirigentes de extrema confianza de la Vicepresidenta.<\/p>\n\n\n\n<figure class=\"wp-block-image\"><img decoding=\"async\" src=\"https:\/\/tn.com.ar\/resizer\/tgiwz-ByXli0V3khWU_tvAqdoow=\/767x0\/smart\/filters:format(webp)\/cloudfront-us-east-1.images.arcpublishing.com\/artear\/3T6363OHCZGQJHVGSSPAUJVK3Y.jpeg\" alt=\"Wado de Pedro y Sergio Massa acompa\u00f1aron el discurso de Cristina Kirchner en Plaza de Mayo. (Foto: captura TN)\"\/><\/figure>\n\n\n\n<p>Seg\u00fan las cifras que manejan en el FDT, presentar un candidato \u00fanico les permitir\u00eda\u00a0<strong>alcanzar entre el 29% y el 30% en las PASO y as\u00ed ser el espacio m\u00e1s votado.<\/strong><\/p>\n\n\n\n<p>Los principales nombres que circulan en la coalici\u00f3n son el del ministro del Interior y l\u00edder de La C\u00e1mpora,&nbsp;<strong>Eduardo \u201cWado\u201d de Pedro<\/strong>, que pese a cientos de afiches en las calles<strong>&nbsp;no sube en las encuestas<\/strong>, el propio Massa y el gobernador bonaerense Axel Kicillof, cuya candidatura se volvi\u00f3 a reflotar aunque mantiene que intentar\u00eda la reelecci\u00f3n.<\/p>\n\n\n\n<p>Para impulsar su postura, Massa necesita buenas noticias. El ministro de Econom\u00eda est\u00e1 confiado por la inflaci\u00f3n, que estar\u00e1 casi un punto por debajo de la de abril. La cifra se dar\u00e1 a conocer la semana que viene y en el Palacio de Hacienda estiman que ser\u00e1 parecida a la medida por la Ciudad de Buenos Aires, que\u00a0fue de 7,5% en mayo.<\/p>\n","protected":false},"excerpt":{"rendered":"<p>En la coalici\u00f3n oficialista creen que presentar un candidato \u00fanico permitir\u00eda ser el espacio m\u00e1s votado en las PASO. Ir a una interna \u201ces todo p\u00e9rdida\u201d, afirman desde el Frente&hellip; <\/p>\n","protected":false},"author":8,"featured_media":66336,"comment_status":"closed","ping_status":"open","sticky":false,"template":"","format":"standard","meta":{"footnotes":""},"categories":[3],"tags":[],"class_list":["post-66335","post","type-post","status-publish","format-standard","has-post-thumbnail","hentry","category-politica"],"_links":{"self":[{"href":"https:\/\/corrientesdetarde.com\/index.php\/wp-json\/wp\/v2\/posts\/66335","targetHints":{"allow":["GET"]}}],"collection":[{"href":"https:\/\/corrientesdetarde.com\/index.php\/wp-json\/wp\/v2\/posts"}],"about":[{"href":"https:\/\/corrientesdetarde.com\/index.php\/wp-json\/wp\/v2\/types\/post"}],"author":[{"embeddable":true,"href":"https:\/\/corrientesdetarde.com\/index.php\/wp-json\/wp\/v2\/users\/8"}],"replies":[{"embeddable":true,"href":"https:\/\/corrientesdetarde.com\/index.php\/wp-json\/wp\/v2\/comments?post=66335"}],"version-history":[{"count":1,"href":"https:\/\/corrientesdetarde.com\/index.php\/wp-json\/wp\/v2\/posts\/66335\/revisions"}],"predecessor-version":[{"id":66337,"href":"https:\/\/corrientesdetarde.com\/index.php\/wp-json\/wp\/v2\/posts\/66335\/revisions\/66337"}],"wp:featuredmedia":[{"embeddable":true,"href":"https:\/\/corrientesdetarde.com\/index.php\/wp-json\/wp\/v2\/media\/66336"}],"wp:attachment":[{"href":"https:\/\/corrientesdetarde.com\/index.php\/wp-json\/wp\/v2\/media?parent=66335"}],"wp:term":[{"taxonomy":"category","embeddable":true,"href":"https:\/\/corrientesdetarde.com\/index.php\/wp-json\/wp\/v2\/categories?post=66335"},{"taxonomy":"post_tag","embeddable":true,"href":"https:\/\/corrientesdetarde.com\/index.php\/wp-json\/wp\/v2\/tags?post=66335"}],"curies":[{"name":"wp","href":"https:\/\/api.w.org\/{rel}","templated":true}]}}