{"id":66338,"date":"2023-06-09T14:35:08","date_gmt":"2023-06-09T17:35:08","guid":{"rendered":"https:\/\/corrientesdetarde.com\/?p=66338"},"modified":"2023-06-09T14:35:11","modified_gmt":"2023-06-09T17:35:11","slug":"el-gobierno-anuncio-que-aportara-1000-millones-para-ayudar-a-las-cooperativas-rurales-en-la-siembra","status":"publish","type":"post","link":"https:\/\/corrientesdetarde.com\/index.php\/economia\/el-gobierno-anuncio-que-aportara-1000-millones-para-ayudar-a-las-cooperativas-rurales-en-la-siembra\/","title":{"rendered":"El Gobierno anunci\u00f3 que aportar\u00e1 $1000 millones para ayudar a las cooperativas rurales en la siembra"},"content":{"rendered":"\n<p>Lo definieron el ministro de Econom\u00eda, Sergio Massa, y el secretario de Agricultura, Juan Jos\u00e9 Bahillo, tras reunirse este jueves con el presidente de Coninagro, Elbio Laucirica.<\/p>\n\n\n\n<p>El Gobierno nacional anunci\u00f3<strong>&nbsp;\u201caportes no reembolsables\u201d por $1000 millones<\/strong>&nbsp;para ayudar en la etapa de siembra a las cooperativas.<\/p>\n\n\n\n<p>As\u00ed lo definieron el ministro de Econom\u00eda,<strong>\u00a0Sergio Massa<\/strong>, y el secretario de Agricultura,<strong>\u00a0Juan Jos\u00e9 Bahillo,\u00a0<\/strong>tras reunirse este jueves por la noche con el presidente de Coninagro,\u00a0<strong>Elbio Laucirica,\u00a0<\/strong>en la sede de esa entidad agropecuaria.<\/p>\n\n\n\n<p>\u201cNos reunimos consejeros junto con autoridades de algunas federaciones, y de la juventud, donde pudimos tener una extensa reuni\u00f3n con el ministro de Econom\u00eda, el secretario de Agricultura y funcionarios de esa Secretar\u00eda\u201d, asegur\u00f3 Laucirica.<\/p>\n\n\n\n<p>En ese sentido, detall\u00f3 que les confirmaron el acceso a<strong>&nbsp;\u201cun fondo rotatorio\u201d<\/strong>, que les permitir\u00e1 llegar con este beneficio a aquellos productores que no est\u00e1n bancarizados y no tienen otra posibilidad de poder acceder justamente al cr\u00e9dito y la financiaci\u00f3n.<\/p>\n\n\n\n<p>\u201cAs\u00ed, se podr\u00e1 ayudarlos en esta emergencia, dada por la situaci\u00f3n de las heladas, granizo, y sequ\u00eda en general en las econom\u00edas, tanto pampeanas como regionales\u201d, resalt\u00f3.<\/p>\n\n\n\n<p>El dirigente agropecuario asever\u00f3 que repasaron los temas \u201cque preocupan a los productores cooperativos del campo argentino, en todo el pa\u00eds, intercambiamos muchos aspectos de actualidad pol\u00edtica y de la econom\u00eda nacional\u201d.<\/p>\n\n\n\n<figure class=\"wp-block-image\"><img decoding=\"async\" src=\"https:\/\/tn.com.ar\/resizer\/pE0EEHrBFzE8kJDc2xFJrISVUuE=\/767x0\/smart\/filters:format(webp)\/cloudfront-us-east-1.images.arcpublishing.com\/artear\/AAWJUXKSZFCNPBTOYN467PRELU.jpg\" alt=\"Massa y Bahillo al reunirse con Laucirica y otros dirigentes agropecuarios. (Foto: ministerio de Econom\u00eda) \"\/><\/figure>\n\n\n\n<p>Sobre eso, destac\u00f3: \u201cPudimos, trascendiendo la queja, trabajar y puntear los temas de preocupaci\u00f3n de los productores que son transversales en todo el pa\u00eds y de las diferentes producciones, como son el\u00a0<strong>acceso al financiamiento y las posibilidades de poder acceder a los insumos necesarios para producir.\u00a0<\/strong>Intercambiamos ideas con respecto al d\u00f3lar agro, y su repercusi\u00f3n en las econom\u00edas regionales, atraso y brecha cambiaria\u201d.<\/p>\n\n\n\n<p>Tambi\u00e9n, entre muchos temas tratados, se le solicit\u00f3 apoye la<strong>&nbsp;Ley de Incentivos a la Producci\u00f3n<\/strong>&nbsp;del Consejo Agroindustrial Argentino (CAA) y Massa asegur\u00f3 que enviar\u00e1 a la brevedad, al Congreso, el proyecto de Ley de fomento a las econom\u00edas regionales, seg\u00fan comunicaron desde la gremial que integra la&nbsp;<strong>mesa de enlace<\/strong>&nbsp;junto a la Federaci\u00f3n Agraria Argentina (FAA), Sociedad Rural Argentina (SRA) y Confederaciones Rurales Argentinas (CRA).<\/p>\n\n\n\n<figure class=\"wp-block-image\"><img decoding=\"async\" src=\"https:\/\/tn.com.ar\/resizer\/3KBFS2APPm0p6wqOR_BRrhHm5gs=\/767x0\/smart\/filters:format(webp)\/cloudfront-us-east-1.images.arcpublishing.com\/artear\/NMRQQXJ4HNEVJPVIVR4MHTXGL4.jpg\" alt=\"Laucirica y Massa, en la sede de Coninagro, dialogaron sobre varios temas referidos al sector agropecuario. (Foto: ministerio de Econom\u00eda) \"\/><\/figure>\n\n\n\n<p>Por otra parte, Laucirica coment\u00f3 que, invitado por la&nbsp;<strong>Cooperativa Agr\u00edcola y Ganadera de Rauch,&nbsp;<\/strong>viajar\u00e1 al \u201cPa\u00eds Vasco\u201d, en Espa\u00f1a, para recorrer cooperativas del lugar y conocer el sistema cooperativo de<strong>&nbsp;Mondragon,&nbsp;<\/strong>modelo mundial del cooperativismo.<\/p>\n","protected":false},"excerpt":{"rendered":"<p>Lo definieron el ministro de Econom\u00eda, Sergio Massa, y el secretario de Agricultura, Juan Jos\u00e9 Bahillo, tras reunirse este jueves con el presidente de Coninagro, Elbio Laucirica. El Gobierno nacional&hellip; <\/p>\n","protected":false},"author":8,"featured_media":66339,"comment_status":"closed","ping_status":"open","sticky":false,"template":"","format":"standard","meta":{"footnotes":""},"categories":[20],"tags":[],"class_list":["post-66338","post","type-post","status-publish","format-standard","has-post-thumbnail","hentry","category-economia"],"_links":{"self":[{"href":"https:\/\/corrientesdetarde.com\/index.php\/wp-json\/wp\/v2\/posts\/66338","targetHints":{"allow":["GET"]}}],"collection":[{"href":"https:\/\/corrientesdetarde.com\/index.php\/wp-json\/wp\/v2\/posts"}],"about":[{"href":"https:\/\/corrientesdetarde.com\/index.php\/wp-json\/wp\/v2\/types\/post"}],"author":[{"embeddable":true,"href":"https:\/\/corrientesdetarde.com\/index.php\/wp-json\/wp\/v2\/users\/8"}],"replies":[{"embeddable":true,"href":"https:\/\/corrientesdetarde.com\/index.php\/wp-json\/wp\/v2\/comments?post=66338"}],"version-history":[{"count":1,"href":"https:\/\/corrientesdetarde.com\/index.php\/wp-json\/wp\/v2\/posts\/66338\/revisions"}],"predecessor-version":[{"id":66340,"href":"https:\/\/corrientesdetarde.com\/index.php\/wp-json\/wp\/v2\/posts\/66338\/revisions\/66340"}],"wp:featuredmedia":[{"embeddable":true,"href":"https:\/\/corrientesdetarde.com\/index.php\/wp-json\/wp\/v2\/media\/66339"}],"wp:attachment":[{"href":"https:\/\/corrientesdetarde.com\/index.php\/wp-json\/wp\/v2\/media?parent=66338"}],"wp:term":[{"taxonomy":"category","embeddable":true,"href":"https:\/\/corrientesdetarde.com\/index.php\/wp-json\/wp\/v2\/categories?post=66338"},{"taxonomy":"post_tag","embeddable":true,"href":"https:\/\/corrientesdetarde.com\/index.php\/wp-json\/wp\/v2\/tags?post=66338"}],"curies":[{"name":"wp","href":"https:\/\/api.w.org\/{rel}","templated":true}]}}