{"id":66341,"date":"2023-06-09T14:40:33","date_gmt":"2023-06-09T17:40:33","guid":{"rendered":"https:\/\/corrientesdetarde.com\/?p=66341"},"modified":"2023-06-09T14:40:41","modified_gmt":"2023-06-09T17:40:41","slug":"el-kun-aguero-le-dijo-a-lautaro-martinez-que-quiere-que-gane-el-manchester-city-la-final-la-reaccion-del-toro","status":"publish","type":"post","link":"https:\/\/corrientesdetarde.com\/index.php\/deportes\/el-kun-aguero-le-dijo-a-lautaro-martinez-que-quiere-que-gane-el-manchester-city-la-final-la-reaccion-del-toro\/","title":{"rendered":"El Kun Ag\u00fcero le dijo a Lautaro Mart\u00ednez que quiere que gane el Manchester City la final: la reacci\u00f3n del Toro"},"content":{"rendered":"\n<p>Ma\u00f1ana se disputar\u00e1 la final de la Champions League entre el Manchester City y el Inter, pero el Kun ya tiene su favorito.<\/p>\n\n\n\n<p>Desde las 16 horas, este s\u00e1bado\u00a0se disputara la final de la Champions League .El Manchester City de Pep Guardiola buscar\u00e1 levantar la orejona despu\u00e9s de la recordada derrota, en la misma instancia, ante Chelsea. Del otro lado estar\u00e1 el Inter, quien buscar\u00e1 el milagro.<\/p>\n\n\n\n<p>En la previa del encuentro, en ESPN dialogaron Sergio Ag\u00fcero, Lautaro Mart\u00ednez y Carlos Tevez. El Kun, reconocido Ciudadano, no tuvo problemas en decirle al Toro que ma\u00f1ana quiere ver campe\u00f3n al City.<\/p>\n\n\n\n<p><strong>\u201cYo soy del City pa, quiero que te vaya bien. Si ganamos nosotros y hac\u00e9s un gol, vas a estar caliente, pero buen&#8230; yo voy por el City\u201d<\/strong>, le dijo el exfutbolista de Barcelona y la Selecci\u00f3n Argentina.<\/p>\n\n\n\n<p><strong>\u201cDespu\u00e9s vemos, hablamos despue\u00b4s del partido. Va a ser un lindo partido, vamos a intentar jugar igual que el City que es un gran rival y ojal\u00e1 que gane el mejor\u201d<\/strong>, le respondi\u00f3 el Toro.<\/p>\n\n\n\n<p>Sin dudas, ma\u00f1ana tendremos un partido m\u00e1s que emocionante, donde los dos equipos dejar\u00e1n la vida buscando la conquista m\u00e1xima de Europa. \u00a1Qu\u00e9 partidazo, se\u00f1oras y se\u00f1ores!<\/p>\n\n\n\n<p><\/p>\n","protected":false},"excerpt":{"rendered":"<p>Ma\u00f1ana se disputar\u00e1 la final de la Champions League entre el Manchester City y el Inter, pero el Kun ya tiene su favorito. Desde las 16 horas, este s\u00e1bado\u00a0se disputara&hellip; <\/p>\n","protected":false},"author":8,"featured_media":66342,"comment_status":"closed","ping_status":"open","sticky":false,"template":"","format":"standard","meta":{"footnotes":""},"categories":[4],"tags":[],"class_list":["post-66341","post","type-post","status-publish","format-standard","has-post-thumbnail","hentry","category-deportes"],"_links":{"self":[{"href":"https:\/\/corrientesdetarde.com\/index.php\/wp-json\/wp\/v2\/posts\/66341","targetHints":{"allow":["GET"]}}],"collection":[{"href":"https:\/\/corrientesdetarde.com\/index.php\/wp-json\/wp\/v2\/posts"}],"about":[{"href":"https:\/\/corrientesdetarde.com\/index.php\/wp-json\/wp\/v2\/types\/post"}],"author":[{"embeddable":true,"href":"https:\/\/corrientesdetarde.com\/index.php\/wp-json\/wp\/v2\/users\/8"}],"replies":[{"embeddable":true,"href":"https:\/\/corrientesdetarde.com\/index.php\/wp-json\/wp\/v2\/comments?post=66341"}],"version-history":[{"count":1,"href":"https:\/\/corrientesdetarde.com\/index.php\/wp-json\/wp\/v2\/posts\/66341\/revisions"}],"predecessor-version":[{"id":66343,"href":"https:\/\/corrientesdetarde.com\/index.php\/wp-json\/wp\/v2\/posts\/66341\/revisions\/66343"}],"wp:featuredmedia":[{"embeddable":true,"href":"https:\/\/corrientesdetarde.com\/index.php\/wp-json\/wp\/v2\/media\/66342"}],"wp:attachment":[{"href":"https:\/\/corrientesdetarde.com\/index.php\/wp-json\/wp\/v2\/media?parent=66341"}],"wp:term":[{"taxonomy":"category","embeddable":true,"href":"https:\/\/corrientesdetarde.com\/index.php\/wp-json\/wp\/v2\/categories?post=66341"},{"taxonomy":"post_tag","embeddable":true,"href":"https:\/\/corrientesdetarde.com\/index.php\/wp-json\/wp\/v2\/tags?post=66341"}],"curies":[{"name":"wp","href":"https:\/\/api.w.org\/{rel}","templated":true}]}}