{"id":66412,"date":"2023-06-09T23:45:27","date_gmt":"2023-06-10T02:45:27","guid":{"rendered":"https:\/\/corrientesdetarde.com\/?p=66412"},"modified":"2023-06-09T23:45:57","modified_gmt":"2023-06-10T02:45:57","slug":"wanda-nara-hablo-de-la-detencion-de-l-gante-un-amigo-la-esta-pasando-mal","status":"publish","type":"post","link":"https:\/\/corrientesdetarde.com\/index.php\/espectaculos\/wanda-nara-hablo-de-la-detencion-de-l-gante-un-amigo-la-esta-pasando-mal\/","title":{"rendered":"Wanda Nara habl\u00f3 de la detenci\u00f3n de L-Gante: \u201cUn amigo la est\u00e1 pasando mal\u201d"},"content":{"rendered":"\n<p>La conductora destac\u00f3 que es \u201cde esas personas que est\u00e1 de una manera privada\u201d.<\/p>\n\n\n\n<p>El cantante\u00a0<strong>Eli\u00e1n Valenzuela<\/strong>\u00a0m\u00e1s conocido como\u00a0<strong>L-Gante<\/strong>\u00a0se encuentra detenido por haber sido acusado de amenazar y privar ilegalmente\u00a0la libertad de dos personas en mayo pasado.<\/p>\n\n\n\n<p>En su declaraci\u00f3n, el m\u00fasico dijo&nbsp;<strong>nunca mantuvo secuestrado<\/strong>&nbsp;en su veh\u00edculo a quien supuestamente hab\u00eda amenazado con un arma de fuego y plante\u00f3 que&nbsp;<strong>lo est\u00e1n usando pol\u00edticamente<\/strong>&nbsp;en una causa que defini\u00f3 como<strong>&nbsp;armada en su contra<\/strong>.&nbsp;<\/p>\n\n\n\n<p>Por otro lado, le indic\u00f3 al fiscal de General Rodr\u00edguez que&nbsp;<strong>el denunciante subi\u00f3 por sus propios medios al auto sin obligaci\u00f3n mediante con un arma de fuego.&nbsp;&nbsp;<\/strong>De esta manera, neg\u00f3 los hechos, como as\u00ed tambi\u00e9n asegur\u00f3 que los&nbsp;<strong>40 gramos de marihuana secuestrados<\/strong>&nbsp;en su casa del country Banco Provincia en un allanamiento&nbsp;<strong>no eran suyos.<\/strong><\/p>\n\n\n\n<p>El cantante cont\u00f3 con el apoyo de su madre, Claudia, y de su ex pareja y madre de su hija&nbsp;<strong>Jamaica<\/strong>,<strong>&nbsp;Tamara B\u00e1ez<\/strong>. Las mujeres estuvieron esperando afuera mientras el m\u00fasico declaraba y se mostraron muy conmocionadas por la situaci\u00f3n.<\/p>\n\n\n\n<p>Quien tambi\u00e9n quiso dar su apoyo fue Wanda Nara. La conductora de<em>&nbsp;MasterChef<\/em>&nbsp;utiliz\u00f3 su cuenta de Instagram para enviarle su apoyo a su amigo, con quien se lo vincul\u00f3 sentimentalmente durante una de las crisis que tuvo con su marido, el futbolista Mauro Icardi.<\/p>\n\n\n\n<p><strong>\u201cSoy de esas personas que siempre est\u00e1 de una manera privada, porque el que hace de coraz\u00f3n no lo expone, sobre todo en situaciones delicadas. El que tiene que saber, ya sabe\u201d<\/strong>, afirm\u00f3 Wanda.<\/p>\n\n\n\n<p><strong>\u201cPerd\u00f3n a las guardias period\u00edsticas, pero prefiero no hablar en p\u00fablico cuando un amigo la est\u00e1 pasando mal\u201d<\/strong>, agreg\u00f3 Nara, quien se mostr\u00f3 junto a L-Gante durante la entrega de los Premios Carlos Gardel 2023. En ese entonces, la conductora habl\u00f3 de la amistad que los une:&nbsp;<strong>\u201cYo dormir\u00eda con Eli\u00e1n y s\u00e9 que no har\u00eda nada<\/strong>. Ya dije mil veces que Eli\u00e1n es mi amigo, y dale con eso. Soy muy amiga, somos muy amigos\u201d.<\/p>\n\n\n\n<figure class=\"wp-block-image\"><img decoding=\"async\" src=\"https:\/\/noticiasargentinas.com\/images\/NA\/Contenidos\/wanda_1.webp\" alt=\"wanda_1.jpg\"\/><\/figure>\n","protected":false},"excerpt":{"rendered":"<p>La conductora destac\u00f3 que es \u201cde esas personas que est\u00e1 de una manera privada\u201d. El cantante\u00a0Eli\u00e1n Valenzuela\u00a0m\u00e1s conocido como\u00a0L-Gante\u00a0se encuentra detenido por haber sido acusado de amenazar y privar ilegalmente\u00a0la&hellip; <\/p>\n","protected":false},"author":4,"featured_media":66445,"comment_status":"closed","ping_status":"open","sticky":false,"template":"","format":"standard","meta":{"footnotes":""},"categories":[19],"tags":[],"class_list":["post-66412","post","type-post","status-publish","format-standard","has-post-thumbnail","hentry","category-espectaculos"],"_links":{"self":[{"href":"https:\/\/corrientesdetarde.com\/index.php\/wp-json\/wp\/v2\/posts\/66412","targetHints":{"allow":["GET"]}}],"collection":[{"href":"https:\/\/corrientesdetarde.com\/index.php\/wp-json\/wp\/v2\/posts"}],"about":[{"href":"https:\/\/corrientesdetarde.com\/index.php\/wp-json\/wp\/v2\/types\/post"}],"author":[{"embeddable":true,"href":"https:\/\/corrientesdetarde.com\/index.php\/wp-json\/wp\/v2\/users\/4"}],"replies":[{"embeddable":true,"href":"https:\/\/corrientesdetarde.com\/index.php\/wp-json\/wp\/v2\/comments?post=66412"}],"version-history":[{"count":1,"href":"https:\/\/corrientesdetarde.com\/index.php\/wp-json\/wp\/v2\/posts\/66412\/revisions"}],"predecessor-version":[{"id":66446,"href":"https:\/\/corrientesdetarde.com\/index.php\/wp-json\/wp\/v2\/posts\/66412\/revisions\/66446"}],"wp:featuredmedia":[{"embeddable":true,"href":"https:\/\/corrientesdetarde.com\/index.php\/wp-json\/wp\/v2\/media\/66445"}],"wp:attachment":[{"href":"https:\/\/corrientesdetarde.com\/index.php\/wp-json\/wp\/v2\/media?parent=66412"}],"wp:term":[{"taxonomy":"category","embeddable":true,"href":"https:\/\/corrientesdetarde.com\/index.php\/wp-json\/wp\/v2\/categories?post=66412"},{"taxonomy":"post_tag","embeddable":true,"href":"https:\/\/corrientesdetarde.com\/index.php\/wp-json\/wp\/v2\/tags?post=66412"}],"curies":[{"name":"wp","href":"https:\/\/api.w.org\/{rel}","templated":true}]}}