{"id":66413,"date":"2023-06-09T22:48:50","date_gmt":"2023-06-10T01:48:50","guid":{"rendered":"https:\/\/corrientesdetarde.com\/?p=66413"},"modified":"2023-06-09T22:48:56","modified_gmt":"2023-06-10T01:48:56","slug":"donald-trump-se-enfrenta-a-37-cargos-criminales-en-el-caso-de-los-documentos-clasificados","status":"publish","type":"post","link":"https:\/\/corrientesdetarde.com\/index.php\/internacionales\/donald-trump-se-enfrenta-a-37-cargos-criminales-en-el-caso-de-los-documentos-clasificados\/","title":{"rendered":"Donald Trump se enfrenta a 37 cargos criminales en el caso de los documentos clasificados"},"content":{"rendered":"\n<p>El Departamento de Justicia liber\u00f3 los documentos de la acusaci\u00f3n en un d\u00eda agitado para el ex presidente estadounidense:\u00a0dos de sus abogados\u00a0 lo abandonaron y un antiguo asesor tambi\u00e9n se enfrentaba a cargos.<\/p>\n\n\n\n<p>Los fiscales de Estados Unidos presentaron el viernes<strong>\u00a0una acusaci\u00f3n de 37 cargos contra\u00a0Donald Trump<\/strong>, acusando al expresidente\u00a0de\u00a0<strong>poner en riesgo algunos de los secretos de seguridad m\u00e1s sensibles del pa\u00eds<\/strong>\u00a0despu\u00e9s de dejar la Casa Blanca en 2021.<\/p>\n\n\n\n<p><strong>Trump manipul\u00f3 indebidamente documentos clasificados que inclu\u00edan informaci\u00f3n sobre el secreto programa nuclear estadounidense y las posibles vulnerabilidades internas en caso de ataque<\/strong>, seg\u00fan la acusaci\u00f3n federal.<\/p>\n\n\n\n<p>Trump tambi\u00e9n discuti\u00f3 con abogados la posibilidad de mentir a los funcionarios del Gobierno que trataban de recuperar los documentos,&nbsp;<strong>almacen\u00f3 algunos alrededor de un inodoro y movi\u00f3 cajas de ellos dentro de su casa resort de Mar-a-Lago, en Florida<\/strong>, para evitar que fueran encontrados, dijeron los cargos.<\/p>\n\n\n\n<p><strong>&#8220;\u00bfNo ser\u00eda mejor que les dij\u00e9ramos que no tenemos nada aqu\u00ed?&#8221;<\/strong>, dijo Trump a uno de sus abogados, seg\u00fan la acusaci\u00f3n de 49 p\u00e1ginas.<\/p>\n\n\n\n<p>El Departamento de Justicia hizo p\u00fablicos los cargos penales en un d\u00eda agitado en el que dos de los abogados de Trump abandonaron el caso.<strong>&nbsp;La fiscal\u00eda imputa a Trump 37 cargos y tambi\u00e9n acusa a uno de sus colaboradores, Walt Nauta.<\/strong><\/p>\n\n\n\n<p><strong>Est\u00e1 previsto que Trump comparezca por primera vez ante un tribunal de Miami el martes<\/strong>, un d\u00eda antes de su 77 cumplea\u00f1os. Dado que, de ser declarado culpable, Trump cumplir\u00eda las condenas de forma concurrente, el tiempo m\u00e1ximo de prisi\u00f3n al que se enfrenta es de 20 a\u00f1os por obstrucci\u00f3n a la justicia, el que conlleva la pena m\u00e1s alta.<\/p>\n\n\n\n<p>El fiscal especial de Estados Unidos Jack Smith, que dirige la acusaci\u00f3n, dijo en un breve comunicado:&nbsp;<strong>&#8220;Nuestras leyes que protegen la informaci\u00f3n de defensa nacional son fundamentales para la seguridad y la protecci\u00f3n de Estados Unidos, y deben hacerse cumplir&#8221;<\/strong>.<\/p>\n\n\n\n<p>Trump ha proclamado su inocencia en el caso y tras conocerse los cargos, atac\u00f3 a Smith en las redes sociales.&nbsp;<strong>&#8220;Odia a Trump, es un &#8216;psic\u00f3pata&#8217; trastornado que no deber\u00eda estar involucrado en ning\u00fan caso que tenga que ver con la &#8216;justicia'&#8221;<\/strong>, escribi\u00f3 en su plataforma Truth Social.<\/p>\n\n\n\n<p>Los materiales proced\u00edan del Pent\u00e1gono, la Agencia Central de Inteligencia, la Agencia de Seguridad Nacional y otras, seg\u00fan la acusaci\u00f3n.<\/p>\n\n\n\n<p>Los fiscales dijeron que Trump mostr\u00f3 a otra persona un documento del Departamento de Defensa descrito como&nbsp;<strong>un &#8220;plan de ataque&#8221; contra otro pa\u00eds<\/strong>.<\/p>\n\n\n\n<p>Trump, agregaron, conspir\u00f3 con Nauta para guardar documentos clasificados que hab\u00eda sacado de la Casa Blanca y ocultarlos de un gran jurado federal. Nauta, que trabaj\u00f3 para Trump en la Casa Blanca y en Mar-a-Lago, se enfrenta a seis cargos.<\/p>\n\n\n\n<p>Nauta dijo falsamente al FBI que no sab\u00eda c\u00f3mo&nbsp;<strong>algunos de los documentos hab\u00edan acabado en la suite de Trump en Mar-a-Lago<\/strong>, cuando en realidad hab\u00eda participado en su traslado desde un almac\u00e9n, seg\u00fan la acusaci\u00f3n.<\/p>\n\n\n\n<p>La acusaci\u00f3n incluye fotograf\u00edas de las cajas de Trump en el escenario de un sal\u00f3n de baile, en el ba\u00f1o de un club y en un trastero, donde<strong>&nbsp;algunas estaban tiradas en el suelo.<\/strong><\/p>\n\n\n\n<p>Trump guardaba los documentos en su finca de Mar-a-Lago, en Florida, y en su club de golf de Nueva Jersey. En el lugar acogi\u00f3 a decenas de miles de invitados en m\u00e1s de 150 eventos durante el tiempo que estuvieron all\u00ed, dijo la acusaci\u00f3n.<\/p>\n\n\n\n<p>Los fiscales dijeron que la divulgaci\u00f3n no autorizada de los documentos clasificados podr\u00eda poner en riesgo la seguridad nacional, las relaciones exteriores y el trabajo de inteligencia de Estados Unidos.<\/p>\n\n\n\n<p>La imputaci\u00f3n de un exmandatario por cargos federales no tiene precedentes en la historia de Estados Unidos y se produce en un momento en que Trump es el favorito de su partido para la nominaci\u00f3n presidencial republicana el pr\u00f3ximo a\u00f1o.<\/p>\n\n\n\n<p>El apoyo de Trump se ha mantenido firme a trav\u00e9s de muchas demandas y esc\u00e1ndalos, pero&nbsp;<strong>los cargos presentados contra \u00e9l el viernes podr\u00edan dar a sus rivales republicanos en la carrera presidencial munici\u00f3n para atacar su historial<\/strong>, especialmente en materia de seguridad nacional.<\/p>\n\n\n\n<p>Hace casi un a\u00f1o, los investigadores incautaron unos 13.000 documentos en la finca de Trump en Mar-a-Lago, en Florida. Cien estaban rotulados como clasificados, a pesar de que uno de los abogados de Trump hab\u00eda dicho con anterioridad que todos esos registros hab\u00edan sido devueltos al Gobierno.<\/p>\n\n\n\n<p>Trump hab\u00eda dicho previamente que desclasific\u00f3 esos documentos mientras era presidente, pero sus abogados se han negado a presentar ese argumento en las presentaciones judiciales.<\/p>\n\n\n\n<p><strong><em>(Reporte de la agencia de noticias brit\u00e1nica Reuters desde Washington).<\/em><\/strong><\/p>\n","protected":false},"excerpt":{"rendered":"<p>El Departamento de Justicia liber\u00f3 los documentos de la acusaci\u00f3n en un d\u00eda agitado para el ex presidente estadounidense:\u00a0dos de sus abogados\u00a0 lo abandonaron y un antiguo asesor tambi\u00e9n se&hellip; <\/p>\n","protected":false},"author":4,"featured_media":66420,"comment_status":"closed","ping_status":"open","sticky":false,"template":"","format":"standard","meta":{"footnotes":""},"categories":[11],"tags":[],"class_list":["post-66413","post","type-post","status-publish","format-standard","has-post-thumbnail","hentry","category-internacionales"],"_links":{"self":[{"href":"https:\/\/corrientesdetarde.com\/index.php\/wp-json\/wp\/v2\/posts\/66413","targetHints":{"allow":["GET"]}}],"collection":[{"href":"https:\/\/corrientesdetarde.com\/index.php\/wp-json\/wp\/v2\/posts"}],"about":[{"href":"https:\/\/corrientesdetarde.com\/index.php\/wp-json\/wp\/v2\/types\/post"}],"author":[{"embeddable":true,"href":"https:\/\/corrientesdetarde.com\/index.php\/wp-json\/wp\/v2\/users\/4"}],"replies":[{"embeddable":true,"href":"https:\/\/corrientesdetarde.com\/index.php\/wp-json\/wp\/v2\/comments?post=66413"}],"version-history":[{"count":1,"href":"https:\/\/corrientesdetarde.com\/index.php\/wp-json\/wp\/v2\/posts\/66413\/revisions"}],"predecessor-version":[{"id":66421,"href":"https:\/\/corrientesdetarde.com\/index.php\/wp-json\/wp\/v2\/posts\/66413\/revisions\/66421"}],"wp:featuredmedia":[{"embeddable":true,"href":"https:\/\/corrientesdetarde.com\/index.php\/wp-json\/wp\/v2\/media\/66420"}],"wp:attachment":[{"href":"https:\/\/corrientesdetarde.com\/index.php\/wp-json\/wp\/v2\/media?parent=66413"}],"wp:term":[{"taxonomy":"category","embeddable":true,"href":"https:\/\/corrientesdetarde.com\/index.php\/wp-json\/wp\/v2\/categories?post=66413"},{"taxonomy":"post_tag","embeddable":true,"href":"https:\/\/corrientesdetarde.com\/index.php\/wp-json\/wp\/v2\/tags?post=66413"}],"curies":[{"name":"wp","href":"https:\/\/api.w.org\/{rel}","templated":true}]}}