{"id":66414,"date":"2023-06-09T22:41:07","date_gmt":"2023-06-10T01:41:07","guid":{"rendered":"https:\/\/corrientesdetarde.com\/?p=66414"},"modified":"2023-06-09T22:41:10","modified_gmt":"2023-06-10T01:41:10","slug":"putin-anuncio-que-rusia-desplegara-armas-nucleares-tacticas-en-bielorrusia","status":"publish","type":"post","link":"https:\/\/corrientesdetarde.com\/index.php\/internacionales\/putin-anuncio-que-rusia-desplegara-armas-nucleares-tacticas-en-bielorrusia\/","title":{"rendered":"Putin anunci\u00f3 que Rusia desplegar\u00e1 armas nucleares t\u00e1cticas en Bielorrusia"},"content":{"rendered":"\n<p>El mandatario se reuni\u00f3 con Lukashenko, su aliado en la guerra contra Ucrania y la OTAN.<\/p>\n\n\n\n<p><strong>Rusia\u00a0comenzar\u00e1 a desplegar armas\u00a0nucleares t\u00e1cticas en Bielorrusia<\/strong>\u00a0una vez que las instalaciones\u00a0especiales de almacenamiento est\u00e9n listas los d\u00edas 7 y 8 de julio,\u00a0dijo el presidente\u00a0<strong>Vladimir Putin<\/strong>\u00a0el viernes, el primer movimiento\u00a0de Mosc\u00fa de tales armas fuera de Rusia desde la ca\u00edda de la Uni\u00f3n\u00a0Sovi\u00e9tica.<\/p>\n\n\n\n<p>Tras m\u00e1s de 15 meses de la mayor guerra terrestre en Europa&nbsp;desde la Segunda Guerra Mundial,&nbsp;<strong>Putin afirma que Estados Unidos y&nbsp;sus aliados occidentales est\u00e1n enviando armas en Ucrania<\/strong>&nbsp;como&nbsp;parte de una guerra indirecta cada vez m\u00e1s extendida, cuyo&nbsp;objetivo es doblegar a Rusia.<\/p>\n\n\n\n<p><strong>Putin anunci\u00f3 en marzo que quer\u00eda desplegar armas nucleares&nbsp;t\u00e1cticas en Bielorrusia, una aparente advertencia a la alianza&nbsp;militar de la OTAN liderada por Estados Unidos por su apoyo a&nbsp;Ucrania.<\/strong><\/p>\n\n\n\n<p>Los principales pa\u00edses de la OTAN afirman que apoyar\u00e1n a&nbsp;Ucrania y la ayudar\u00e1n a defenderse mientras resista lo que Kiev&nbsp;considera un acaparamiento de territorio de car\u00e1cter imperialista&nbsp;por parte de Rusia, que amenaza la supervivencia del Estado&nbsp;ucraniano.<\/p>\n\n\n\n<p><strong>&#8220;Todo va seg\u00fan lo previsto&#8221;, dijo Putin al presidente&nbsp;bielorruso, Alexander Lukashenko,<\/strong>&nbsp;al hablar del despliegue nuclear&nbsp;previsto durante las conversaciones mantenidas en el retiro&nbsp;estival del l\u00edder ruso en Sochi, en el mar Negro.&nbsp;<\/p>\n\n\n\n<p>&#8220;La preparaci\u00f3n de las instalaciones pertinentes finaliza los&nbsp;d\u00edas 7 y 8 de julio y comenzaremos inmediatamente las actividades&nbsp;relacionadas con el despliegue de los tipos apropiados de armas en&nbsp;su territorio&#8221;, dijo Putin, seg\u00fan una transcripci\u00f3n del Kremlin de&nbsp;sus declaraciones.<\/p>\n\n\n\n<p>Lukashenko respondi\u00f3: &#8220;Gracias, Vladimir Vladimirovich&#8221;.&nbsp;Putin, de 70 a\u00f1os, presenta la guerra como una batalla por la&nbsp;supervivencia de Rusia frente a una OTAN en constante expansi\u00f3n.<\/p>\n\n\n\n<p>Ha advertido a Occidente de que Mosc\u00fa no dar\u00e1 marcha atr\u00e1s.&nbsp;El presidente ucraniano,&nbsp;<strong>Volod\u00edmir Zelenski,<\/strong>&nbsp;afirma que Ucrania&nbsp;no descansar\u00e1 sin embargo hasta que hasta el \u00faltimo soldado ruso&nbsp;sea expulsado de su pa\u00eds, que quiere que se una a la OTAN lo antes&nbsp;posible.<\/p>\n\n\n\n<p>La maniobra nuclear de&nbsp;<strong>Putin<\/strong>&nbsp;est\u00e1 siendo vigilada de cerca&nbsp;tanto por Estados Unidos y sus aliados de la OTAN en Europa como&nbsp;por China, que ha advertido repetidamente contra el uso de armas&nbsp;nucleares en el conflicto.<\/p>\n\n\n\n<p>Tras la ca\u00edda de la Uni\u00f3n Sovi\u00e9tica en 1991, Washington y Mosc\u00fa&nbsp;se esforzaron por devolver a Rusia el vasto arsenal nuclear&nbsp;sovi\u00e9tico, desplegado entonces tambi\u00e9n en rep\u00fablicas de reciente&nbsp;independencia como Ucrania, Kazajist\u00e1n y Bielorrusia.<\/p>\n\n\n\n<p>Hasta la fecha, s\u00f3lo Estados Unidos ha utilizado armas&nbsp;nucleares, en los ataques de 1945 contra las ciudades japonesas de&nbsp;Hiroshima y Nagasaki.<\/p>\n","protected":false},"excerpt":{"rendered":"<p>El mandatario se reuni\u00f3 con Lukashenko, su aliado en la guerra contra Ucrania y la OTAN. Rusia\u00a0comenzar\u00e1 a desplegar armas\u00a0nucleares t\u00e1cticas en Bielorrusia\u00a0una vez que las instalaciones\u00a0especiales de almacenamiento est\u00e9n&hellip; <\/p>\n","protected":false},"author":4,"featured_media":66418,"comment_status":"closed","ping_status":"open","sticky":false,"template":"","format":"standard","meta":{"footnotes":""},"categories":[11],"tags":[],"class_list":["post-66414","post","type-post","status-publish","format-standard","has-post-thumbnail","hentry","category-internacionales"],"_links":{"self":[{"href":"https:\/\/corrientesdetarde.com\/index.php\/wp-json\/wp\/v2\/posts\/66414","targetHints":{"allow":["GET"]}}],"collection":[{"href":"https:\/\/corrientesdetarde.com\/index.php\/wp-json\/wp\/v2\/posts"}],"about":[{"href":"https:\/\/corrientesdetarde.com\/index.php\/wp-json\/wp\/v2\/types\/post"}],"author":[{"embeddable":true,"href":"https:\/\/corrientesdetarde.com\/index.php\/wp-json\/wp\/v2\/users\/4"}],"replies":[{"embeddable":true,"href":"https:\/\/corrientesdetarde.com\/index.php\/wp-json\/wp\/v2\/comments?post=66414"}],"version-history":[{"count":1,"href":"https:\/\/corrientesdetarde.com\/index.php\/wp-json\/wp\/v2\/posts\/66414\/revisions"}],"predecessor-version":[{"id":66419,"href":"https:\/\/corrientesdetarde.com\/index.php\/wp-json\/wp\/v2\/posts\/66414\/revisions\/66419"}],"wp:featuredmedia":[{"embeddable":true,"href":"https:\/\/corrientesdetarde.com\/index.php\/wp-json\/wp\/v2\/media\/66418"}],"wp:attachment":[{"href":"https:\/\/corrientesdetarde.com\/index.php\/wp-json\/wp\/v2\/media?parent=66414"}],"wp:term":[{"taxonomy":"category","embeddable":true,"href":"https:\/\/corrientesdetarde.com\/index.php\/wp-json\/wp\/v2\/categories?post=66414"},{"taxonomy":"post_tag","embeddable":true,"href":"https:\/\/corrientesdetarde.com\/index.php\/wp-json\/wp\/v2\/tags?post=66414"}],"curies":[{"name":"wp","href":"https:\/\/api.w.org\/{rel}","templated":true}]}}