{"id":66422,"date":"2023-06-09T23:00:19","date_gmt":"2023-06-10T02:00:19","guid":{"rendered":"https:\/\/corrientesdetarde.com\/?p=66422"},"modified":"2023-06-09T23:00:22","modified_gmt":"2023-06-10T02:00:22","slug":"se-define-quien-investigara-la-denuncia-contra-marley-por-una-presentacion-en-misiones","status":"publish","type":"post","link":"https:\/\/corrientesdetarde.com\/index.php\/espectaculos\/se-define-quien-investigara-la-denuncia-contra-marley-por-una-presentacion-en-misiones\/","title":{"rendered":"Se define qui\u00e9n investigar\u00e1 la denuncia contra Marley por una presentaci\u00f3n en Misiones"},"content":{"rendered":"\n<p>El juez misionero que recibi\u00f3 la denuncia de un particular remiti\u00f3 las actuaciones a Comodoro Py. Los supuestos hechos ocurrieron en una fecha imprecisa en la provincia de Buenos Aires.<\/p>\n\n\n\n<p>El juez federal&nbsp;<strong>Ariel Lijo<\/strong>&nbsp;deber\u00e1 resolver en las pr\u00f3ximas horas si aceptar\u00e1 incorporar una denuncia contra&nbsp;<strong>el conductor televisivo Alejandro Wiebe, m\u00e1s conocido por su seud\u00f3nimo art\u00edstico, Marley,&nbsp;<\/strong>&nbsp;a un expediente que tramita por posible trata de personas en su juzgado.<\/p>\n\n\n\n<p>El juez de Instrucci\u00f3n n\u00famero dos de Ober\u00e1, Misiones,&nbsp;<strong>Horacio Alarc\u00f3n, remiti\u00f3 a principios de semana la denuncia del hombre<\/strong>&nbsp;\u2013cuya identidad a\u00fan no fue revelada- que dice haber sido v\u00edctima de abusos sexuales por parte de Marley cuando ten\u00eda 14 a\u00f1os de edad, en una quinta de la localidad bonaerense de Pilar.<\/p>\n\n\n\n<p>Atento a que&nbsp;<strong>la denuncia mencionaba tambi\u00e9n al ex Gran Hermano Marcelo Corazza,&nbsp;<\/strong>hoy detenido a disposici\u00f3n de Lijo en una causa en la que es investigado por presunta trata de personas, el juez de Misiones envi\u00f3 las actuaciones a Comodoro Py.<\/p>\n\n\n\n<p>Sin embargo, a\u00fan no est\u00e1 claro si ese ser\u00e1 el lugar en el que tramite la denuncia, que de momento est\u00e1 motivada s\u00f3lo en&nbsp;<strong>una exposici\u00f3n policial formulada en Ober\u00e1 sin mayores precisiones<\/strong>&nbsp;sobre circunstancias de tiempo y modo de los supuestos hechos.<\/p>\n\n\n\n<p>En el escenario de posibilidades, s\u00f3lo una parece resuelta:&nbsp;<strong>como los hechos denunciados no ocurrieron en Misiones, la investigaci\u00f3n no tramitar\u00e1 en esa provincia.<\/strong><\/p>\n\n\n\n<p>En el caso de que Lijo acepte incorporar esa denuncia a la causa que recay\u00f3 en su juzgado, entonces ser\u00e1 \u00e9l quien la investigue, pero tambi\u00e9n podr\u00eda ocurrir que considerara que se trata de hechos inconexos y la remitiera a la justicia bonaerense.<\/p>\n\n\n\n<p>La denuncia fue presentada el 2 de junio pasado ante el juzgado de Alarc\u00f3n por una persona mayor de edad que&nbsp;<strong>pidi\u00f3 mantener su identidad en reserva por cuestiones de seguridad<\/strong>&nbsp;e, incluso, se present\u00f3 en canales de TV con un pasamonta\u00f1as en la cabeza.<\/p>\n\n\n\n<p>&#8220;Quiero manifestar que en un viaje que he realizado a la provincia de Buenos Aires, m\u00e1s precisamente a la localidad de Pilar, en una casa quinta,&nbsp;<strong>no recuerdo ni puedo precisar la fecha exacta, pero fue hace muchos a\u00f1os atr\u00e1s, vi y reconoc\u00ed a los conductores famosos: Marley Marcelo Corazza<\/strong>, al primero lo llamaban &#8216;el porte\u00f1o&#8217; y al otro: &#8216;el bonito'&#8221;, sostiene la exposici\u00f3n policial.<\/p>\n\n\n\n<p><strong>El abogado del denunciante, Sergio Ram\u00edrez<\/strong>, prometi\u00f3 en varios medios de televisi\u00f3n que en los pr\u00f3ximos d\u00edas se conocer\u00e1 la identidad de la presunta v\u00edctima, quien teme por su seguridad y la de su familia ante la difusi\u00f3n de los hechos que dice haber padecido.<\/p>\n\n\n\n<p>Uno de los pasos procesales inevitables para la prosecuci\u00f3n del proceso es&nbsp;<strong>la ratificaci\u00f3n de la denuncia<\/strong>, que debe hacerse en sede judicial como manifestaci\u00f3n positiva del supuesto damnificado de que quiere llevar adelante la acci\u00f3n penal.<\/p>\n\n\n\n<p>Por la naturaleza del delito enrostrado a Marley,&nbsp;<strong>el impulso de la acci\u00f3n penal depende de la presunta v\u00edctima<\/strong>: si \u00e9ste no avanza con la denuncia, no hay causa penal contra su voluntad.<\/p>\n\n\n\n<p>S\u00f3lo en la instancia de ratificaci\u00f3n de la denuncia la v\u00edctima&nbsp;<strong>estar\u00e1 en condiciones de ampliar la descripci\u00f3n de los hechos que dice haber padecido<\/strong>, puesto que lo que el Poder Judicial tiene hasta ahora es escueto e impreciso.<\/p>\n","protected":false},"excerpt":{"rendered":"<p>El juez misionero que recibi\u00f3 la denuncia de un particular remiti\u00f3 las actuaciones a Comodoro Py. Los supuestos hechos ocurrieron en una fecha imprecisa en la provincia de Buenos Aires.&hellip; <\/p>\n","protected":false},"author":4,"featured_media":66425,"comment_status":"closed","ping_status":"open","sticky":false,"template":"","format":"standard","meta":{"footnotes":""},"categories":[19],"tags":[],"class_list":["post-66422","post","type-post","status-publish","format-standard","has-post-thumbnail","hentry","category-espectaculos"],"_links":{"self":[{"href":"https:\/\/corrientesdetarde.com\/index.php\/wp-json\/wp\/v2\/posts\/66422","targetHints":{"allow":["GET"]}}],"collection":[{"href":"https:\/\/corrientesdetarde.com\/index.php\/wp-json\/wp\/v2\/posts"}],"about":[{"href":"https:\/\/corrientesdetarde.com\/index.php\/wp-json\/wp\/v2\/types\/post"}],"author":[{"embeddable":true,"href":"https:\/\/corrientesdetarde.com\/index.php\/wp-json\/wp\/v2\/users\/4"}],"replies":[{"embeddable":true,"href":"https:\/\/corrientesdetarde.com\/index.php\/wp-json\/wp\/v2\/comments?post=66422"}],"version-history":[{"count":1,"href":"https:\/\/corrientesdetarde.com\/index.php\/wp-json\/wp\/v2\/posts\/66422\/revisions"}],"predecessor-version":[{"id":66426,"href":"https:\/\/corrientesdetarde.com\/index.php\/wp-json\/wp\/v2\/posts\/66422\/revisions\/66426"}],"wp:featuredmedia":[{"embeddable":true,"href":"https:\/\/corrientesdetarde.com\/index.php\/wp-json\/wp\/v2\/media\/66425"}],"wp:attachment":[{"href":"https:\/\/corrientesdetarde.com\/index.php\/wp-json\/wp\/v2\/media?parent=66422"}],"wp:term":[{"taxonomy":"category","embeddable":true,"href":"https:\/\/corrientesdetarde.com\/index.php\/wp-json\/wp\/v2\/categories?post=66422"},{"taxonomy":"post_tag","embeddable":true,"href":"https:\/\/corrientesdetarde.com\/index.php\/wp-json\/wp\/v2\/tags?post=66422"}],"curies":[{"name":"wp","href":"https:\/\/api.w.org\/{rel}","templated":true}]}}