{"id":66423,"date":"2023-06-09T23:12:31","date_gmt":"2023-06-10T02:12:31","guid":{"rendered":"https:\/\/corrientesdetarde.com\/?p=66423"},"modified":"2023-06-09T23:12:35","modified_gmt":"2023-06-10T02:12:35","slug":"condenaron-a-la-tota-santillan-a-5-anos-y-6-meses-por-violencia-de-genero","status":"publish","type":"post","link":"https:\/\/corrientesdetarde.com\/index.php\/espectaculos\/condenaron-a-la-tota-santillan-a-5-anos-y-6-meses-por-violencia-de-genero\/","title":{"rendered":"Condenaron a \u201cLa Tota\u201d Santill\u00e1n a 5 a\u00f1os y 6 meses por violencia de g\u00e9nero"},"content":{"rendered":"\n<p>La defensa del conductor apel\u00f3 la sentencia, pero si queda firme terminar\u00eda yendo a prisi\u00f3n.<\/p>\n\n\n\n<p><strong>Daniel \u201cLa Tota\u201d Santill\u00e1n\u00a0fue condenado a 5 a\u00f1os y 6 meses de prisi\u00f3n<\/strong>\u00a0en la causa por violencia de g\u00e9nero contra su expareja. El fiscal\u00a0<strong>Oscar Ciruzzi<\/strong>, titular de la Fiscal\u00eda Nacional en lo Criminal y Correccional N\u00ba7, hab\u00eda pedido\u00a0<strong>la pena de cuatro a\u00f1os y medio de prisi\u00f3n por haber ejercido\u00a0violencia de g\u00e9nero y amenazas<\/strong>\u00a0a su ex mujer, a su ex suegro y su ex empleada dom\u00e9stica.<\/p>\n\n\n\n<p>Ricardo Daniel Car\u00edas, tal es su verdadero nombre, no ir\u00e1 a prisi\u00f3n hasta que la condena no quede firme. Seg\u00fan pudo saber&nbsp;<em>Noticias Argentinas<\/em>, la defensa, liderada por el abogado&nbsp;<strong>Juan Pablo Merlo<\/strong>&nbsp;apel\u00f3 la sentencia, por lo cual la C\u00e1mara de Apelaciones deber\u00e1 ratificar el fallo para que vaya preso, ya que por tratarse de una pena superior a los tres a\u00f1os resulta de cumplimiento efectivo.<\/p>\n\n\n\n<p>Tras conocerse el fallo, el conductor habl\u00f3 en<em>&nbsp;Desayuno Americano<\/em>&nbsp;y se arm\u00f3 un debate con el abogado que pidi\u00f3 que no le hagan reconocer que fue violento porque van a apelar el fallo y eso lo puede perjudicar. Adem\u00e1s, destac\u00f3 que reci\u00e9n dentro de 20 d\u00edas se escuchar\u00e1n los fundamentos que determinaron la sentencia.<\/p>\n\n\n\n<p><strong>\u201cNo veo a mis hijas desde el 2019<\/strong>. Las veo por videollamadas.&nbsp;<strong>Me arrepiento de las discusiones que tuve<\/strong>, de la separaci\u00f3n que cuando te separ\u00e1s es discutiendo. Me arrepiento del exceso que tuve de poner las fotos de mis hijas y mi ex suegro reclamando ver a mis hijas. Yo nunca amenac\u00e9 de muerte a nadie.&nbsp;<strong>No hubo violencia de g\u00e9nero<\/strong>, nunca le puse una tijera en el ojo a mi mujer. Si yo me pon\u00eda violento era en una discusi\u00f3n, si le he gritado. Y muchas veces\u201d, dijo Santill\u00e1n.<\/p>\n\n\n\n<p>Si el fallo se ratifica, el conductor quedar\u00eda preso por los delitos de<strong>&nbsp;amenazas agravadas por el uso de armas<\/strong>, privaci\u00f3n ileg\u00edtima de la libertad agravada por ser c\u00f3nyuge y lesiones leves agravadas por haberse cometido en el marco de la pareja y por mediar violencia de g\u00e9nero.<\/p>\n\n\n\n<p>Al momento de solicitar la pena de 4 a\u00f1os y 6 meses de prisi\u00f3n, el fiscal tuvo en cuenta la reiteraci\u00f3n de hechos cometidos por Carias y los da\u00f1os causados.&nbsp;<strong>\u201cActu\u00f3 siempre con pleno conocimiento y voluntad\u201d<\/strong>, resalt\u00f3, y destac\u00f3 la relevancia de abordar el caso con perspectiva de g\u00e9nero, tal como lo exige la Convenci\u00f3n Interamericana para Prevenir, Sancionar y Erradicar la Violencia contra la Mujer, conocida como Convenci\u00f3n de Bel\u00e9m do Par\u00e1.<\/p>\n\n\n\n<p>El fiscal relacion\u00f3 la situaci\u00f3n vivida por la expareja de Carias con dos secuencias en las cuales fueron v\u00edctimas, por un lado, una exempleada de la mujer y, por el otro, su padre. Con respecto a la primera, entre junio y agosto de 2016, consider\u00f3 probado que el imputado le profiri\u00f3 una serie de amenazas a la mujer que se desempe\u00f1aba como empleada dom\u00e9stica del lugar donde viv\u00eda su exmujer.<\/p>\n\n\n\n<p>De acuerdo a la acusaci\u00f3n, durante el verano de 2013 el acusado y su pareja se encontraban en Mar del Plata a bordo de un auto manejado por Carias, quien en un momento aceler\u00f3 a toda marcha mientras dec\u00eda: \u201cTe voy a matar en el acantilado y nadie te va a encontrar\u201d.<\/p>\n\n\n\n<p>Indic\u00f3 que Carias la llam\u00f3 en reiteradas ocasiones y le dijo que, si volv\u00eda a trabajar con su ex, \u201cla matar\u00eda\u201d. Adem\u00e1s, public\u00f3 en redes sociales una serie de mensajes donde la acusaba de \u201cladrona\u201d y la se\u00f1alaba como la responsable de su separaci\u00f3n de pareja. A esa serie de publicaciones le siguieron llamados a la v\u00edctima, donde le dec\u00edan que \u201csab\u00edan todo de ella y de sus padres\u201d y que la iban a matar.&nbsp;<\/p>\n","protected":false},"excerpt":{"rendered":"<p>La defensa del conductor apel\u00f3 la sentencia, pero si queda firme terminar\u00eda yendo a prisi\u00f3n. Daniel \u201cLa Tota\u201d Santill\u00e1n\u00a0fue condenado a 5 a\u00f1os y 6 meses de prisi\u00f3n\u00a0en la causa&hellip; <\/p>\n","protected":false},"author":4,"featured_media":66427,"comment_status":"closed","ping_status":"open","sticky":false,"template":"","format":"standard","meta":{"footnotes":""},"categories":[19],"tags":[],"class_list":["post-66423","post","type-post","status-publish","format-standard","has-post-thumbnail","hentry","category-espectaculos"],"_links":{"self":[{"href":"https:\/\/corrientesdetarde.com\/index.php\/wp-json\/wp\/v2\/posts\/66423","targetHints":{"allow":["GET"]}}],"collection":[{"href":"https:\/\/corrientesdetarde.com\/index.php\/wp-json\/wp\/v2\/posts"}],"about":[{"href":"https:\/\/corrientesdetarde.com\/index.php\/wp-json\/wp\/v2\/types\/post"}],"author":[{"embeddable":true,"href":"https:\/\/corrientesdetarde.com\/index.php\/wp-json\/wp\/v2\/users\/4"}],"replies":[{"embeddable":true,"href":"https:\/\/corrientesdetarde.com\/index.php\/wp-json\/wp\/v2\/comments?post=66423"}],"version-history":[{"count":1,"href":"https:\/\/corrientesdetarde.com\/index.php\/wp-json\/wp\/v2\/posts\/66423\/revisions"}],"predecessor-version":[{"id":66428,"href":"https:\/\/corrientesdetarde.com\/index.php\/wp-json\/wp\/v2\/posts\/66423\/revisions\/66428"}],"wp:featuredmedia":[{"embeddable":true,"href":"https:\/\/corrientesdetarde.com\/index.php\/wp-json\/wp\/v2\/media\/66427"}],"wp:attachment":[{"href":"https:\/\/corrientesdetarde.com\/index.php\/wp-json\/wp\/v2\/media?parent=66423"}],"wp:term":[{"taxonomy":"category","embeddable":true,"href":"https:\/\/corrientesdetarde.com\/index.php\/wp-json\/wp\/v2\/categories?post=66423"},{"taxonomy":"post_tag","embeddable":true,"href":"https:\/\/corrientesdetarde.com\/index.php\/wp-json\/wp\/v2\/tags?post=66423"}],"curies":[{"name":"wp","href":"https:\/\/api.w.org\/{rel}","templated":true}]}}