{"id":66424,"date":"2023-06-09T23:39:43","date_gmt":"2023-06-10T02:39:43","guid":{"rendered":"https:\/\/corrientesdetarde.com\/?p=66424"},"modified":"2023-06-09T23:40:00","modified_gmt":"2023-06-10T02:40:00","slug":"el-gobierno-provincial-extiende-una-cuadra-mas-la-pavimentacion-de-ex-via","status":"publish","type":"post","link":"https:\/\/corrientesdetarde.com\/index.php\/locales\/el-gobierno-provincial-extiende-una-cuadra-mas-la-pavimentacion-de-ex-via\/","title":{"rendered":"El Gobierno Provincial extiende una cuadra m\u00e1s la pavimentaci\u00f3n de Ex V\u00eda"},"content":{"rendered":"\n<p>El Gobierno Provincial extender\u00e1 la pavimentaci\u00f3n de la calle Ex V\u00eda hasta su cruce con la calle Gobernador Contte, continuaci\u00f3n de Argentino Roca, a fin de dar continuidad vial a este camino alternativo que corre paralelo a la avenida Maip\u00fa. En total se pavimentar\u00e1n cuatro cuadras, casi 420 metros de calzada de hormig\u00f3n armado en ese tramo.\u00a0<\/p>\n\n\n\n<figure class=\"wp-block-image size-large\"><img loading=\"lazy\" decoding=\"async\" width=\"1024\" height=\"574\" src=\"https:\/\/corrientesdetarde.com\/wp-content\/uploads\/2023\/06\/Captura-de-pantalla-2023-06-09-233700-1024x574.png\" alt=\"\" class=\"wp-image-66436\" srcset=\"https:\/\/corrientesdetarde.com\/wp-content\/uploads\/2023\/06\/Captura-de-pantalla-2023-06-09-233700-1024x574.png 1024w, https:\/\/corrientesdetarde.com\/wp-content\/uploads\/2023\/06\/Captura-de-pantalla-2023-06-09-233700-300x168.png 300w, https:\/\/corrientesdetarde.com\/wp-content\/uploads\/2023\/06\/Captura-de-pantalla-2023-06-09-233700-768x431.png 768w, https:\/\/corrientesdetarde.com\/wp-content\/uploads\/2023\/06\/Captura-de-pantalla-2023-06-09-233700-1536x861.png 1536w, https:\/\/corrientesdetarde.com\/wp-content\/uploads\/2023\/06\/Captura-de-pantalla-2023-06-09-233700.png 1582w\" sizes=\"auto, (max-width: 1024px) 100vw, 1024px\" \/><\/figure>\n\n\n\n<p>Estos trabajos, dispuestos espec\u00edficamente por el gobernador Gustavo Vald\u00e9s, son llevados adelante por el Ministerio de Obras y Servicios P\u00fablicos,&nbsp;a trav\u00e9s de Vialidad Urbana.<\/p>\n\n\n\n<p>Originariamente la pavimentaci\u00f3n con hormig\u00f3n armado de Ex V\u00eda era desde la intersecci\u00f3n con la calle General Paz hasta el cruce con Teniente Ib\u00e1\u00f1ez, trabajos que concluyeron hoy, pero que ante la oportunidad de completar un circuito de interconexi\u00f3n entre las avenidas Maip\u00fa, 3 de Abril y Chacabuco, se dispuso extenderlos hasta Contte.<\/p>\n\n\n\n<figure class=\"wp-block-image size-full\"><img loading=\"lazy\" decoding=\"async\" width=\"1582\" height=\"877\" src=\"https:\/\/corrientesdetarde.com\/wp-content\/uploads\/2023\/06\/Captura-de-pantalla-2023-06-09-233803.png\" alt=\"\" class=\"wp-image-66439\" srcset=\"https:\/\/corrientesdetarde.com\/wp-content\/uploads\/2023\/06\/Captura-de-pantalla-2023-06-09-233803.png 1582w, https:\/\/corrientesdetarde.com\/wp-content\/uploads\/2023\/06\/Captura-de-pantalla-2023-06-09-233803-300x166.png 300w, https:\/\/corrientesdetarde.com\/wp-content\/uploads\/2023\/06\/Captura-de-pantalla-2023-06-09-233803-1024x568.png 1024w, https:\/\/corrientesdetarde.com\/wp-content\/uploads\/2023\/06\/Captura-de-pantalla-2023-06-09-233803-768x426.png 768w, https:\/\/corrientesdetarde.com\/wp-content\/uploads\/2023\/06\/Captura-de-pantalla-2023-06-09-233803-1536x851.png 1536w\" sizes=\"auto, (max-width: 1582px) 100vw, 1582px\" \/><\/figure>\n\n\n\n<p>En ese sector tambi\u00e9n se debi\u00f3 realizar la construcci\u00f3n de un entubado de 200 metros de largo&nbsp;con ca\u00f1os de 60 cm. de di\u00e1metro para asegurar un normal escurrimiento pluvial no solo en la calle pavimentada sino tambi\u00e9n en aquellas aleda\u00f1as, dejando atr\u00e1s un serio problema de anegamiento que se registraba en la zona.<\/p>\n\n\n\n<p>Este ducto que\u00a0arranca en inmediaciones con la calle Necochea se extiende hasta Teniente Ib\u00e1\u00f1ez\u00a0donde se lo enlaz\u00f3 a trav\u00e9s de una c\u00e1mara de acople al ducto maestro que atraviesa la zona.<\/p>\n\n\n\n<figure class=\"wp-block-image size-large\"><img loading=\"lazy\" decoding=\"async\" width=\"1024\" height=\"574\" src=\"https:\/\/corrientesdetarde.com\/wp-content\/uploads\/2023\/06\/Captura-de-pantalla-2023-06-09-233721-1024x574.png\" alt=\"\" class=\"wp-image-66438\" srcset=\"https:\/\/corrientesdetarde.com\/wp-content\/uploads\/2023\/06\/Captura-de-pantalla-2023-06-09-233721-1024x574.png 1024w, https:\/\/corrientesdetarde.com\/wp-content\/uploads\/2023\/06\/Captura-de-pantalla-2023-06-09-233721-300x168.png 300w, https:\/\/corrientesdetarde.com\/wp-content\/uploads\/2023\/06\/Captura-de-pantalla-2023-06-09-233721-768x431.png 768w, https:\/\/corrientesdetarde.com\/wp-content\/uploads\/2023\/06\/Captura-de-pantalla-2023-06-09-233721-1536x862.png 1536w, https:\/\/corrientesdetarde.com\/wp-content\/uploads\/2023\/06\/Captura-de-pantalla-2023-06-09-233721.png 1585w\" sizes=\"auto, (max-width: 1024px) 100vw, 1024px\" \/><\/figure>\n\n\n\n<p><strong>Hasta el cruce con Contte<\/strong><\/p>\n\n\n\n<p>La pavimentaci\u00f3n de Ex v\u00eda&nbsp;entre Teniente Ib\u00e1\u00f1ez y Gobernador Contte continuar\u00e1 la pr\u00f3xima semana, con la preparaci\u00f3n de&nbsp;suelo&nbsp;&nbsp;tarea que se ver\u00e1 facilitada en gran medida, por la existencia de cord\u00f3n cuneta y el mejorado de&nbsp;la calzada con ripio.<\/p>\n\n\n\n<p>En este tramo se aplicar\u00e1 pavimento de hormig\u00f3n armado&nbsp;del tipo simple urbano de 18 cm. de espesor.<\/p>\n\n\n\n<p>Estas obras son encaradas por administraci\u00f3n el Gobierno Provincial con personal y equipamiento propio, implicando una merma sustancial en los costos de los trabajos.<\/p>\n\n\n\n<p><strong>M\u00e1s asfalto para el barrio Madariaga<\/strong><\/p>\n\n\n\n<p>Por otra parte, Vialidad Urbana contin\u00faa&nbsp;pavimentando con&nbsp;&nbsp;concreto asf\u00e1ltico&nbsp;una veintena de cuadras del barrio&nbsp;General Madariaga. Hoy asfalt\u00f3 la calle Abrevadero entre Los Tilos y Ni\u00f1o Jes\u00fas.<\/p>\n\n\n\n<p>En&nbsp;este barrio el Gobierno Provincial tiene previsto ejecutar 20 cuadras de concreto caliente, m\u00e1s de 1.700 metros lineales de calzada de siete metros de ancho de concreto asf\u00e1ltico. Las calles intervenidas son: Samuel Morse de avenida Armenia a El Jacaranda (concluida),&nbsp;&nbsp;El Jacarand\u00e1 de Morse a pasaje El Ceibo, El \u00d1andubay de Armenia a Yatay (concluida), El Sauce entre Armenia y El Jacarand\u00e1(concluida), General Paunero de El Jacarand\u00e1 a Hungr\u00eda, Ni\u00f1o Jes\u00fas, entre Hungr\u00eda y Armenia (concluida) y Yatay entre Morse y Ni\u00f1o Jes\u00fas.<\/p>\n","protected":false},"excerpt":{"rendered":"<p>El Gobierno Provincial extender\u00e1 la pavimentaci\u00f3n de la calle Ex V\u00eda hasta su cruce con la calle Gobernador Contte, continuaci\u00f3n de Argentino Roca, a fin de dar continuidad vial a&hellip; <\/p>\n","protected":false},"author":4,"featured_media":66437,"comment_status":"closed","ping_status":"open","sticky":false,"template":"","format":"standard","meta":{"footnotes":""},"categories":[8],"tags":[],"class_list":["post-66424","post","type-post","status-publish","format-standard","has-post-thumbnail","hentry","category-locales"],"_links":{"self":[{"href":"https:\/\/corrientesdetarde.com\/index.php\/wp-json\/wp\/v2\/posts\/66424","targetHints":{"allow":["GET"]}}],"collection":[{"href":"https:\/\/corrientesdetarde.com\/index.php\/wp-json\/wp\/v2\/posts"}],"about":[{"href":"https:\/\/corrientesdetarde.com\/index.php\/wp-json\/wp\/v2\/types\/post"}],"author":[{"embeddable":true,"href":"https:\/\/corrientesdetarde.com\/index.php\/wp-json\/wp\/v2\/users\/4"}],"replies":[{"embeddable":true,"href":"https:\/\/corrientesdetarde.com\/index.php\/wp-json\/wp\/v2\/comments?post=66424"}],"version-history":[{"count":1,"href":"https:\/\/corrientesdetarde.com\/index.php\/wp-json\/wp\/v2\/posts\/66424\/revisions"}],"predecessor-version":[{"id":66440,"href":"https:\/\/corrientesdetarde.com\/index.php\/wp-json\/wp\/v2\/posts\/66424\/revisions\/66440"}],"wp:featuredmedia":[{"embeddable":true,"href":"https:\/\/corrientesdetarde.com\/index.php\/wp-json\/wp\/v2\/media\/66437"}],"wp:attachment":[{"href":"https:\/\/corrientesdetarde.com\/index.php\/wp-json\/wp\/v2\/media?parent=66424"}],"wp:term":[{"taxonomy":"category","embeddable":true,"href":"https:\/\/corrientesdetarde.com\/index.php\/wp-json\/wp\/v2\/categories?post=66424"},{"taxonomy":"post_tag","embeddable":true,"href":"https:\/\/corrientesdetarde.com\/index.php\/wp-json\/wp\/v2\/tags?post=66424"}],"curies":[{"name":"wp","href":"https:\/\/api.w.org\/{rel}","templated":true}]}}