{"id":66429,"date":"2023-06-09T23:36:25","date_gmt":"2023-06-10T02:36:25","guid":{"rendered":"https:\/\/corrientesdetarde.com\/?p=66429"},"modified":"2023-06-09T23:36:36","modified_gmt":"2023-06-10T02:36:36","slug":"karina-mazzocco-se-quebro-al-recordar-su-encuentro-con-gustavo-cerati","status":"publish","type":"post","link":"https:\/\/corrientesdetarde.com\/index.php\/espectaculos\/karina-mazzocco-se-quebro-al-recordar-su-encuentro-con-gustavo-cerati\/","title":{"rendered":"Karina Mazzocco se quebr\u00f3 al recordar su encuentro con Gustavo Cerati"},"content":{"rendered":"\n<p>La conductora dio detalles sobre el d\u00eda en el que conoci\u00f3 a su \u00eddolo.<\/p>\n\n\n\n<p>La conductora<strong>&nbsp;Karina Mazzocco<\/strong>&nbsp;fue a&nbsp;<em>Noche al Dente<\/em>&nbsp;y, tal como lo hacen todos los invitados al programa, se anim\u00f3 a cantar junto al Fernando Dente y a responder todas las preguntas.<\/p>\n\n\n\n<p>En una parte del programa, se habla de la m\u00fasica elegida por el\u00a0invitado y Mazzocco opt\u00f3 por \u201ccualquier de Soda Stereo\u201d. Adem\u00e1s, explic\u00f3 que era seguidora ferviente de\u00a0<strong>Gustavo Cerati<\/strong>:<strong>\u00a0\u201cFui tan fan de Soda Stereo&#8230; pero fan al punto de ir a verlos a los boliches\u201d.<\/strong><\/p>\n\n\n\n<figure class=\"wp-block-embed is-type-video is-provider-youtube wp-block-embed-youtube wp-embed-aspect-16-9 wp-has-aspect-ratio\"><div class=\"wp-block-embed__wrapper\">\n<iframe loading=\"lazy\" title=\"Las l\u00e1grimas de KARINA MAZZOCCO al recordar a CERATI\" width=\"1110\" height=\"624\" src=\"https:\/\/www.youtube.com\/embed\/OesxOnFmV1w?feature=oembed\" frameborder=\"0\" allow=\"accelerometer; autoplay; clipboard-write; encrypted-media; gyroscope; picture-in-picture; web-share\" allowfullscreen><\/iframe>\n<\/div><\/figure>\n\n\n\n<p>\u201cHace tiempo un d\u00eda en Punta del Este nos encontramos con&nbsp;<strong>Pampita y Benjam\u00edn Vicu\u00f1a<\/strong>, que todav\u00eda estaban juntos, ten\u00edan a su hija Blanquita y nos invitaron a un asado en su casa. Entramos y estaba&nbsp;<strong>Gustavo Cerati<\/strong>&nbsp;sentado en una silla con sus rulos\u201d, record\u00f3 la conductora de A la Tarde.<\/p>\n\n\n\n<p>Karina estaba junto a su marido, Omar El Bacha, y el m\u00fasico fallecido en 2014 se encontraba con su novia de ese entonces, la actriz Leonora Balcarce. \u201cYo ya era Karina Mazzocco y no lo pod\u00eda ir a cholulear.&nbsp;<strong>Y no saben c\u00f3mo me arrepiento. Yo ten\u00eda que agradecerle tanta felicidad y no lo hice\u201d.<\/strong><\/p>\n\n\n\n<p>\u201cQu\u00e9 tonta, una tiene que decir cuando quiere, cuando ama, cuando se equivoc\u00f3, cuando admira. Como una tarada no lo hice y fue triste. Me hubiese encantado agradecerle tantos momentos de felicidad. Mi hijo canta todas sus canciones\u201d, reconoci\u00f3.<\/p>\n\n\n\n<p>Por \u00faltimo, muy emocionada, decidi\u00f3 aconsejar al p\u00fablico:&nbsp;<strong>\u201cNo se queden con nada, la vida pasa y no sabemos cu\u00e1ndo no estamos m\u00e1s.<\/strong>&nbsp;Hay que entregar el amor a quien nos lo despert\u00f3. Y Cerati es parte de mi vida. No salud\u00e9 a quien me gener\u00f3 tantos momentos de felicidad\u201d.<\/p>\n\n\n\n<p>\u201cNosotros que hablamos tanto de desencuentros familiares, a veces una se queda con el orgullo de decir, \u2018me equivoqu\u00e9, estuve mal\u2019; o decirle \u2018me hiciste feliz, con tu guitarra, con tus acordes y con tus canciones le pusiste m\u00fasica a mi vida\u2019. Nunca me acerqu\u00e9, creo que nunca lo mir\u00e9 de frente. No lo iba a invadir\u201d, concluy\u00f3 la conductora para luego interpretar junto a Dente \u201cCuando pase el temblor\u201d.<\/p>\n","protected":false},"excerpt":{"rendered":"<p>La conductora dio detalles sobre el d\u00eda en el que conoci\u00f3 a su \u00eddolo. La conductora&nbsp;Karina Mazzocco&nbsp;fue a&nbsp;Noche al Dente&nbsp;y, tal como lo hacen todos los invitados al programa, se&hellip; <\/p>\n","protected":false},"author":4,"featured_media":66433,"comment_status":"closed","ping_status":"open","sticky":false,"template":"","format":"standard","meta":{"footnotes":""},"categories":[19],"tags":[],"class_list":["post-66429","post","type-post","status-publish","format-standard","has-post-thumbnail","hentry","category-espectaculos"],"_links":{"self":[{"href":"https:\/\/corrientesdetarde.com\/index.php\/wp-json\/wp\/v2\/posts\/66429","targetHints":{"allow":["GET"]}}],"collection":[{"href":"https:\/\/corrientesdetarde.com\/index.php\/wp-json\/wp\/v2\/posts"}],"about":[{"href":"https:\/\/corrientesdetarde.com\/index.php\/wp-json\/wp\/v2\/types\/post"}],"author":[{"embeddable":true,"href":"https:\/\/corrientesdetarde.com\/index.php\/wp-json\/wp\/v2\/users\/4"}],"replies":[{"embeddable":true,"href":"https:\/\/corrientesdetarde.com\/index.php\/wp-json\/wp\/v2\/comments?post=66429"}],"version-history":[{"count":1,"href":"https:\/\/corrientesdetarde.com\/index.php\/wp-json\/wp\/v2\/posts\/66429\/revisions"}],"predecessor-version":[{"id":66434,"href":"https:\/\/corrientesdetarde.com\/index.php\/wp-json\/wp\/v2\/posts\/66429\/revisions\/66434"}],"wp:featuredmedia":[{"embeddable":true,"href":"https:\/\/corrientesdetarde.com\/index.php\/wp-json\/wp\/v2\/media\/66433"}],"wp:attachment":[{"href":"https:\/\/corrientesdetarde.com\/index.php\/wp-json\/wp\/v2\/media?parent=66429"}],"wp:term":[{"taxonomy":"category","embeddable":true,"href":"https:\/\/corrientesdetarde.com\/index.php\/wp-json\/wp\/v2\/categories?post=66429"},{"taxonomy":"post_tag","embeddable":true,"href":"https:\/\/corrientesdetarde.com\/index.php\/wp-json\/wp\/v2\/tags?post=66429"}],"curies":[{"name":"wp","href":"https:\/\/api.w.org\/{rel}","templated":true}]}}