{"id":66430,"date":"2023-06-09T23:32:38","date_gmt":"2023-06-10T02:32:38","guid":{"rendered":"https:\/\/corrientesdetarde.com\/?p=66430"},"modified":"2023-06-09T23:32:42","modified_gmt":"2023-06-10T02:32:42","slug":"fernando-burlando-hablo-del-futuro-de-juan-darthes-no-creo-que-vuelva-a-la-argentina","status":"publish","type":"post","link":"https:\/\/corrientesdetarde.com\/index.php\/espectaculos\/fernando-burlando-hablo-del-futuro-de-juan-darthes-no-creo-que-vuelva-a-la-argentina\/","title":{"rendered":"Fernando Burlando habl\u00f3 del futuro de Juan Darth\u00e9s: \u201cNo creo que vuelva a la Argentina\u201d"},"content":{"rendered":"\n<p>El abogado del actor revel\u00f3 que tiene intenciones de grabar un video \u201cpara agradecer el apoyo de la gente\u201d.<\/p>\n\n\n\n<p>Luego de que circularan versiones sobre una posible vuelta de\u00a0Juan Darth\u00e9s\u00a0al pa\u00eds, su abogado,\u00a0<strong>Fernando Burlando<\/strong>, aclar\u00f3 c\u00f3mo seguir\u00e1 su vida el actor que hace 5 a\u00f1os se refugi\u00f3 en Brasil tras la denuncia de\u00a0<strong>Thelma Fard\u00edn<\/strong>, que lo acus\u00f3 de haberla abusado sexualmente cuando ten\u00eda 16 a\u00f1os, despertando el inter\u00e9s de otras tres v\u00edctimas que tambi\u00e9n relataron hechos similares, entre ellas\u00a0<strong>Calu Rivero<\/strong>.<\/p>\n\n\n\n<figure class=\"wp-block-embed is-type-video is-provider-youtube wp-block-embed-youtube wp-embed-aspect-16-9 wp-has-aspect-ratio\"><div class=\"wp-block-embed__wrapper\">\n<iframe loading=\"lazy\" title=\"Burlando, abogado de Darth\u00e9s: &quot;La decisi\u00f3n de denunciar fue de \u00e9l&quot;\" width=\"1110\" height=\"624\" src=\"https:\/\/www.youtube.com\/embed\/YegVH00XRcc?feature=oembed\" frameborder=\"0\" allow=\"accelerometer; autoplay; clipboard-write; encrypted-media; gyroscope; picture-in-picture; web-share\" allowfullscreen><\/iframe>\n<\/div><\/figure>\n\n\n\n<p><strong>&#8220;A m\u00ed, personalmente Juan me dijo que quer\u00eda hacer un video agradeci\u00e9ndole a la gente que lo apoy\u00f3 durante este tiempo.<\/strong>&nbsp;S\u00ed ten\u00eda necesidad de que se aclare cu\u00e1l es el contenido de la sentencia y de la nueva sentencia aclaratoria que hubo. Me dijo &#8216;los medios no le dieron importancia al nuevo fallo de la Justicia'&#8221;, dijo el abogado, en alusi\u00f3n a la absoluci\u00f3n que recibi\u00f3 en Brasil, luego de que Thelma explicara que absoluci\u00f3n no es sin\u00f3nimo de inocencia.<\/p>\n\n\n\n<p>Burlando tambi\u00e9n destac\u00f3 que tienen intenciones de iniciar acciones legales contra quienes opinaron sobre la causa condenando con sus palabras al actor:&nbsp;<strong>&#8220;Entre otras cosas, la vocera presidencial dijo cosas que no son ciertas&#8230;&nbsp;<\/strong>no se explica por qu\u00e9 hablan sin conocer y sin saber los contenidos de las resoluciones judiciales, siendo, ni m\u00e1s ni menos, funcionarios p\u00fablicos. Diciendo como que hab\u00eda habido abusos, y hablaba de prescripci\u00f3n&#8230; jam\u00e1s habl\u00f3 del fallo de prescripci\u00f3n&#8221;.<\/p>\n\n\n\n<p>Por \u00faltimo, el abogado dijo en Intrusos que&nbsp;<strong>&#8220;es cierto, hoy lo embarga la felicidad y la tranquilidad.<\/strong>&nbsp;Nadie que tenga un proceso judicial, de cualquier \u00edndole, realmente la pasa bien, esa es una realidad.&nbsp;<strong>Ahora, yo no creo que Juan vuelva a la Argentina,<\/strong>&nbsp;ni me atrever\u00eda a pregunt\u00e1rselo, porque est\u00e1 manejando otras cosas en su cabeza&#8221;.<\/p>\n\n\n\n<p>Lo cierto es que Thelma no bajar\u00e1 los brazos.&nbsp;En la nueva presentaci\u00f3n fiscal se asegur\u00f3 que al haber introducido sus dedos en al vagina de la actriz y haberle hecho sexo oral, el encuadre jur\u00eddico es el de estupro o atentado violento al pudor, el cual tiene una pena de 4 a 10 a\u00f1os de prisi\u00f3n. Ese delito prescribe a los 16 a\u00f1os con lo cual la acci\u00f3n penal se encontrar\u00eda vigente, a eso apunta la presentaci\u00f3n fiscal.<\/p>\n\n\n\n<p>\u201cA la vista de todo lo expuesto, se concluye que existe duda sobre la ocurrencia o no de la conjunci\u00f3n carnal, esencial para la configuraci\u00f3n del delito descrito en el art. 213 del C\u00f3digo Penal, con redacci\u00f3n dada en la \u00e9poca de los hechos, seg\u00fan se describe en la denuncia. Y la duda, en este caso, se resuelve a favor del imputado, siendo la absoluci\u00f3n la medida que se impone\u201d, fue lo que determin\u00f3 en su fallo el juez.<\/p>\n","protected":false},"excerpt":{"rendered":"<p>El abogado del actor revel\u00f3 que tiene intenciones de grabar un video \u201cpara agradecer el apoyo de la gente\u201d. Luego de que circularan versiones sobre una posible vuelta de\u00a0Juan Darth\u00e9s\u00a0al&hellip; <\/p>\n","protected":false},"author":4,"featured_media":66431,"comment_status":"closed","ping_status":"open","sticky":false,"template":"","format":"standard","meta":{"footnotes":""},"categories":[19],"tags":[],"class_list":["post-66430","post","type-post","status-publish","format-standard","has-post-thumbnail","hentry","category-espectaculos"],"_links":{"self":[{"href":"https:\/\/corrientesdetarde.com\/index.php\/wp-json\/wp\/v2\/posts\/66430","targetHints":{"allow":["GET"]}}],"collection":[{"href":"https:\/\/corrientesdetarde.com\/index.php\/wp-json\/wp\/v2\/posts"}],"about":[{"href":"https:\/\/corrientesdetarde.com\/index.php\/wp-json\/wp\/v2\/types\/post"}],"author":[{"embeddable":true,"href":"https:\/\/corrientesdetarde.com\/index.php\/wp-json\/wp\/v2\/users\/4"}],"replies":[{"embeddable":true,"href":"https:\/\/corrientesdetarde.com\/index.php\/wp-json\/wp\/v2\/comments?post=66430"}],"version-history":[{"count":1,"href":"https:\/\/corrientesdetarde.com\/index.php\/wp-json\/wp\/v2\/posts\/66430\/revisions"}],"predecessor-version":[{"id":66432,"href":"https:\/\/corrientesdetarde.com\/index.php\/wp-json\/wp\/v2\/posts\/66430\/revisions\/66432"}],"wp:featuredmedia":[{"embeddable":true,"href":"https:\/\/corrientesdetarde.com\/index.php\/wp-json\/wp\/v2\/media\/66431"}],"wp:attachment":[{"href":"https:\/\/corrientesdetarde.com\/index.php\/wp-json\/wp\/v2\/media?parent=66430"}],"wp:term":[{"taxonomy":"category","embeddable":true,"href":"https:\/\/corrientesdetarde.com\/index.php\/wp-json\/wp\/v2\/categories?post=66430"},{"taxonomy":"post_tag","embeddable":true,"href":"https:\/\/corrientesdetarde.com\/index.php\/wp-json\/wp\/v2\/tags?post=66430"}],"curies":[{"name":"wp","href":"https:\/\/api.w.org\/{rel}","templated":true}]}}