{"id":66435,"date":"2023-06-09T23:42:48","date_gmt":"2023-06-10T02:42:48","guid":{"rendered":"https:\/\/corrientesdetarde.com\/?p=66435"},"modified":"2023-06-09T23:43:06","modified_gmt":"2023-06-10T02:43:06","slug":"desarrollo-social-entrego-kits-de-herramientas-y-semillas-2","status":"publish","type":"post","link":"https:\/\/corrientesdetarde.com\/index.php\/actualidad\/desarrollo-social-entrego-kits-de-herramientas-y-semillas-2\/","title":{"rendered":"Desarrollo Social entreg\u00f3 kits de herramientas y semillas"},"content":{"rendered":"\n<p>El Ministerio de Desarrollo Social de la provincia en el marco del Programa Huertas Institucionales contin\u00faa trabajando con distintas instituciones educativas de toda la provincia.<\/p>\n\n\n\n<p>Este viernes 9, la Direcci\u00f3n de Fortalecimiento Institucional, a cargo del Lic. \u00c1lvaro Rodr\u00edguez,\u00a0\u00a0realiz\u00f3\u00a0una visita a la Escuela N \u00b0 13\u00a0&#8221; Rep\u00fablica del Per\u00fa&#8221;\u00a0ubicado en el Barrio Punta Taitalo, donde se hizo entrega de un kit de herramientas para el trabajo de huerta, que se va desarrollar en el predio de la instituci\u00f3n, con el objetivo de fomentar el trabajo de la tierra, el cultivo de alimentos saludables y la buena alimentaci\u00f3n.<\/p>\n\n\n\n<figure class=\"wp-block-image size-large\"><img loading=\"lazy\" decoding=\"async\" width=\"1024\" height=\"458\" src=\"https:\/\/corrientesdetarde.com\/wp-content\/uploads\/2023\/06\/Captura-de-pantalla-2023-06-09-234016-1024x458.png\" alt=\"\" class=\"wp-image-66442\" srcset=\"https:\/\/corrientesdetarde.com\/wp-content\/uploads\/2023\/06\/Captura-de-pantalla-2023-06-09-234016-1024x458.png 1024w, https:\/\/corrientesdetarde.com\/wp-content\/uploads\/2023\/06\/Captura-de-pantalla-2023-06-09-234016-300x134.png 300w, https:\/\/corrientesdetarde.com\/wp-content\/uploads\/2023\/06\/Captura-de-pantalla-2023-06-09-234016-768x343.png 768w, https:\/\/corrientesdetarde.com\/wp-content\/uploads\/2023\/06\/Captura-de-pantalla-2023-06-09-234016.png 1273w\" sizes=\"auto, (max-width: 1024px) 100vw, 1024px\" \/><\/figure>\n\n\n\n<p>Entre las herramientas entregadas fueron: Carretilla, palas, manguera, rastrillo, regadera y kits de semillas de estaci\u00f3n.<\/p>\n","protected":false},"excerpt":{"rendered":"<p>El Ministerio de Desarrollo Social de la provincia en el marco del Programa Huertas Institucionales contin\u00faa trabajando con distintas instituciones educativas de toda la provincia. Este viernes 9, la Direcci\u00f3n&hellip; <\/p>\n","protected":false},"author":4,"featured_media":66441,"comment_status":"closed","ping_status":"open","sticky":false,"template":"","format":"standard","meta":{"footnotes":""},"categories":[23],"tags":[],"class_list":["post-66435","post","type-post","status-publish","format-standard","has-post-thumbnail","hentry","category-actualidad"],"_links":{"self":[{"href":"https:\/\/corrientesdetarde.com\/index.php\/wp-json\/wp\/v2\/posts\/66435","targetHints":{"allow":["GET"]}}],"collection":[{"href":"https:\/\/corrientesdetarde.com\/index.php\/wp-json\/wp\/v2\/posts"}],"about":[{"href":"https:\/\/corrientesdetarde.com\/index.php\/wp-json\/wp\/v2\/types\/post"}],"author":[{"embeddable":true,"href":"https:\/\/corrientesdetarde.com\/index.php\/wp-json\/wp\/v2\/users\/4"}],"replies":[{"embeddable":true,"href":"https:\/\/corrientesdetarde.com\/index.php\/wp-json\/wp\/v2\/comments?post=66435"}],"version-history":[{"count":1,"href":"https:\/\/corrientesdetarde.com\/index.php\/wp-json\/wp\/v2\/posts\/66435\/revisions"}],"predecessor-version":[{"id":66444,"href":"https:\/\/corrientesdetarde.com\/index.php\/wp-json\/wp\/v2\/posts\/66435\/revisions\/66444"}],"wp:featuredmedia":[{"embeddable":true,"href":"https:\/\/corrientesdetarde.com\/index.php\/wp-json\/wp\/v2\/media\/66441"}],"wp:attachment":[{"href":"https:\/\/corrientesdetarde.com\/index.php\/wp-json\/wp\/v2\/media?parent=66435"}],"wp:term":[{"taxonomy":"category","embeddable":true,"href":"https:\/\/corrientesdetarde.com\/index.php\/wp-json\/wp\/v2\/categories?post=66435"},{"taxonomy":"post_tag","embeddable":true,"href":"https:\/\/corrientesdetarde.com\/index.php\/wp-json\/wp\/v2\/tags?post=66435"}],"curies":[{"name":"wp","href":"https:\/\/api.w.org\/{rel}","templated":true}]}}